{"id":13528,"date":"2020-05-20T11:31:27","date_gmt":"2020-05-20T10:31:27","guid":{"rendered":"http:\/\/bisbalpenedes.com\/web\/?p=13528"},"modified":"2020-05-20T11:33:19","modified_gmt":"2020-05-20T10:33:19","slug":"xerrada-de-la-presidenta-de-la-fegp-neus-lloveras","status":"publish","type":"post","link":"https:\/\/bisbalpenedes.com\/web\/2020\/05\/20\/xerrada-de-la-presidenta-de-la-fegp-neus-lloveras\/","title":{"rendered":"Xerrada de la presidenta de la FEGP, Neus Lloveras"},"content":{"rendered":"<p style=\"text-align: center;\"><iframe loading=\"lazy\" src=\"https:\/\/www.youtube.com\/embed\/KS6gwoFZ63Q\" width=\"560\" height=\"315\" frameborder=\"0\" allowfullscreen=\"allowfullscreen\"><\/iframe><\/p>\n<div class=\"\" data-block=\"true\" data-editor=\"7llob\" data-offset-key=\"a926e-0-0\">\n<div class=\"_1mf _1mj\" data-offset-key=\"a926e-0-0\"><span style=\"color: #000000;\">\u00a0<span data-offset-key=\"a926e-0-0\"><span data-text=\"true\">Avui la presidenta de la <\/span><\/span><span class=\"_247o\" spellcheck=\"false\" data-offset-key=\"a926e-1-0\"><span data-offset-key=\"a926e-1-0\"><span data-text=\"true\">FEGP Gran Pened\u00e8s<\/span><\/span><\/span><span data-offset-key=\"a926e-2-0\"><span data-text=\"true\">, Neus Lloveras, ens ha ofert una xerrada sobre la situaci\u00f3 que ha generat la Covid-19 en l&#8217;\u00e0mbit empresarial. Tamb\u00e9 ens ha parlat del projecte &#8220;Aqu\u00ed d&#8217;aqu\u00ed&#8221;, una plataforma en l\u00ednia per fer m\u00e9s visibles les empreses i professionals del territori. Podreu trobar m\u00e9s informaci\u00f3 sobre la plataforma a l&#8217;enlla\u00e7: <a style=\"color: #000000;\" href=\"https:\/\/bit.ly\/2YVRs3x\" target=\"_blank\">https:\/\/bit.ly\/2YVRs3x<\/a><\/span><\/span><\/span><\/div>\n<\/div>\n<div class=\"\" data-block=\"true\" data-editor=\"7llob\" data-offset-key=\"1cif4-0-0\"><span style=\"color: #000000;\">*Aquest v\u00eddeo s\u2019emmarca dins de les activitats de les III Setmanes de l\u2019Empresa i l\u2019Ocupaci\u00f3, que es duen a terme de l\u201911 al 29 de maig:\u00a0<a href=\"https:\/\/bisbalpenedes.com\/web\/2020\/05\/07\/la-bisbal-del-penedes-celebrara-les-iii-setmanes-de-lempresa-i-locupacio-de-l11-al-29-de-maig\/\">https:\/\/bisbalpenedes.com\/web\/2020\/05\/07\/la-bisbal-del-penedes-celebrara-les-iii-setmanes-de-lempresa-i-locupacio-de-l11-al-29-de-maig\/<\/a><\/span><\/div>\n<div class=\"\" data-block=\"true\" data-editor=\"7llob\" data-offset-key=\"595u0-0-0\">\n<div class=\"_1mf _1mj\" data-offset-key=\"595u0-0-0\">\n<hr \/>\n<\/div>\n<\/div>\n<div class=\"\" data-block=\"true\" data-editor=\"7llob\" data-offset-key=\"3slsi-0-0\">\n<div class=\"_1mf _1mj\" data-offset-key=\"3slsi-0-0\"><span style=\"color: #000000;\"><strong>CASTELLANO |<\/strong> Hoy, la presidenta de la FEGP Gran Pened\u00e8s, Neus Lloveras, nos ha ofrecido una charla sobre la situaci\u00f3n que ha generado el Covid-19 en el \u00e1mbito empresarial. Tambi\u00e9n nos ha hablado del proyecto &#8220;Aqu\u00ed d&#8217;aqu\u00ed&#8221;, una plataforma en l\u00ednea para hacer m\u00e1s visibles a las empresas y profesionales del territorio. En el enlace encontrar\u00e9is m\u00e1s\u00a0informaci\u00f3n: <a style=\"color: #000000;\" href=\"https:\/\/bit.ly\/2YVRs3x\" target=\"_blank\">https:\/\/bit.ly\/2YVRs3x<\/a><\/span><\/div>\n<\/div>\n<div class=\"\" data-block=\"true\" data-editor=\"7llob\" data-offset-key=\"7l10r-0-0\"><span data-offset-key=\"96mqm-0-0\"><span style=\"color: #000000;\">*Este v\u00eddeo se enmarca dentro de las actividades de las III Semanas de la Empresa y la Ocupaci\u00f3n, que se llevan a cabo del 11 al 29 de mayo:<\/span>\u00a0<\/span><a href=\"https:\/\/bisbalpenedes.com\/web\/2020\/05\/07\/la-bisbal-del-penedes-celebrara-les-iii-setmanes-de-lempresa-i-locupacio-de-l11-al-29-de-maig\/\">https:\/\/bisbalpenedes.com\/web\/2020\/05\/07\/la-bisbal-del-penedes-celebrara-les-iii-setmanes-de-lempresa-i-locupacio-de-l11-al-29-de-maig\/<\/a><\/div>\n<div class=\"\" data-block=\"true\" data-editor=\"7llob\" data-offset-key=\"1o98u-0-0\"><\/div>\n","protected":false},"excerpt":{"rendered":"<p>\u00a0Avui la presidenta de la FEGP Gran Pened\u00e8s, Neus Lloveras, ens ha ofert una xerrada sobre la situaci\u00f3 que ha generat la Covid-19 en l&#8217;\u00e0mbit empresarial. Tamb\u00e9 ens ha parlat &hellip; <a href=\"https:\/\/bisbalpenedes.com\/web\/2020\/05\/20\/xerrada-de-la-presidenta-de-la-fegp-neus-lloveras\/\" class=\"more-link\">Read More<\/a><\/p>\n","protected":false},"author":4,"featured_media":13529,"comment_status":"closed","ping_status":"closed","sticky":false,"template":"","format":"standard","meta":[],"categories":[3822],"tags":[3827,163,162,1327,937],"_links":{"self":[{"href":"https:\/\/bisbalpenedes.com\/web\/wp-json\/wp\/v2\/posts\/13528"}],"collection":[{"href":"https:\/\/bisbalpenedes.com\/web\/wp-json\/wp\/v2\/posts"}],"about":[{"href":"https:\/\/bisbalpenedes.com\/web\/wp-json\/wp\/v2\/types\/post"}],"author":[{"embeddable":true,"href":"https:\/\/bisbalpenedes.com\/web\/wp-json\/wp\/v2\/users\/4"}],"replies":[{"embeddable":true,"href":"https:\/\/bisbalpenedes.com\/web\/wp-json\/wp\/v2\/comments?post=13528"}],"version-history":[{"count":3,"href":"https:\/\/bisbalpenedes.com\/web\/wp-json\/wp\/v2\/posts\/13528\/revisions"}],"predecessor-version":[{"id":13532,"href":"https:\/\/bisbalpenedes.com\/web\/wp-json\/wp\/v2\/posts\/13528\/revisions\/13532"}],"wp:featuredmedia":[{"embeddable":true,"href":"https:\/\/bisbalpenedes.com\/web\/wp-json\/wp\/v2\/media\/13529"}],"wp:attachment":[{"href":"https:\/\/bisbalpenedes.com\/web\/wp-json\/wp\/v2\/media?parent=13528"}],"wp:term":[{"taxonomy":"category","embeddable":true,"href":"https:\/\/bisbalpenedes.com\/web\/wp-json\/wp\/v2\/categories?post=13528"},{"taxonomy":"post_tag","embeddable":true,"href":"https:\/\/bisbalpenedes.com\/web\/wp-json\/wp\/v2\/tags?post=13528"}],"curies":[{"name":"wp","href":"https:\/\/api.w.org\/{rel}","templated":true}]}}