{"id":13515,"date":"2020-05-20T10:23:45","date_gmt":"2020-05-20T09:23:45","guid":{"rendered":"http:\/\/bisbalpenedes.com\/web\/?p=13515"},"modified":"2020-05-21T17:58:28","modified_gmt":"2020-05-21T16:58:28","slug":"subvencions-per-a-autonoms-i-petites-empreses-afectades-pel-covid","status":"publish","type":"post","link":"https:\/\/bisbalpenedes.com\/web\/2020\/05\/20\/subvencions-per-a-autonoms-i-petites-empreses-afectades-pel-covid\/","title":{"rendered":"SUBVENCIONS PER A AUT\u00d2NOMS I PETITES EMPRESES AFECTADES PEL COVID"},"content":{"rendered":"<p>SUBVENCIONS A LES PERSONES AUT\u00d2NOMES I PETITES EMPRESES DE LA BISBAL DEL PENED\u00c8S AFECTADES PER LA SITUACI\u00d3 GENERADA PER LA COVID-19<br \/>\nBOPT n\u00fam. 2020 \u2013 02712 del 19 de maig de 2020<\/p>\n<p>&#8211; Com podeu sol.licitar la subvenci\u00f3<br \/>\n<strong><br \/>\n1. Descarregueu-vos i ompliu el FORMULARI DE SOL.LICITUD que trobareu aqui <\/p>\n<p><a href=\"http:\/\/bisbalpenedes.com\/web\/wp-content\/uploads\/2020\/05\/SOLAUTEMPCOV.pdf\">Sol_autonoms_empreses_Covid19 format PDF<\/a><\/p>\n<p>2. Descarregueu i ompliu el formulari de DECLARACI\u00d3 RESPONSABLE<\/p>\n<p><a href=\"http:\/\/bisbalpenedes.com\/web\/wp-content\/uploads\/2020\/05\/DECRESPAUTEMPCOV.pdf\">Declaracio_responsable_Covid19 format PDF<\/a><\/p>\n<p>3. Descarregueu i ompliu el formulari de DADES BANC\u00c0RIES<br \/>\nIMPORTANT: el document de les dades banc\u00e0ries ha d&#8217;estar signat pel vostre banc o en defecte adjunteu el certificat de titularitat banc\u00e0ria que es pot trobar a les oficines online de la vostra caixa o banc <\/p>\n<p><a href=\"http:\/\/bisbalpenedes.com\/web\/wp-content\/uploads\/2020\/05\/DADAUTBANCCOV.pdf\">Dades_bancaries format PDF<\/a><\/p>\n<p>4. Ompliu els formularis, SIGNEU-LOS i envieu-los juntament amb la documentaci\u00f3 que se us sol.licita mitjan\u00e7ant INSTANCIA GENERAL &#8211; TRAMITACIO ELECTRONICA per la seu electronica de l&#8217;Ajuntament de la Bisbal del Pened\u00e8s al seg\u00fcent enlla\u00e7<\/p>\n<p><a href=\"https:\/\/bisbalpenedes.eadministracio.cat\/\">https:\/\/bisbalpenedes.eadministracio.cat\/<\/a><\/strong><\/p>\n<p>Per accedir a la Seu electr\u00f2nica haureu de disposar d&#8217;un certificat digital o podeu accedir tamb\u00e9 amb l&#8217;IDCAT Mobil<\/p>\n<p>Per a qualsevol dubte podeu trucar al 977688438 de les 9 a les 2<\/p>\n","protected":false},"excerpt":{"rendered":"<p>SUBVENCIONS A LES PERSONES AUT\u00d2NOMES I PETITES EMPRESES DE LA BISBAL DEL PENED\u00c8S AFECTADES PER LA SITUACI\u00d3 GENERADA PER LA COVID-19 BOPT n\u00fam. 2020 \u2013 02712 del 19 de maig &hellip; <a href=\"https:\/\/bisbalpenedes.com\/web\/2020\/05\/20\/subvencions-per-a-autonoms-i-petites-empreses-afectades-pel-covid\/\" class=\"more-link\">Read More<\/a><\/p>\n","protected":false},"author":1,"featured_media":12172,"comment_status":"closed","ping_status":"closed","sticky":false,"template":"","format":"standard","meta":[],"categories":[8],"tags":[],"_links":{"self":[{"href":"https:\/\/bisbalpenedes.com\/web\/wp-json\/wp\/v2\/posts\/13515"}],"collection":[{"href":"https:\/\/bisbalpenedes.com\/web\/wp-json\/wp\/v2\/posts"}],"about":[{"href":"https:\/\/bisbalpenedes.com\/web\/wp-json\/wp\/v2\/types\/post"}],"author":[{"embeddable":true,"href":"https:\/\/bisbalpenedes.com\/web\/wp-json\/wp\/v2\/users\/1"}],"replies":[{"embeddable":true,"href":"https:\/\/bisbalpenedes.com\/web\/wp-json\/wp\/v2\/comments?post=13515"}],"version-history":[{"count":7,"href":"https:\/\/bisbalpenedes.com\/web\/wp-json\/wp\/v2\/posts\/13515\/revisions"}],"predecessor-version":[{"id":13521,"href":"https:\/\/bisbalpenedes.com\/web\/wp-json\/wp\/v2\/posts\/13515\/revisions\/13521"}],"wp:featuredmedia":[{"embeddable":true,"href":"https:\/\/bisbalpenedes.com\/web\/wp-json\/wp\/v2\/media\/12172"}],"wp:attachment":[{"href":"https:\/\/bisbalpenedes.com\/web\/wp-json\/wp\/v2\/media?parent=13515"}],"wp:term":[{"taxonomy":"category","embeddable":true,"href":"https:\/\/bisbalpenedes.com\/web\/wp-json\/wp\/v2\/categories?post=13515"},{"taxonomy":"post_tag","embeddable":true,"href":"https:\/\/bisbalpenedes.com\/web\/wp-json\/wp\/v2\/tags?post=13515"}],"curies":[{"name":"wp","href":"https:\/\/api.w.org\/{rel}","templated":true}]}}