{"id":1351,"date":"2016-01-20T17:30:50","date_gmt":"2016-01-20T11:30:50","guid":{"rendered":"http:\/\/bisbalpenedes.com\/web\/?p=1351"},"modified":"2016-01-20T17:30:50","modified_gmt":"2016-01-20T11:30:50","slug":"som-bisbal-fp-dual-remunerada-a-alemanya","status":"publish","type":"post","link":"https:\/\/bisbalpenedes.com\/web\/2016\/01\/20\/som-bisbal-fp-dual-remunerada-a-alemanya\/","title":{"rendered":"SOM Bisbal; FP Dual Remunerada a Alemanya"},"content":{"rendered":"<p>La Regidoria de Joventut us informa de la FP Dual Remunerada a Alemanya per al curs 2016-2017, a trav\u00e9s de l\u2019associaci\u00f3 b4m i l&#8217;Oficina Jove del Baix Pened\u00e8s.<br \/>\nQualsevol jove es pot informar dels requisits necessaris i de les passes a seguir, i apuntar-se a la Sessi\u00f3 informativa del proper dilluns 1 de febrer al SOM, Servei d&#8217;Ocupaci\u00f3 Municipal de l&#8217;Ajuntament de la Bisbal del Pened\u00e8s. Pla Major, 11-13. telf 977169926<\/p>\n<p><a href=\"http:\/\/bisbalpenedes.com\/web\/wp-content\/uploads\/2016\/01\/fp_dual_2016b.jpg\"><img loading=\"lazy\" src=\"http:\/\/bisbalpenedes.com\/web\/wp-content\/uploads\/2016\/01\/fp_dual_2016b-723x1024.jpg\" alt=\"\" title=\"fp_dual_2016b\" width=\"630\" height=\"892\" class=\"alignleft size-large wp-image-1352\" srcset=\"https:\/\/bisbalpenedes.com\/web\/wp-content\/uploads\/2016\/01\/fp_dual_2016b-723x1024.jpg 723w, https:\/\/bisbalpenedes.com\/web\/wp-content\/uploads\/2016\/01\/fp_dual_2016b-600x849.jpg 600w, https:\/\/bisbalpenedes.com\/web\/wp-content\/uploads\/2016\/01\/fp_dual_2016b-212x300.jpg 212w, https:\/\/bisbalpenedes.com\/web\/wp-content\/uploads\/2016\/01\/fp_dual_2016b.jpg 1240w\" sizes=\"(max-width: 630px) 100vw, 630px\" \/><\/a><\/p>\n","protected":false},"excerpt":{"rendered":"<p>La Regidoria de Joventut us informa de la FP Dual Remunerada a Alemanya per al curs 2016-2017, a trav\u00e9s de l\u2019associaci\u00f3 b4m i l&#8217;Oficina Jove del Baix Pened\u00e8s. Qualsevol jove &hellip; <a href=\"https:\/\/bisbalpenedes.com\/web\/2016\/01\/20\/som-bisbal-fp-dual-remunerada-a-alemanya\/\" class=\"more-link\">Read More<\/a><\/p>\n","protected":false},"author":1,"featured_media":1352,"comment_status":"closed","ping_status":"open","sticky":false,"template":"","format":"standard","meta":[],"categories":[9],"tags":[151,150,10],"_links":{"self":[{"href":"https:\/\/bisbalpenedes.com\/web\/wp-json\/wp\/v2\/posts\/1351"}],"collection":[{"href":"https:\/\/bisbalpenedes.com\/web\/wp-json\/wp\/v2\/posts"}],"about":[{"href":"https:\/\/bisbalpenedes.com\/web\/wp-json\/wp\/v2\/types\/post"}],"author":[{"embeddable":true,"href":"https:\/\/bisbalpenedes.com\/web\/wp-json\/wp\/v2\/users\/1"}],"replies":[{"embeddable":true,"href":"https:\/\/bisbalpenedes.com\/web\/wp-json\/wp\/v2\/comments?post=1351"}],"version-history":[{"count":1,"href":"https:\/\/bisbalpenedes.com\/web\/wp-json\/wp\/v2\/posts\/1351\/revisions"}],"predecessor-version":[{"id":1353,"href":"https:\/\/bisbalpenedes.com\/web\/wp-json\/wp\/v2\/posts\/1351\/revisions\/1353"}],"wp:featuredmedia":[{"embeddable":true,"href":"https:\/\/bisbalpenedes.com\/web\/wp-json\/wp\/v2\/media\/1352"}],"wp:attachment":[{"href":"https:\/\/bisbalpenedes.com\/web\/wp-json\/wp\/v2\/media?parent=1351"}],"wp:term":[{"taxonomy":"category","embeddable":true,"href":"https:\/\/bisbalpenedes.com\/web\/wp-json\/wp\/v2\/categories?post=1351"},{"taxonomy":"post_tag","embeddable":true,"href":"https:\/\/bisbalpenedes.com\/web\/wp-json\/wp\/v2\/tags?post=1351"}],"curies":[{"name":"wp","href":"https:\/\/api.w.org\/{rel}","templated":true}]}}