{"id":13486,"date":"2020-05-20T08:42:24","date_gmt":"2020-05-20T07:42:24","guid":{"rendered":"http:\/\/bisbalpenedes.com\/web\/?p=13486"},"modified":"2020-05-20T08:43:38","modified_gmt":"2020-05-20T07:43:38","slug":"a-partir-de-dema-dijous-21-de-maig-sera-obligatori-portar-mascareta-a-la-via-publica","status":"publish","type":"post","link":"https:\/\/bisbalpenedes.com\/web\/2020\/05\/20\/a-partir-de-dema-dijous-21-de-maig-sera-obligatori-portar-mascareta-a-la-via-publica\/","title":{"rendered":"A partir de dem\u00e0 dijous 21 de maig ser\u00e0 obligatori dur mascareta a la via p\u00fablica"},"content":{"rendered":"<p style=\"text-align: justify;\"><a href=\"http:\/\/bisbalpenedes.com\/web\/wp-content\/uploads\/2020\/05\/EBANDO-MASCARETA.jpg\"><img loading=\"lazy\" class=\"aligncenter size-large wp-image-13487\" src=\"http:\/\/bisbalpenedes.com\/web\/wp-content\/uploads\/2020\/05\/EBANDO-MASCARETA-1024x576.jpg\" alt=\"EBANDO MASCARETA\" width=\"630\" height=\"354\" srcset=\"https:\/\/bisbalpenedes.com\/web\/wp-content\/uploads\/2020\/05\/EBANDO-MASCARETA-1024x576.jpg 1024w, https:\/\/bisbalpenedes.com\/web\/wp-content\/uploads\/2020\/05\/EBANDO-MASCARETA-600x338.jpg 600w, https:\/\/bisbalpenedes.com\/web\/wp-content\/uploads\/2020\/05\/EBANDO-MASCARETA-300x169.jpg 300w, https:\/\/bisbalpenedes.com\/web\/wp-content\/uploads\/2020\/05\/EBANDO-MASCARETA-768x432.jpg 768w, https:\/\/bisbalpenedes.com\/web\/wp-content\/uploads\/2020\/05\/EBANDO-MASCARETA.jpg 1600w\" sizes=\"(max-width: 630px) 100vw, 630px\" \/><\/a><\/p>\n<p style=\"text-align: justify;\"><span style=\"color: #000000;\">El BOE ha publicat l\u2019Ordre SND\/422\/2020, de 19 de maig, per la qual es regulen les condicions per a l\u2019\u00fas obligatori de mascareta durant la situaci\u00f3 de crisi sanit\u00e0ria ocasionada per la Covid-19.<\/span><\/p>\n<p style=\"text-align: justify;\"><span style=\"color: #000000;\">A partir de dem\u00e0 dijous 21 de maig ser\u00e0 obligatori que les persones de sis anys en endavant portin mascareta a la via p\u00fablica, als espais a l\u2019aire lliure i en qualsevol espai tancat d\u2019\u00fas p\u00fablic o que es trobi obert al p\u00fablic, sempre que no sigui possible mantenir la dist\u00e0ncia de seguretat interpersonal d\u2019almenys dos metres.<\/span><\/p>\n<p style=\"text-align: justify;\"><span style=\"color: #000000;\">Aquesta obligaci\u00f3 no ser\u00e0 exigible en els seg\u00fcents sup\u00f2sits:<\/span><\/p>\n<p style=\"padding-left: 30px; text-align: justify;\"><span style=\"color: #000000;\">a) Persones que presentin alguna mena de dificultat respirat\u00f2ria que es pugui veure agreujada per l\u2019\u00fas de la mascareta.<\/span><\/p>\n<p style=\"padding-left: 30px; text-align: justify;\"><span style=\"color: #000000;\">b) Persones en les quals l\u2019\u00fas de la mascareta resulti contraindicat per motius de salut degudament justificats, o que per la seva situaci\u00f3 de discapacitat o depend\u00e8ncia presentin alteracions en la conducta que facin inviable la seva utilitzaci\u00f3.<\/span><\/p>\n<p style=\"padding-left: 30px; text-align: justify;\"><span style=\"color: #000000;\">c) Desenvolupament d\u2019activitats en les quals, per la seva pr\u00f2pia naturalesa, resulti incompatible l\u2019\u00fas de la mascareta.<\/span><\/p>\n<p style=\"padding-left: 30px; text-align: justify;\"><span style=\"color: #000000;\">d) Causa de for\u00e7a major o situaci\u00f3 de necessitat.<\/span><\/p>\n<p style=\"text-align: justify;\"><span style=\"color: #000000;\">Podeu accedir a l\u2019Ordre publicada al BOE entrant a l\u2019enlla\u00e7:<\/span> <a href=\"https:\/\/www.boe.es\/boe\/dias\/2020\/05\/20\/pdfs\/BOE-A-2020-5142.pdf\">https:\/\/www.boe.es\/boe\/dias\/2020\/05\/20\/pdfs\/BOE-A-2020-5142.pdf<\/a><\/p>\n<hr \/>\n<p style=\"text-align: justify;\"><strong>CASTELLANO |<\/strong> <span style=\"color: #000000;\">El BOE ha publicado la Orden SND\/422\/2020, de 19 de mayo, por la cual se regulan las condiciones para el uso obligatorio de mascarilla durante la situaci\u00f3n de crisis sanitaria ocasionada por el Covid-19.<\/span><\/p>\n<p style=\"text-align: justify;\"><span style=\"color: #000000;\">A partir de ma\u00f1ana jueves 21 de mayo ser\u00e1 obligatorio que las personas de seis a\u00f1os en adelante lleven mascarilla en la v\u00eda p\u00fablica, en espacios al aire libre y en cualquier espacio cerrado de uso p\u00fablico que se encuentre abierto al p\u00fablico, siempre que no sea posible mantener la distancia de seguridad interpersonal de al menos dos metros.<\/span><\/p>\n<p style=\"text-align: justify;\"><span style=\"color: #000000;\">Esta obligaci\u00f3n no ser\u00e1 exigible en los siguientes supuestos:<\/span><\/p>\n<p style=\"padding-left: 30px; text-align: justify;\"><span style=\"color: #000000;\">a) Personas que presenten alg\u00fan tipo de dificultad respiratoria que pueda verse agravada por el uso de mascarilla.<\/span><\/p>\n<p style=\"padding-left: 30px; text-align: justify;\"><span style=\"color: #000000;\">b) Personas en las que el uso de mascarilla resulte contraindicado por motivos de salud debidamente justificados, o que por su situaci\u00f3n de discapacidad o dependencia presenten alteraciones de conducta que hagan inviable su utilizaci\u00f3n.<\/span><\/p>\n<p style=\"padding-left: 30px; text-align: justify;\"><span style=\"color: #000000;\">c) Desarrollo de actividades en las que, por la propia naturaleza de estas, resulte incompatible el uso de la mascarilla.<\/span><\/p>\n<p style=\"padding-left: 30px; text-align: justify;\"><span style=\"color: #000000;\">d) Causa de fuerza mayor o situaci\u00f3n de necesidad.<\/span><\/p>\n<p style=\"text-align: justify;\"><span style=\"color: #000000;\">Pod\u00e9is acceder a la Orden publicada en el BOE entrando en el enlace:<\/span> <a href=\"https:\/\/www.boe.es\/boe\/dias\/2020\/05\/20\/pdfs\/BOE-A-2020-5142.pdf\">https:\/\/www.boe.es\/boe\/dias\/2020\/05\/20\/pdfs\/BOE-A-2020-5142.pdf<\/a><\/p>\n<p>&nbsp;<\/p>\n","protected":false},"excerpt":{"rendered":"<p>El BOE ha publicat l\u2019Ordre SND\/422\/2020, de 19 de maig, per la qual es regulen les condicions per a l\u2019\u00fas obligatori de mascareta durant la situaci\u00f3 de crisi sanit\u00e0ria ocasionada &hellip; <a href=\"https:\/\/bisbalpenedes.com\/web\/2020\/05\/20\/a-partir-de-dema-dijous-21-de-maig-sera-obligatori-portar-mascareta-a-la-via-publica\/\" class=\"more-link\">Read More<\/a><\/p>\n","protected":false},"author":4,"featured_media":13487,"comment_status":"closed","ping_status":"closed","sticky":false,"template":"","format":"standard","meta":[],"categories":[3636,8,14],"tags":[3823,3724,3824,1930],"_links":{"self":[{"href":"https:\/\/bisbalpenedes.com\/web\/wp-json\/wp\/v2\/posts\/13486"}],"collection":[{"href":"https:\/\/bisbalpenedes.com\/web\/wp-json\/wp\/v2\/posts"}],"about":[{"href":"https:\/\/bisbalpenedes.com\/web\/wp-json\/wp\/v2\/types\/post"}],"author":[{"embeddable":true,"href":"https:\/\/bisbalpenedes.com\/web\/wp-json\/wp\/v2\/users\/4"}],"replies":[{"embeddable":true,"href":"https:\/\/bisbalpenedes.com\/web\/wp-json\/wp\/v2\/comments?post=13486"}],"version-history":[{"count":2,"href":"https:\/\/bisbalpenedes.com\/web\/wp-json\/wp\/v2\/posts\/13486\/revisions"}],"predecessor-version":[{"id":13489,"href":"https:\/\/bisbalpenedes.com\/web\/wp-json\/wp\/v2\/posts\/13486\/revisions\/13489"}],"wp:featuredmedia":[{"embeddable":true,"href":"https:\/\/bisbalpenedes.com\/web\/wp-json\/wp\/v2\/media\/13487"}],"wp:attachment":[{"href":"https:\/\/bisbalpenedes.com\/web\/wp-json\/wp\/v2\/media?parent=13486"}],"wp:term":[{"taxonomy":"category","embeddable":true,"href":"https:\/\/bisbalpenedes.com\/web\/wp-json\/wp\/v2\/categories?post=13486"},{"taxonomy":"post_tag","embeddable":true,"href":"https:\/\/bisbalpenedes.com\/web\/wp-json\/wp\/v2\/tags?post=13486"}],"curies":[{"name":"wp","href":"https:\/\/api.w.org\/{rel}","templated":true}]}}