{"id":13479,"date":"2020-05-19T10:53:29","date_gmt":"2020-05-19T09:53:29","guid":{"rendered":"http:\/\/bisbalpenedes.com\/web\/?p=13479"},"modified":"2020-05-19T10:56:40","modified_gmt":"2020-05-19T09:56:40","slug":"del-20-de-maig-al-16-de-juny-es-podran-sollicitar-les-subvencions-per-a-persones-i-unitats-familiars-afectades-per-la-crisi-sanitaria-de-la-covid-19","status":"publish","type":"post","link":"https:\/\/bisbalpenedes.com\/web\/2020\/05\/19\/del-20-de-maig-al-16-de-juny-es-podran-sollicitar-les-subvencions-per-a-persones-i-unitats-familiars-afectades-per-la-crisi-sanitaria-de-la-covid-19\/","title":{"rendered":"Del 20 de maig al 16 de juny es podran sol\u00b7licitar les subvencions per a persones i unitats familiars afectades per la crisi sanit\u00e0ria de la Covid-19"},"content":{"rendered":"<p style=\"text-align: justify;\"><a href=\"http:\/\/bisbalpenedes.com\/web\/wp-content\/uploads\/2020\/05\/CARTELL-AJUTS-TREBALLADORS-OPT.jpg\"><img loading=\"lazy\" class=\"aligncenter wp-image-13365\" src=\"http:\/\/bisbalpenedes.com\/web\/wp-content\/uploads\/2020\/05\/CARTELL-AJUTS-TREBALLADORS-OPT.jpg\" alt=\"CARTELL AJUTS TREBALLADORS OPT\" width=\"717\" height=\"717\" srcset=\"https:\/\/bisbalpenedes.com\/web\/wp-content\/uploads\/2020\/05\/CARTELL-AJUTS-TREBALLADORS-OPT.jpg 960w, https:\/\/bisbalpenedes.com\/web\/wp-content\/uploads\/2020\/05\/CARTELL-AJUTS-TREBALLADORS-OPT-300x300.jpg 300w, https:\/\/bisbalpenedes.com\/web\/wp-content\/uploads\/2020\/05\/CARTELL-AJUTS-TREBALLADORS-OPT-100x100.jpg 100w, https:\/\/bisbalpenedes.com\/web\/wp-content\/uploads\/2020\/05\/CARTELL-AJUTS-TREBALLADORS-OPT-600x600.jpg 600w, https:\/\/bisbalpenedes.com\/web\/wp-content\/uploads\/2020\/05\/CARTELL-AJUTS-TREBALLADORS-OPT-150x150.jpg 150w, https:\/\/bisbalpenedes.com\/web\/wp-content\/uploads\/2020\/05\/CARTELL-AJUTS-TREBALLADORS-OPT-768x768.jpg 768w\" sizes=\"(max-width: 717px) 100vw, 717px\" \/><\/a><\/p>\n<p style=\"text-align: justify;\"><span style=\"color: #000000;\">Les Regidories de Benestar Social\u00a0i Ocupaci\u00f3 us informen\u00a0que, del 20 de maig al 16 de juny, ambd\u00f3s inclosos, es poden demanar les subvencions per a persones i unitats familiars afectades per la crisi sanit\u00e0ria de la Covid-19.<\/span><\/p>\n<p style=\"text-align: justify;\"><span style=\"color: #000000;\">Finalitat de les subvencions: Ajudar les persones i unitats familiars o de conviv\u00e8ncia afectades per la situaci\u00f3 generada per la Covid-19 a fer front a les despeses derivades del lloguer o de la hipoteca de l\u2019habitatge habitual, els subministraments b\u00e0sics (llum i aigua) i de l\u2019adquisici\u00f3 de productes d\u2019alimentaci\u00f3 i farm\u00e0cia.<\/span><\/p>\n<p style=\"text-align: justify;\"><span style=\"color: #000000;\">Es poden presentar sol\u00b7licituds del dimecres 20 de maig al dimarts 16 de juny de 2020 i s\u2019hauran de presentar mitjan\u00e7ant el Registre d\u2019entrada de l\u2019Ajuntament o a trav\u00e9s de qualsevol dels mitjans assenyalats en l\u2019article 16.4 de la Llei 39\/2015, de l\u20191 d\u2019octubre, del procediment administratiu com\u00fa de les Administracions P\u00fabliques. No obstant aix\u00f2, <strong>durant la vig\u00e8ncia de l\u2019estat d\u2019alarma, les sol\u00b7licituds s\u2019hauran de presentar a trav\u00e9s de la seu electr\u00f2nica de l\u2019Ajuntament (www.bisbalpenedes.com).<\/strong><\/span><\/p>\n<p style=\"text-align: justify;\"><span style=\"color: #000000;\">Podeu consultar les bases d\u2019aquesta subvenci\u00f3 al BOPT:<\/span><\/p>\n<p style=\"text-align: justify;\"><span style=\"color: #000000;\"><a style=\"color: #000000;\" href=\"https:\/\/www.diputaciodetarragona.cat\/ebop\/index.php?op=dwn&amp;tipus=i&amp;data=20200519&amp;anyp=2020&amp;num=02711&amp;v=i\">https:\/\/www.diputaciodetarragona.cat\/ebop\/index.php?op=dwn&amp;tipus=i&amp;data=20200519&amp;anyp=2020&amp;num=02711&amp;v=i<\/a><\/span><\/p>\n<p style=\"text-align: justify;\"><span style=\"color: #000000;\">Si no teniu certificat digital, en aquest enlla\u00e7 us expliquem com obtenir el certificat idCAT per fer tr\u00e0mits i gestions en l\u00ednia: <a style=\"color: #000000;\" href=\"https:\/\/bisbalpenedes.com\/web\/2020\/05\/15\/informacio-sobre-la-sollicitud-i-validacio-del-certificat-digital-idcat-a-lajuntament-de-la-bisbal-del-penedes\/\">https:\/\/bisbalpenedes.com\/web\/2020\/05\/15\/informacio-sobre-la-sollicitud-i-validacio-del-certificat-digital-idcat-a-lajuntament-de-la-bisbal-del-penedes\/<\/a><\/span><\/p>\n<p style=\"text-align: justify;\"><span style=\"color: #000000;\">*A partir d&#8217;aquest dimecres 20 de maig disposareu de tots els models per sol\u00b7licitar la subvenci\u00f3 a la p\u00e0gina web municipal.<\/span><\/p>\n<hr \/>\n<p style=\"text-align: justify;\"><span style=\"color: #000000;\"><strong>CASTELLANO |<\/strong> Las Concejal\u00edas de Bienestar Social y Ocupaci\u00f3n os informan que, del 20 de mayo al 16 de junio, ambos incluidos, se pueden solicitar las subvenciones para personas y unidades familiares afectadas por la crisis sanitaria del Covid-19.<\/span><\/p>\n<p style=\"text-align: justify;\"><span style=\"color: #000000;\">Finalidad de las subvenciones: Ayudar a las personas y unidades familiares o de convivencia afectadas por la situaci\u00f3n generada por el Covid-19 a hacer frente a los gastos derivados del alquiler o de la hipoteca de la vivienda habitual, los suministros b\u00e1sicos (luz y agua) y de adquisici\u00f3n de productos de alimentaci\u00f3n y farmacia.<\/span><\/p>\n<p style=\"text-align: justify;\"><span style=\"color: #000000;\">Se pueden presentar solicitudes del martes 20 de mayo al mi\u00e9rcoles 16 de junio de 2020 y se tendr\u00e1n que presentar mediante el Registro de entrada del Ayuntamiento o a trav\u00e9s de cualquiera de los medios se\u00f1alados en el art\u00edculo 16.4 de la Ley 39\/2015, del 1 de octubre, del procedimiento administrativo com\u00fan de las Administraciones P\u00fablicas. No obstante, durante la vigencia del estado de alarma, las solicitudes se tendr\u00e1n que presentar a trav\u00e9s de la sede electr\u00f3nica del Ayuntamiento (<a style=\"color: #000000;\" href=\"http:\/\/www.bisbalpenedes.com\">www.bisbalpenedes.com<\/a>).<\/span><\/p>\n<p style=\"text-align: justify;\"><span style=\"color: #000000;\">Pod\u00e9is consultar las bases de esta subvenci\u00f3n en el BOPT: <a style=\"color: #000000;\" href=\"https:\/\/www.diputaciodetarragona.cat\/ebop\/index.php?op=dwn&amp;tipus=i&amp;data=20200519&amp;anyp=2020&amp;num=02711&amp;v=i\">https:\/\/www.diputaciodetarragona.cat\/ebop\/index.php?op=dwn&amp;tipus=i&amp;data=20200519&amp;anyp=2020&amp;num=02711&amp;v=i<\/a><\/span><\/p>\n<p style=\"text-align: justify;\"><span style=\"color: #000000;\">Si no ten\u00e9is certificado digital, en este enlace os explicamos c\u00f3mo obtener el certificado idCAT para hacer tr\u00e1mites y gestiones en l\u00ednea: \u00a0<a style=\"color: #000000;\" href=\"https:\/\/bisbalpenedes.com\/web\/2020\/05\/15\/informacio-sobre-la-sollicitud-i-validacio-del-certificat-digital-idcat-a-lajuntament-de-la-bisbal-del-penedes\/\">https:\/\/bisbalpenedes.com\/web\/2020\/05\/15\/informacio-sobre-la-sollicitud-i-validacio-del-certificat-digital-idcat-a-lajuntament-de-la-bisbal-del-penedes\/<\/a><\/span><\/p>\n<p><span style=\"color: #000000;\">*A partir de este mi\u00e9rcoles 20 de mayo dispondr\u00e9is de todos los modelos para solicitar la subvenci\u00f3n en la p\u00e1gina web municipal.<\/span><\/p>\n","protected":false},"excerpt":{"rendered":"<p>Les Regidories de Benestar Social\u00a0i Ocupaci\u00f3 us informen\u00a0que, del 20 de maig al 16 de juny, ambd\u00f3s inclosos, es poden demanar les subvencions per a persones i unitats familiars afectades &hellip; <a href=\"https:\/\/bisbalpenedes.com\/web\/2020\/05\/19\/del-20-de-maig-al-16-de-juny-es-podran-sollicitar-les-subvencions-per-a-persones-i-unitats-familiars-afectades-per-la-crisi-sanitaria-de-la-covid-19\/\" class=\"more-link\">Read More<\/a><\/p>\n","protected":false},"author":4,"featured_media":13365,"comment_status":"closed","ping_status":"closed","sticky":false,"template":"","format":"standard","meta":[],"categories":[975,8,9],"tags":[959,3559,3796,749],"_links":{"self":[{"href":"https:\/\/bisbalpenedes.com\/web\/wp-json\/wp\/v2\/posts\/13479"}],"collection":[{"href":"https:\/\/bisbalpenedes.com\/web\/wp-json\/wp\/v2\/posts"}],"about":[{"href":"https:\/\/bisbalpenedes.com\/web\/wp-json\/wp\/v2\/types\/post"}],"author":[{"embeddable":true,"href":"https:\/\/bisbalpenedes.com\/web\/wp-json\/wp\/v2\/users\/4"}],"replies":[{"embeddable":true,"href":"https:\/\/bisbalpenedes.com\/web\/wp-json\/wp\/v2\/comments?post=13479"}],"version-history":[{"count":3,"href":"https:\/\/bisbalpenedes.com\/web\/wp-json\/wp\/v2\/posts\/13479\/revisions"}],"predecessor-version":[{"id":13484,"href":"https:\/\/bisbalpenedes.com\/web\/wp-json\/wp\/v2\/posts\/13479\/revisions\/13484"}],"wp:featuredmedia":[{"embeddable":true,"href":"https:\/\/bisbalpenedes.com\/web\/wp-json\/wp\/v2\/media\/13365"}],"wp:attachment":[{"href":"https:\/\/bisbalpenedes.com\/web\/wp-json\/wp\/v2\/media?parent=13479"}],"wp:term":[{"taxonomy":"category","embeddable":true,"href":"https:\/\/bisbalpenedes.com\/web\/wp-json\/wp\/v2\/categories?post=13479"},{"taxonomy":"post_tag","embeddable":true,"href":"https:\/\/bisbalpenedes.com\/web\/wp-json\/wp\/v2\/tags?post=13479"}],"curies":[{"name":"wp","href":"https:\/\/api.w.org\/{rel}","templated":true}]}}