{"id":13477,"date":"2020-05-19T10:53:09","date_gmt":"2020-05-19T09:53:09","guid":{"rendered":"http:\/\/bisbalpenedes.com\/web\/?p=13477"},"modified":"2020-05-19T10:57:06","modified_gmt":"2020-05-19T09:57:06","slug":"del-20-de-maig-al-16-de-juny-es-poden-demanar-les-subvencions-per-a-persones-autonomes-i-petites-empreses-afectades-per-la-covid-19","status":"publish","type":"post","link":"https:\/\/bisbalpenedes.com\/web\/2020\/05\/19\/del-20-de-maig-al-16-de-juny-es-poden-demanar-les-subvencions-per-a-persones-autonomes-i-petites-empreses-afectades-per-la-covid-19\/","title":{"rendered":"Del 20 de maig al 16 de juny es podran demanar les subvencions per a professionals aut\u00f2noms i petites empreses afectades per la Covid-19"},"content":{"rendered":"<p><a href=\"http:\/\/bisbalpenedes.com\/web\/wp-content\/uploads\/2020\/05\/fondo_semana_empresa_2020_CARTELL_aut.jpg\"><img loading=\"lazy\" class=\"aligncenter size-large wp-image-13367\" src=\"http:\/\/bisbalpenedes.com\/web\/wp-content\/uploads\/2020\/05\/fondo_semana_empresa_2020_CARTELL_aut-1024x1024.jpg\" alt=\"fondo_semana_empresa_2020_CARTELL_aut\" width=\"630\" height=\"630\" \/><\/a><a href=\"http:\/\/bisbalpenedes.com\/web\/wp-content\/uploads\/2020\/05\/CARTELL-AJUTS-TREBALLADORS-OPT.jpg\"><br \/>\n<\/a><\/p>\n<p style=\"text-align: justify;\"><span style=\"color: #000000;\">La Regidoria d\u2019Empresa i Ocupaci\u00f3 us informa que, del 20 de maig al 16 de juny, ambd\u00f3s inclosos, es poden demanar les subvencions per a persones aut\u00f2nomes i petites empreses de la Bisbal del Pened\u00e8s afectades per la situaci\u00f3 generada per la Covid-19.<\/span><\/p>\n<p style=\"text-align: justify;\"><span style=\"color: #000000;\">Finalitat: Donar suport a les persones aut\u00f2nomes, comer\u00e7os, establiments de restauraci\u00f3 i petites empreses de fins a 10 treballadors\/es del municipi que hagin hagut de suspendre la seva activitat econ\u00f2mica o que hagin vist redu\u00efda la seva facturaci\u00f3 a conseq\u00fc\u00e8ncia de la situaci\u00f3 generada per la Covid-19 i que continuen fent front a les despeses ordin\u00e0ries derivades del funcionament dels seus negocis.<\/span><\/p>\n<p style=\"text-align: justify;\"><span style=\"color: #000000;\">Es poden presentar sol\u00b7licituds del dimecres 20 de maig al dimarts 16 de juny de 2020 i s\u2019hauran de presentar, exclusivament, de forma electr\u00f2nica al Registre d\u2019entrada de l\u2019Ajuntament (www.bisbalpenedes.com).<\/span><\/p>\n<p style=\"text-align: justify;\"><span style=\"color: #000000;\">Podeu consultar les bases d\u2019aquesta subvenci\u00f3 al BOPT:<\/span><\/p>\n<p style=\"text-align: justify;\"><span style=\"color: #000000;\"><a style=\"color: #000000;\" href=\"https:\/\/www.diputaciodetarragona.cat\/ebop\/index.php?op=dwn&amp;tipus=i&amp;data=20200519&amp;anyp=2020&amp;num=02712&amp;v=i\">https:\/\/www.diputaciodetarragona.cat\/ebop\/index.php?op=dwn&amp;tipus=i&amp;data=20200519&amp;anyp=2020&amp;num=02712&amp;v=i<\/a><\/span><\/p>\n<p style=\"text-align: justify;\"><span style=\"color: #000000;\">Si no teniu certificat digital, en aquest enlla\u00e7 us expliquem com obtenir el certificat idCAT per fer tr\u00e0mits i gestions en l\u00ednia: <a style=\"color: #000000;\" href=\"https:\/\/bisbalpenedes.com\/web\/2020\/05\/15\/informacio-sobre-la-sollicitud-i-validacio-del-certificat-digital-idcat-a-lajuntament-de-la-bisbal-del-penedes\/\">https:\/\/bisbalpenedes.com\/web\/2020\/05\/15\/informacio-sobre-la-sollicitud-i-validacio-del-certificat-digital-idcat-a-lajuntament-de-la-bisbal-del-penedes\/<\/a><\/span><\/p>\n<p style=\"text-align: justify;\">*A partir d&#8217;aquest dimecres 20 de maig disposareu de tots els models per sol\u00b7licitar la subvenci\u00f3 a la p\u00e0gina web municipal.<\/p>\n<hr \/>\n<p style=\"text-align: justify;\"><span style=\"color: #000000;\"><strong>CASTELLANO |<\/strong> La Concejal\u00eda de Empresa y Ocupaci\u00f3n os informa que, del 20 de mayo al 16 de junio, ambos incluidos, se pueden solicitar las subvenciones para personas aut\u00f3nomas y peque\u00f1as empresas de la Bisbal del Pened\u00e8s afectadas por la situaci\u00f3n generada por el Covid-19.<\/span><\/p>\n<p style=\"text-align: justify;\"><span style=\"color: #000000;\">Finalidad: Apoyar a las personas aut\u00f3nomas, comercios, establecimientos de restauraci\u00f3n y peque\u00f1as empresas de hasta 10 trabajadores\/as del municipio que hayan tenido que suspender su actividad econ\u00f3mica o que hayan visto reducida su facturaci\u00f3n a consecuencia de la situaci\u00f3n generada por el Covid-19 y que contin\u00faan haciendo frente a los gastos ordinarios derivados del funcionamiento de sus negocios.<\/span><\/p>\n<p style=\"text-align: justify;\"><span style=\"color: #000000;\">Se pueden presentar solicitudes del mi\u00e9rcoles 20 de mayo al martes 16 de junio de 2020 y se tendr\u00e1n que presentar, exclusivamente, de forma electr\u00f3nica en el Registro de entrada del Ayuntamiento (<a style=\"color: #000000;\" href=\"http:\/\/www.bisbalpenedes.com\/\">http:\/\/www.bisbalpenedes.com<\/a>).<\/span><\/p>\n<p style=\"text-align: justify;\"><span style=\"color: #000000;\">Pod\u00e9is consultar las bases des esta subvenci\u00f3n en el BOPT:<\/span><\/p>\n<p style=\"text-align: justify;\"><span style=\"color: #000000;\"><a style=\"color: #000000;\" href=\"https:\/\/www.diputaciodetarragona.cat\/ebop\/index.php?op=dwn&amp;tipus=i&amp;data=20200519&amp;anyp=2020&amp;num=02712&amp;v=i\">https:\/\/www.diputaciodetarragona.cat\/ebop\/index.php?op=dwn&amp;tipus=i&amp;data=20200519&amp;anyp=2020&amp;num=02712&amp;v=i<\/a><\/span><\/p>\n<p style=\"text-align: justify;\"><span style=\"color: #000000;\">Si no ten\u00e9is certificado digital, en este enlace os explicamos c\u00f3mo obtener el certificado idCAT para hacer tr\u00e1mites y gestiones en l\u00ednea: <a style=\"color: #000000;\" href=\"https:\/\/bisbalpenedes.com\/web\/2020\/05\/15\/informacio-sobre-la-sollicitud-i-validacio-del-certificat-digital-idcat-a-lajuntament-de-la-bisbal-del-penedes\/\">https:\/\/bisbalpenedes.com\/web\/2020\/05\/15\/informacio-sobre-la-sollicitud-i-validacio-del-certificat-digital-idcat-a-lajuntament-de-la-bisbal-del-penedes\/<\/a><\/span><\/p>\n<p style=\"text-align: justify;\">*A partir de este mi\u00e9rcoles 20 de mayo dispondr\u00e9is de todos los modelos para solicitar la subvenci\u00f3n en la p\u00e1gina web municipal.<\/p>\n","protected":false},"excerpt":{"rendered":"<p>La Regidoria d\u2019Empresa i Ocupaci\u00f3 us informa que, del 20 de maig al 16 de juny, ambd\u00f3s inclosos, es poden demanar les subvencions per a persones aut\u00f2nomes i petites empreses &hellip; <a href=\"https:\/\/bisbalpenedes.com\/web\/2020\/05\/19\/del-20-de-maig-al-16-de-juny-es-poden-demanar-les-subvencions-per-a-persones-autonomes-i-petites-empreses-afectades-per-la-covid-19\/\" class=\"more-link\">Read More<\/a><\/p>\n","protected":false},"author":4,"featured_media":13367,"comment_status":"closed","ping_status":"closed","sticky":false,"template":"","format":"standard","meta":[],"categories":[3822,8],"tags":[163,3559,162,102],"_links":{"self":[{"href":"https:\/\/bisbalpenedes.com\/web\/wp-json\/wp\/v2\/posts\/13477"}],"collection":[{"href":"https:\/\/bisbalpenedes.com\/web\/wp-json\/wp\/v2\/posts"}],"about":[{"href":"https:\/\/bisbalpenedes.com\/web\/wp-json\/wp\/v2\/types\/post"}],"author":[{"embeddable":true,"href":"https:\/\/bisbalpenedes.com\/web\/wp-json\/wp\/v2\/users\/4"}],"replies":[{"embeddable":true,"href":"https:\/\/bisbalpenedes.com\/web\/wp-json\/wp\/v2\/comments?post=13477"}],"version-history":[{"count":4,"href":"https:\/\/bisbalpenedes.com\/web\/wp-json\/wp\/v2\/posts\/13477\/revisions"}],"predecessor-version":[{"id":13485,"href":"https:\/\/bisbalpenedes.com\/web\/wp-json\/wp\/v2\/posts\/13477\/revisions\/13485"}],"wp:featuredmedia":[{"embeddable":true,"href":"https:\/\/bisbalpenedes.com\/web\/wp-json\/wp\/v2\/media\/13367"}],"wp:attachment":[{"href":"https:\/\/bisbalpenedes.com\/web\/wp-json\/wp\/v2\/media?parent=13477"}],"wp:term":[{"taxonomy":"category","embeddable":true,"href":"https:\/\/bisbalpenedes.com\/web\/wp-json\/wp\/v2\/categories?post=13477"},{"taxonomy":"post_tag","embeddable":true,"href":"https:\/\/bisbalpenedes.com\/web\/wp-json\/wp\/v2\/tags?post=13477"}],"curies":[{"name":"wp","href":"https:\/\/api.w.org\/{rel}","templated":true}]}}