{"id":13473,"date":"2020-05-18T17:34:23","date_gmt":"2020-05-18T16:34:23","guid":{"rendered":"http:\/\/bisbalpenedes.com\/web\/?p=13473"},"modified":"2020-05-18T17:34:23","modified_gmt":"2020-05-18T16:34:23","slug":"canvis-en-les-fases-de-desconfinament","status":"publish","type":"post","link":"https:\/\/bisbalpenedes.com\/web\/2020\/05\/18\/canvis-en-les-fases-de-desconfinament\/","title":{"rendered":"Canvis en les fases de desconfinament"},"content":{"rendered":"<div class=\"\" data-block=\"true\" data-editor=\"8tov5\" data-offset-key=\"frvfe-0-0\">\n<div class=\"_1mf _1mj\" data-offset-key=\"frvfe-0-0\"><span data-offset-key=\"frvfe-0-0\"><span data-text=\"true\"><span style=\"color: #000000;\">Us adjuntem una infografia de Protecci\u00f3 Civil que inclou els canvis en les fases de desconfinament i un enlla\u00e7 on podeu consultar les preguntes freq\u00fcents per \u00e0rea geogr\u00e0fica:<\/span> <a href=\"https:\/\/interior.gencat.cat\/ca\/arees_dactuacio\/proteccio_civil\/consells_autoproteccio_emergencia\/malalties-transmissibles-emergents-amb-potencial-alt-risc-\/\" target=\"_blank\">https:\/\/interior.gencat.cat\/ca\/arees_dactuacio\/proteccio_civil\/consells_autoproteccio_emergencia\/malalties-transmissibles-emergents-amb-potencial-alt-risc-\/<\/a><\/span><\/span><\/div>\n<\/div>\n<div class=\"\" data-block=\"true\" data-editor=\"8tov5\" data-offset-key=\"4d9pf-0-0\">\n<div class=\"_1mf _1mj\" data-offset-key=\"4d9pf-0-0\"><span data-offset-key=\"4d9pf-0-0\">\u00a0<\/span><\/div>\n<\/div>\n<div class=\"\" data-block=\"true\" data-editor=\"8tov5\" data-offset-key=\"1skb1-0-0\">\n<div class=\"_1mf _1mj\" data-offset-key=\"1skb1-0-0\">\n<hr \/>\n<\/div>\n<\/div>\n<div class=\"\" data-block=\"true\" data-editor=\"8tov5\" data-offset-key=\"c34d8-0-0\">\n<div class=\"_1mf _1mj\" data-offset-key=\"c34d8-0-0\"><span style=\"color: #000000;\"><strong>CASTELLANO |<\/strong> Os adjuntamos una infograf\u00eda de Protecci\u00f3n Civil que incluye los cambios en las fases de desconfinamiento y un enlace donde pod\u00e9is consultar las preguntas frecuentes por \u00e1rea geogr\u00e1fica:<\/span><\/div>\n<\/div>\n<div class=\"\" data-block=\"true\" data-editor=\"8tov5\" data-offset-key=\"ddqh2-0-0\">\n<div class=\"_1mf _1mj\" data-offset-key=\"ddqh2-0-0\"><a href=\"https:\/\/interior.gencat.cat\/ca\/arees_dactuacio\/proteccio_civil\/consells_autoproteccio_emergencia\/malalties-transmissibles-emergents-amb-potencial-alt-risc-\/\" target=\"_blank\"><span data-offset-key=\"ddqh2-0-0\"><span data-text=\"true\">https:\/\/interior.gencat.cat\/ca\/arees_dactuacio\/proteccio_civil\/consells_autoproteccio_emergencia\/malalties-transmissibles-emergents-amb-potencial-alt-risc-\/<\/span><\/span><\/a><\/div>\n<div class=\"_1mf _1mj\" data-offset-key=\"ddqh2-0-0\"><a href=\"http:\/\/bisbalpenedes.com\/web\/wp-content\/uploads\/2020\/05\/CAT.jpg\"><img loading=\"lazy\" class=\"aligncenter size-full wp-image-13474\" src=\"http:\/\/bisbalpenedes.com\/web\/wp-content\/uploads\/2020\/05\/CAT.jpg\" alt=\"CAT\" width=\"481\" height=\"680\" srcset=\"https:\/\/bisbalpenedes.com\/web\/wp-content\/uploads\/2020\/05\/CAT.jpg 481w, https:\/\/bisbalpenedes.com\/web\/wp-content\/uploads\/2020\/05\/CAT-212x300.jpg 212w\" sizes=\"(max-width: 481px) 100vw, 481px\" \/><\/a><\/div>\n<div class=\"_1mf _1mj\" data-offset-key=\"ddqh2-0-0\"><a href=\"http:\/\/bisbalpenedes.com\/web\/wp-content\/uploads\/2020\/05\/CAST.jpg\"><img loading=\"lazy\" class=\"aligncenter size-full wp-image-13475\" src=\"http:\/\/bisbalpenedes.com\/web\/wp-content\/uploads\/2020\/05\/CAST.jpg\" alt=\"CAST\" width=\"481\" height=\"680\" srcset=\"https:\/\/bisbalpenedes.com\/web\/wp-content\/uploads\/2020\/05\/CAST.jpg 481w, https:\/\/bisbalpenedes.com\/web\/wp-content\/uploads\/2020\/05\/CAST-212x300.jpg 212w\" sizes=\"(max-width: 481px) 100vw, 481px\" \/><\/a><\/div>\n<\/div>\n<div class=\"\" data-block=\"true\" data-editor=\"8tov5\" data-offset-key=\"20q0o-0-0\">\n<div class=\"_1mf _1mj\" data-offset-key=\"20q0o-0-0\"><\/div>\n<\/div>\n","protected":false},"excerpt":{"rendered":"<p>Us adjuntem una infografia de Protecci\u00f3 Civil que inclou els canvis en les fases de desconfinament i un enlla\u00e7 on podeu consultar les preguntes freq\u00fcents per \u00e0rea geogr\u00e0fica: https:\/\/interior.gencat.cat\/ca\/arees_dactuacio\/proteccio_civil\/consells_autoproteccio_emergencia\/malalties-transmissibles-emergents-amb-potencial-alt-risc-\/ \u00a0 &hellip; <a href=\"https:\/\/bisbalpenedes.com\/web\/2020\/05\/18\/canvis-en-les-fases-de-desconfinament\/\" class=\"more-link\">Read More<\/a><\/p>\n","protected":false},"author":4,"featured_media":13474,"comment_status":"closed","ping_status":"closed","sticky":false,"template":"","format":"standard","meta":[],"categories":[3636,8],"tags":[3559,3459],"_links":{"self":[{"href":"https:\/\/bisbalpenedes.com\/web\/wp-json\/wp\/v2\/posts\/13473"}],"collection":[{"href":"https:\/\/bisbalpenedes.com\/web\/wp-json\/wp\/v2\/posts"}],"about":[{"href":"https:\/\/bisbalpenedes.com\/web\/wp-json\/wp\/v2\/types\/post"}],"author":[{"embeddable":true,"href":"https:\/\/bisbalpenedes.com\/web\/wp-json\/wp\/v2\/users\/4"}],"replies":[{"embeddable":true,"href":"https:\/\/bisbalpenedes.com\/web\/wp-json\/wp\/v2\/comments?post=13473"}],"version-history":[{"count":1,"href":"https:\/\/bisbalpenedes.com\/web\/wp-json\/wp\/v2\/posts\/13473\/revisions"}],"predecessor-version":[{"id":13476,"href":"https:\/\/bisbalpenedes.com\/web\/wp-json\/wp\/v2\/posts\/13473\/revisions\/13476"}],"wp:featuredmedia":[{"embeddable":true,"href":"https:\/\/bisbalpenedes.com\/web\/wp-json\/wp\/v2\/media\/13474"}],"wp:attachment":[{"href":"https:\/\/bisbalpenedes.com\/web\/wp-json\/wp\/v2\/media?parent=13473"}],"wp:term":[{"taxonomy":"category","embeddable":true,"href":"https:\/\/bisbalpenedes.com\/web\/wp-json\/wp\/v2\/categories?post=13473"},{"taxonomy":"post_tag","embeddable":true,"href":"https:\/\/bisbalpenedes.com\/web\/wp-json\/wp\/v2\/tags?post=13473"}],"curies":[{"name":"wp","href":"https:\/\/api.w.org\/{rel}","templated":true}]}}