{"id":13465,"date":"2020-05-17T11:02:55","date_gmt":"2020-05-17T10:02:55","guid":{"rendered":"http:\/\/bisbalpenedes.com\/web\/?p=13465"},"modified":"2020-05-17T11:03:23","modified_gmt":"2020-05-17T10:03:23","slug":"avui-es-el-dia-internacional-contra-llgtbi-fobia","status":"publish","type":"post","link":"https:\/\/bisbalpenedes.com\/web\/2020\/05\/17\/avui-es-el-dia-internacional-contra-llgtbi-fobia\/","title":{"rendered":"17 de maig: avui \u00e9s el Dia Internacional contra l&#8217;LGTBI-f\u00f2bia"},"content":{"rendered":"<p><span style=\"color: #000000;\">Avui \u00e9s el Dia Internacional contra l&#8217;LGTBI-f\u00f2bia\u00a0i des de l\u2019Ajuntament de la Bisbal del Pened\u00e8s tamb\u00e9 reivindiquem la defensa i protecci\u00f3 dels drets del col\u00b7lectiu LGBTI, a casa i al carrer.<\/span><\/p>\n<hr \/>\n<p><span style=\"color: #000000;\">Hoy es el D\u00eda Internacional contra la LGTBIfobia\u00a0y desde el Ayuntamiento de la Bisbal del Pened\u00e8s tambi\u00e9n reivindicamos la defensa y protecci\u00f3n de los derechos del colectivo LGBTI, en casa y en la calle.<\/span><\/p>\n<p><a href=\"http:\/\/bisbalpenedes.com\/web\/wp-content\/uploads\/2020\/05\/ESTIMA-COM-VULGUIS-2.png\"><img loading=\"lazy\" class=\"aligncenter size-large wp-image-13466\" src=\"http:\/\/bisbalpenedes.com\/web\/wp-content\/uploads\/2020\/05\/ESTIMA-COM-VULGUIS-2-1024x1024.png\" alt=\"ESTIMA COM VULGUIS (2)\" width=\"630\" height=\"630\" srcset=\"https:\/\/bisbalpenedes.com\/web\/wp-content\/uploads\/2020\/05\/ESTIMA-COM-VULGUIS-2-1024x1024.png 1024w, https:\/\/bisbalpenedes.com\/web\/wp-content\/uploads\/2020\/05\/ESTIMA-COM-VULGUIS-2-300x300.png 300w, https:\/\/bisbalpenedes.com\/web\/wp-content\/uploads\/2020\/05\/ESTIMA-COM-VULGUIS-2-100x100.png 100w, https:\/\/bisbalpenedes.com\/web\/wp-content\/uploads\/2020\/05\/ESTIMA-COM-VULGUIS-2-600x600.png 600w, https:\/\/bisbalpenedes.com\/web\/wp-content\/uploads\/2020\/05\/ESTIMA-COM-VULGUIS-2-150x150.png 150w, https:\/\/bisbalpenedes.com\/web\/wp-content\/uploads\/2020\/05\/ESTIMA-COM-VULGUIS-2-768x768.png 768w, https:\/\/bisbalpenedes.com\/web\/wp-content\/uploads\/2020\/05\/ESTIMA-COM-VULGUIS-2.png 1080w\" sizes=\"(max-width: 630px) 100vw, 630px\" \/><\/a><\/p>\n","protected":false},"excerpt":{"rendered":"<p>Avui \u00e9s el Dia Internacional contra l&#8217;LGTBI-f\u00f2bia\u00a0i des de l\u2019Ajuntament de la Bisbal del Pened\u00e8s tamb\u00e9 reivindiquem la defensa i protecci\u00f3 dels drets del col\u00b7lectiu LGBTI, a casa i al &hellip; <a href=\"https:\/\/bisbalpenedes.com\/web\/2020\/05\/17\/avui-es-el-dia-internacional-contra-llgtbi-fobia\/\" class=\"more-link\">Read More<\/a><\/p>\n","protected":false},"author":4,"featured_media":13466,"comment_status":"closed","ping_status":"closed","sticky":false,"template":"","format":"standard","meta":[],"categories":[2984],"tags":[3818,3819,3817],"_links":{"self":[{"href":"https:\/\/bisbalpenedes.com\/web\/wp-json\/wp\/v2\/posts\/13465"}],"collection":[{"href":"https:\/\/bisbalpenedes.com\/web\/wp-json\/wp\/v2\/posts"}],"about":[{"href":"https:\/\/bisbalpenedes.com\/web\/wp-json\/wp\/v2\/types\/post"}],"author":[{"embeddable":true,"href":"https:\/\/bisbalpenedes.com\/web\/wp-json\/wp\/v2\/users\/4"}],"replies":[{"embeddable":true,"href":"https:\/\/bisbalpenedes.com\/web\/wp-json\/wp\/v2\/comments?post=13465"}],"version-history":[{"count":2,"href":"https:\/\/bisbalpenedes.com\/web\/wp-json\/wp\/v2\/posts\/13465\/revisions"}],"predecessor-version":[{"id":13468,"href":"https:\/\/bisbalpenedes.com\/web\/wp-json\/wp\/v2\/posts\/13465\/revisions\/13468"}],"wp:featuredmedia":[{"embeddable":true,"href":"https:\/\/bisbalpenedes.com\/web\/wp-json\/wp\/v2\/media\/13466"}],"wp:attachment":[{"href":"https:\/\/bisbalpenedes.com\/web\/wp-json\/wp\/v2\/media?parent=13465"}],"wp:term":[{"taxonomy":"category","embeddable":true,"href":"https:\/\/bisbalpenedes.com\/web\/wp-json\/wp\/v2\/categories?post=13465"},{"taxonomy":"post_tag","embeddable":true,"href":"https:\/\/bisbalpenedes.com\/web\/wp-json\/wp\/v2\/tags?post=13465"}],"curies":[{"name":"wp","href":"https:\/\/api.w.org\/{rel}","templated":true}]}}