{"id":13427,"date":"2020-05-15T15:40:43","date_gmt":"2020-05-15T14:40:43","guid":{"rendered":"http:\/\/bisbalpenedes.com\/web\/?p=13427"},"modified":"2020-05-15T15:50:58","modified_gmt":"2020-05-15T14:50:58","slug":"del-16-al-19-de-maig-podreu-veure-la-pellicula-el-viatge-de-la-marta-staff-only-del-cicle-gaudi-a-www-filmin-cat","status":"publish","type":"post","link":"https:\/\/bisbalpenedes.com\/web\/2020\/05\/15\/del-16-al-19-de-maig-podreu-veure-la-pellicula-el-viatge-de-la-marta-staff-only-del-cicle-gaudi-a-www-filmin-cat\/","title":{"rendered":"Del 16 al 19 de maig podreu veure la pel\u00b7l\u00edcula \u2018El viatge de la Marta (Staff only)\u2019 del Cicle Gaud\u00ed a www.filmin.cat"},"content":{"rendered":"<p style=\"text-align: justify;\"><a href=\"http:\/\/bisbalpenedes.com\/web\/wp-content\/uploads\/2020\/05\/el-viatge-de-la-marta-imatge-gaudi.jpg\"><img loading=\"lazy\" class=\"aligncenter size-full wp-image-13428\" src=\"http:\/\/bisbalpenedes.com\/web\/wp-content\/uploads\/2020\/05\/el-viatge-de-la-marta-imatge-gaudi.jpg\" alt=\"el viatge de la marta imatge gaudi\" width=\"800\" height=\"450\" srcset=\"https:\/\/bisbalpenedes.com\/web\/wp-content\/uploads\/2020\/05\/el-viatge-de-la-marta-imatge-gaudi.jpg 800w, https:\/\/bisbalpenedes.com\/web\/wp-content\/uploads\/2020\/05\/el-viatge-de-la-marta-imatge-gaudi-600x338.jpg 600w, https:\/\/bisbalpenedes.com\/web\/wp-content\/uploads\/2020\/05\/el-viatge-de-la-marta-imatge-gaudi-300x169.jpg 300w, https:\/\/bisbalpenedes.com\/web\/wp-content\/uploads\/2020\/05\/el-viatge-de-la-marta-imatge-gaudi-768x432.jpg 768w\" sizes=\"(max-width: 800px) 100vw, 800px\" \/><\/a><\/p>\n<p style=\"text-align: justify;\"><span style=\"color: #000000;\">Tal com us vam anunciar dies enrere, el Cicle Gaud\u00ed ha engegat una iniciativa en l\u00ednia que permet recuperar online els t\u00edtols que han passat per les sales del cicle i dialogar amb els seus creadors\/es i actors\/actrius protagonistes. Es tracta d\u2019una iniciativa que s\u2019ha engegat gr\u00e0cies a la col\u00b7laboraci\u00f3 de la plataforma FilminCAT i l\u2019Institut Catal\u00e0 de les Empreses Culturals amb l\u2019objectiu d\u2019apropar el cinema catal\u00e0 al m\u00e0xim de p\u00fablic possible durant el confinament.<\/span><\/p>\n<p style=\"text-align: justify;\"><span style=\"color: #000000;\">El proper llargmetratge, que es podr\u00e0 veure, del\u00a016 al 19 de maig, ser\u00e0 \u2018El\u00a0viatge de la Marta (Staff only)\u2019. El dilluns 18 de maig, a les 19h, podreu dialogar amb Neus Ball\u00fas, directora, i Sergi L\u00f3pez, actor protagonista, a trav\u00e9s d\u2019un Instagram Live al canal de l\u2019Acad\u00e8mia @academiacinecat.<\/span><\/p>\n<p style=\"text-align: justify;\"><span style=\"color: #000000;\"><strong>DETALLS SOBRE EL FUNCIONAMENT:<\/strong><\/span><\/p>\n<p style=\"text-align: justify; padding-left: 30px;\"><span style=\"color: #000000;\">-Entreu a\u00a0<strong>Filmin<\/strong>\u00a0<a style=\"color: #000000;\" href=\"https:\/\/www.filmin.cat\/\">https:\/\/www.filmin.cat<\/a>\u00a0i llogueu &#8220;<strong>El\u00a0viatge de la Marta (Staff only)<\/strong>&#8221; al seu preu habitual (3,95\u20ac) entre el 16 i el 19 de maig.<\/span><\/p>\n<p style=\"text-align: justify; padding-left: 30px;\"><span style=\"color: #000000;\">-Si la llogueu durant aquests dies, guanyareu autom\u00e0ticament\u00a0<strong>un mes de subscripci\u00f3 gratu\u00eft a FilminCAT<\/strong>.<\/span><\/p>\n<p style=\"text-align: justify; padding-left: 30px;\"><span style=\"color: #000000;\">-Per participar en les\u00a0trobades a Instagram Live nom\u00e9s heu de visitar el\u00a0<strong>canal d&#8217;Instagram<\/strong>\u00a0de l&#8217;Acad\u00e8mia\u00a0<strong>@academiacinecat\u00a0<\/strong>i escriure les vostres preguntes i comentaris. A L&#8217;Instagram Live s&#8217;hi pot participar independentment del fet que h\u00e0giu llogat la pel\u00b7l\u00edcula o no.<\/span><\/p>\n<hr \/>\n<p style=\"text-align: justify;\"><strong><span style=\"color: #000000;\">CASTELLANO |\u00a0<\/span><\/strong><span style=\"color: #000000;\">Tal como os anunciamos d\u00edas atr\u00e1s, el Cicle Gaud\u00ed lleva a cabo una iniciativa en l\u00ednea que permite recuperar online los t\u00edtulos que han pasado por las salas del ciclo y dialogar con sus creadores\/as y actores\/actrices protagonistas. Se trata de una iniciativa que se ha iniciado gracias a la colaboraci\u00f3n de la plataforma FilminCAT y el Institut Catal\u00e0 De les Empreses Culturals con el objetivo de acercar el cine catal\u00e1n al m\u00e1ximo de p\u00fablico posible durante el confinamiento.<\/span><\/p>\n<p style=\"text-align: justify;\"><span style=\"color: #000000;\">El pr\u00f3ximo largometraje que se podr\u00e1 ver, del 16 al 19 de mayo, ser\u00e1 &#8216;El viatge de la Marta (Staff only)&#8217;. El lunes 18 de mayo, a las 19h, podr\u00e9is dialogar con Neus Ball\u00fas, directora, y Sergi L\u00f3pez, actor protagonista, a trav\u00e9s de un Instagram Live en el canal de la Academia @academiacinecat.<\/span><\/p>\n<p style=\"text-align: justify;\"><span style=\"color: #000000;\"><strong>DETALLES SOBRE EL FUNCIONAMIENTO:<\/strong><\/span><\/p>\n<p style=\"text-align: justify; padding-left: 30px;\"><span style=\"color: #000000;\">-Entrad en Filmin <a style=\"color: #000000;\" href=\"https:\/\/www.filmin.cat\" target=\"_blank\">https:\/\/www.filmin.cat<\/a> y alquilad <strong>&#8220;El viatge de la Marta (Staff only)&#8221;<\/strong> a su precio habitual (3,95\u20ac) entre el 16 y el 19 de mayo.<\/span><\/p>\n<p style=\"text-align: justify; padding-left: 30px;\"><span style=\"color: #000000;\">-Si\u00a0 la alquil\u00e1is durante estos d\u00edas, ganar\u00e9is autom\u00e1ticamente<strong> un mes de suscripci\u00f3n gratuito en FilminCAT.<\/strong><\/span><\/p>\n<p style=\"text-align: justify; padding-left: 30px;\"><span style=\"color: #000000;\">-Para participar en estos encuentros en Instagram Live solamente ten\u00e9is que visitar el<strong> canal de Instagram<\/strong> de la Academia <strong>@academiacinecat<\/strong>\u00a0y escribir vuestras preguntas y comentarios. Se puede participar independientemente del hecho que hay\u00e1is alquilado o no la pel\u00edcula.\u00a0<\/span><\/p>\n","protected":false},"excerpt":{"rendered":"<p>Tal com us vam anunciar dies enrere, el Cicle Gaud\u00ed ha engegat una iniciativa en l\u00ednia que permet recuperar online els t\u00edtols que han passat per les sales del cicle &hellip; <a href=\"https:\/\/bisbalpenedes.com\/web\/2020\/05\/15\/del-16-al-19-de-maig-podreu-veure-la-pellicula-el-viatge-de-la-marta-staff-only-del-cicle-gaudi-a-www-filmin-cat\/\" class=\"more-link\">Read More<\/a><\/p>\n","protected":false},"author":4,"featured_media":13428,"comment_status":"closed","ping_status":"closed","sticky":false,"template":"","format":"standard","meta":[],"categories":[13],"tags":[308,3467,3723,3812,3811],"_links":{"self":[{"href":"https:\/\/bisbalpenedes.com\/web\/wp-json\/wp\/v2\/posts\/13427"}],"collection":[{"href":"https:\/\/bisbalpenedes.com\/web\/wp-json\/wp\/v2\/posts"}],"about":[{"href":"https:\/\/bisbalpenedes.com\/web\/wp-json\/wp\/v2\/types\/post"}],"author":[{"embeddable":true,"href":"https:\/\/bisbalpenedes.com\/web\/wp-json\/wp\/v2\/users\/4"}],"replies":[{"embeddable":true,"href":"https:\/\/bisbalpenedes.com\/web\/wp-json\/wp\/v2\/comments?post=13427"}],"version-history":[{"count":4,"href":"https:\/\/bisbalpenedes.com\/web\/wp-json\/wp\/v2\/posts\/13427\/revisions"}],"predecessor-version":[{"id":13432,"href":"https:\/\/bisbalpenedes.com\/web\/wp-json\/wp\/v2\/posts\/13427\/revisions\/13432"}],"wp:featuredmedia":[{"embeddable":true,"href":"https:\/\/bisbalpenedes.com\/web\/wp-json\/wp\/v2\/media\/13428"}],"wp:attachment":[{"href":"https:\/\/bisbalpenedes.com\/web\/wp-json\/wp\/v2\/media?parent=13427"}],"wp:term":[{"taxonomy":"category","embeddable":true,"href":"https:\/\/bisbalpenedes.com\/web\/wp-json\/wp\/v2\/categories?post=13427"},{"taxonomy":"post_tag","embeddable":true,"href":"https:\/\/bisbalpenedes.com\/web\/wp-json\/wp\/v2\/tags?post=13427"}],"curies":[{"name":"wp","href":"https:\/\/api.w.org\/{rel}","templated":true}]}}