{"id":13418,"date":"2020-05-14T18:01:24","date_gmt":"2020-05-14T17:01:24","guid":{"rendered":"http:\/\/bisbalpenedes.com\/web\/?p=13418"},"modified":"2020-05-15T13:25:23","modified_gmt":"2020-05-15T12:25:23","slug":"busques-feina-els-consells-de-la-susana-muniz-et-podrien-ajudar","status":"publish","type":"post","link":"https:\/\/bisbalpenedes.com\/web\/2020\/05\/14\/busques-feina-els-consells-de-la-susana-muniz-et-podrien-ajudar\/","title":{"rendered":"Busques feina? Els consells de la Susana Mu\u00f1iz et podrien ajudar"},"content":{"rendered":"<div class=\"\" style=\"font-family: Helvetica, Arial, sans-serif; color: #1c1e21; white-space: pre-wrap;\" data-block=\"true\" data-editor=\"7tplt\" data-offset-key=\"edamu-0-0\">\n<div class=\"_1mf _1mj\" style=\"text-align: justify; position: relative; direction: ltr; font-family: inherit;\" data-offset-key=\"edamu-0-0\"><a href=\"http:\/\/bisbalpenedes.com\/web\/wp-content\/uploads\/2020\/05\/200515-SUSANA-MUnIZ.jpg\"><img loading=\"lazy\" class=\"aligncenter size-large wp-image-13419\" src=\"http:\/\/bisbalpenedes.com\/web\/wp-content\/uploads\/2020\/05\/200515-SUSANA-MUnIZ-1024x1024.jpg\" alt=\"200515 SUSANA MUnIZ\" width=\"630\" height=\"630\" srcset=\"https:\/\/bisbalpenedes.com\/web\/wp-content\/uploads\/2020\/05\/200515-SUSANA-MUnIZ-1024x1024.jpg 1024w, https:\/\/bisbalpenedes.com\/web\/wp-content\/uploads\/2020\/05\/200515-SUSANA-MUnIZ-300x300.jpg 300w, https:\/\/bisbalpenedes.com\/web\/wp-content\/uploads\/2020\/05\/200515-SUSANA-MUnIZ-100x100.jpg 100w, https:\/\/bisbalpenedes.com\/web\/wp-content\/uploads\/2020\/05\/200515-SUSANA-MUnIZ-600x600.jpg 600w, https:\/\/bisbalpenedes.com\/web\/wp-content\/uploads\/2020\/05\/200515-SUSANA-MUnIZ-150x150.jpg 150w, https:\/\/bisbalpenedes.com\/web\/wp-content\/uploads\/2020\/05\/200515-SUSANA-MUnIZ-768x769.jpg 768w, https:\/\/bisbalpenedes.com\/web\/wp-content\/uploads\/2020\/05\/200515-SUSANA-MUnIZ.jpg 1240w\" sizes=\"(max-width: 630px) 100vw, 630px\" \/><\/a><\/div>\n<div class=\"_1mf _1mj\" style=\"text-align: justify; position: relative; direction: ltr; font-family: inherit;\" data-offset-key=\"edamu-0-0\"><\/div>\n<div class=\"_1mf _1mj\" style=\"text-align: justify; position: relative; direction: ltr; font-family: inherit;\" data-offset-key=\"edamu-0-0\">\n<div class=\"\" data-block=\"true\" data-editor=\"7tplt\" data-offset-key=\"edamu-0-0\">\n<div class=\"_1mf _1mj\" data-offset-key=\"edamu-0-0\"><span style=\"color: #000000;\" data-offset-key=\"edamu-0-0\">Avui a les 12h emetrem -a Youtube- la xerrada &#8220;Saps qu\u00e8 busquen les empreses? Posa&#8217;t en marxa i esbrina-ho: les empreses necessiten persones amb compet\u00e8ncies transversals i tu ser\u00e0s una d&#8217;elles si les entrenes. Et donem les &#8220;receptes&#8221; per identificar-les i treballar-les. Posa-t&#8217;hi!&#8221; a c\u00e0rrec de la directora de l&#8217;oficina d&#8217;Adecco del Vendrell, Susana Mu\u00f1iz. <\/span><\/div>\n<div class=\"_1mf _1mj\" data-offset-key=\"edamu-0-0\"><span style=\"color: #000000;\" data-offset-key=\"edamu-0-0\">Una vegada hagi finalitzat l&#8217;emissi\u00f3, la podreu recuperar acce<span class=\"text_exposed_show\">dint al mateix enlla\u00e7\/v\u00eddeo.<\/span><br \/>\n<\/span><\/div>\n<\/div>\n<div class=\"\" data-block=\"true\" data-editor=\"7tplt\" data-offset-key=\"3v6dr-0-0\">\n<div class=\"_1mf _1mj\" data-offset-key=\"3v6dr-0-0\"><span style=\"color: #000000;\"><span data-offset-key=\"3v6dr-0-0\">Aquest v\u00eddeo s&#8217;emmarca dins de les activitats de les III Setmanes de l&#8217;Empresa i l&#8217;Ocupaci\u00f3, que es duen a terme de l&#8217;11 al 29 de maig: <\/span><a style=\"color: #000000;\" href=\"https:\/\/bisbalpenedes.com\/web\/2020\/05\/07\/la-bisbal-del-penedes-celebrara-les-iii-setmanes-de-lempresa-i-locupacio-de-l11-al-29-de-maig\/\">https:\/\/bisbalpenedes.com\/web\/2020\/05\/07\/la-bisbal-del-penedes-celebrara-les-iii-setmanes-de-lempresa-i-locupacio-de-l11-al-29-de-maig\/<\/a><\/span><\/div>\n<\/div>\n<div class=\"\" data-block=\"true\" data-editor=\"7tplt\" data-offset-key=\"57qgt-0-0\">\n<div class=\"_1mf _1mj\" data-offset-key=\"57qgt-0-0\"><span style=\"color: #000000;\" data-offset-key=\"57qgt-0-0\">\u00a0Una vegada hagi finalitzat l&#8217;emissi\u00f3, la podreu recuperar accedint al mateix v\u00eddeo\/enlla\u00e7.<\/span><\/div>\n<div class=\"_1mf _1mj\" data-offset-key=\"57qgt-0-0\">\n<hr \/>\n<p><strong>CASTELLANO |<\/strong> Hoy a las 12h, emitiremos -en Youtube- la charla &#8220;\u00bfSabes qu\u00e9 buscan las empresas? Ponte en marcha y aver\u00edgualo: las empresas necesitan personas con competencias transversales y t\u00fa ser\u00e1s una de ellas si las entrenas. Te damos las &#8220;recetas&#8221; para identificarlas y trabajarlas. \u00a1Ponte a ello!&#8221; a cargo de la directora de la oficina de Adecco del Vendrell, Susana Mu\u00f1iz.<\/p>\n<p><span data-offset-key=\"96mqm-0-0\">Este v\u00eddeo se enmarca dentro de las actividades de las III Semanas de la Empresa y la Ocupaci\u00f3n, que se llevan a cabo del 11 al 29 de mayo: <\/span><a style=\"color: #000000;\" href=\"https:\/\/bisbalpenedes.com\/web\/2020\/05\/07\/la-bisbal-del-penedes-celebrara-les-iii-setmanes-de-lempresa-i-locupacio-de-l11-al-29-de-maig\/\">https:\/\/bisbalpenedes.com\/web\/2020\/05\/07\/la-bisbal-del-penedes-celebrara-les-iii-setmanes-de-lempresa-i-locupacio-de-l11-al-29-de-maig\/<\/a><\/p>\n<p>Una vez haya finalizado la emisi\u00f3n, la podr\u00e9is recuperar accediendo al mismo v\u00eddeo\/enlace.<\/p>\n<\/div>\n<\/div>\n<\/div>\n<\/div>\n<div class=\"\" style=\"font-family: Helvetica, Arial, sans-serif; color: #1c1e21; white-space: pre-wrap;\" data-block=\"true\" data-editor=\"7tplt\" data-offset-key=\"96mqm-0-0\"><\/div>\n<div style=\"text-align: center;\"><iframe loading=\"lazy\" src=\"https:\/\/www.youtube.com\/embed\/SNhuJFmL1wc\" width=\"560\" height=\"315\" frameborder=\"0\" allowfullscreen=\"allowfullscreen\"><\/iframe><\/div>\n","protected":false},"excerpt":{"rendered":"<p>Avui a les 12h emetrem -a Youtube- la xerrada &#8220;Saps qu\u00e8 busquen les empreses? Posa&#8217;t en marxa i esbrina-ho: les empreses necessiten persones amb compet\u00e8ncies transversals i tu ser\u00e0s una &hellip; <a href=\"https:\/\/bisbalpenedes.com\/web\/2020\/05\/14\/busques-feina-els-consells-de-la-susana-muniz-et-podrien-ajudar\/\" class=\"more-link\">Read More<\/a><\/p>\n","protected":false},"author":4,"featured_media":13419,"comment_status":"closed","ping_status":"closed","sticky":false,"template":"","format":"standard","meta":[],"categories":[9],"tags":[3809,3801,3810,41,3782,3530,43,45],"_links":{"self":[{"href":"https:\/\/bisbalpenedes.com\/web\/wp-json\/wp\/v2\/posts\/13418"}],"collection":[{"href":"https:\/\/bisbalpenedes.com\/web\/wp-json\/wp\/v2\/posts"}],"about":[{"href":"https:\/\/bisbalpenedes.com\/web\/wp-json\/wp\/v2\/types\/post"}],"author":[{"embeddable":true,"href":"https:\/\/bisbalpenedes.com\/web\/wp-json\/wp\/v2\/users\/4"}],"replies":[{"embeddable":true,"href":"https:\/\/bisbalpenedes.com\/web\/wp-json\/wp\/v2\/comments?post=13418"}],"version-history":[{"count":5,"href":"https:\/\/bisbalpenedes.com\/web\/wp-json\/wp\/v2\/posts\/13418\/revisions"}],"predecessor-version":[{"id":13425,"href":"https:\/\/bisbalpenedes.com\/web\/wp-json\/wp\/v2\/posts\/13418\/revisions\/13425"}],"wp:featuredmedia":[{"embeddable":true,"href":"https:\/\/bisbalpenedes.com\/web\/wp-json\/wp\/v2\/media\/13419"}],"wp:attachment":[{"href":"https:\/\/bisbalpenedes.com\/web\/wp-json\/wp\/v2\/media?parent=13418"}],"wp:term":[{"taxonomy":"category","embeddable":true,"href":"https:\/\/bisbalpenedes.com\/web\/wp-json\/wp\/v2\/categories?post=13418"},{"taxonomy":"post_tag","embeddable":true,"href":"https:\/\/bisbalpenedes.com\/web\/wp-json\/wp\/v2\/tags?post=13418"}],"curies":[{"name":"wp","href":"https:\/\/api.w.org\/{rel}","templated":true}]}}