{"id":13415,"date":"2020-05-17T11:00:48","date_gmt":"2020-05-17T10:00:48","guid":{"rendered":"http:\/\/bisbalpenedes.com\/web\/?p=13415"},"modified":"2020-05-17T11:07:56","modified_gmt":"2020-05-17T10:07:56","slug":"xerrada-amb-dos-bisbalencs-membres-del-collectiu-terra-i-taula-jordi-pascual-oli-torclum-i-josep-pascual-rest-ull-de-llebre","status":"publish","type":"post","link":"https:\/\/bisbalpenedes.com\/web\/2020\/05\/17\/xerrada-amb-dos-bisbalencs-membres-del-collectiu-terra-i-taula-jordi-pascual-oli-torclum-i-josep-pascual-rest-ull-de-llebre\/","title":{"rendered":"Xerrada amb dos bisbalencs membres del col\u00b7lectiu Terra i Taula: Jordi Pascual (Oli Torclum) i Josep Pascual (Rest. Ull de Llebre)"},"content":{"rendered":"<div class=\"\" data-block=\"true\" data-editor=\"8tk8r\" data-offset-key=\"8799v-0-0\">\n<div class=\"_1mf _1mj\" data-offset-key=\"8799v-0-0\"><a href=\"http:\/\/bisbalpenedes.com\/web\/wp-content\/uploads\/2020\/05\/200518-TERRA-I-TAULA-JORDI-I-JOSEP.jpg\"><img loading=\"lazy\" class=\"aligncenter size-large wp-image-13416\" src=\"http:\/\/bisbalpenedes.com\/web\/wp-content\/uploads\/2020\/05\/200518-TERRA-I-TAULA-JORDI-I-JOSEP-1024x1024.jpg\" alt=\"200518 TERRA I TAULA JORDI I JOSEP\" width=\"630\" height=\"630\" srcset=\"https:\/\/bisbalpenedes.com\/web\/wp-content\/uploads\/2020\/05\/200518-TERRA-I-TAULA-JORDI-I-JOSEP-1024x1024.jpg 1024w, https:\/\/bisbalpenedes.com\/web\/wp-content\/uploads\/2020\/05\/200518-TERRA-I-TAULA-JORDI-I-JOSEP-300x300.jpg 300w, https:\/\/bisbalpenedes.com\/web\/wp-content\/uploads\/2020\/05\/200518-TERRA-I-TAULA-JORDI-I-JOSEP-100x100.jpg 100w, https:\/\/bisbalpenedes.com\/web\/wp-content\/uploads\/2020\/05\/200518-TERRA-I-TAULA-JORDI-I-JOSEP-600x600.jpg 600w, https:\/\/bisbalpenedes.com\/web\/wp-content\/uploads\/2020\/05\/200518-TERRA-I-TAULA-JORDI-I-JOSEP-150x150.jpg 150w, https:\/\/bisbalpenedes.com\/web\/wp-content\/uploads\/2020\/05\/200518-TERRA-I-TAULA-JORDI-I-JOSEP-768x769.jpg 768w, https:\/\/bisbalpenedes.com\/web\/wp-content\/uploads\/2020\/05\/200518-TERRA-I-TAULA-JORDI-I-JOSEP.jpg 1240w\" sizes=\"(max-width: 630px) 100vw, 630px\" \/><\/a><\/div>\n<div class=\"_1mf _1mj\" data-offset-key=\"8799v-0-0\"><\/div>\n<div class=\"_1mf _1mj\" data-offset-key=\"8799v-0-0\"><span style=\"color: #000000;\"><span data-offset-key=\"8799v-0-0\">El dilluns\u00a0a les 12h, emetrem -a Youtube- la xerrada &#8220;La reinvenci\u00f3 dels professionals aut\u00f2noms davant la situaci\u00f3 generada per la Covid-19&#8221;, a c\u00e0rrec de dos membres del col\u00b7lectiu <\/span><span class=\"_247o\" spellcheck=\"false\" data-offset-key=\"8799v-1-0\"><span data-offset-key=\"8799v-1-0\"><span data-text=\"true\">Terra i Taula<\/span><\/span><\/span><span data-offset-key=\"8799v-2-0\">: Jordi Pascual, productor de <\/span><span class=\"_247o\" spellcheck=\"false\" data-offset-key=\"8799v-3-0\"><span data-offset-key=\"8799v-3-0\"><span data-text=\"true\">Torclum Oli d&#8217;Oliva<\/span><\/span><\/span><span data-offset-key=\"8799v-4-0\"> i Josep Pascual, gerent del <\/span><span class=\"_247o\" spellcheck=\"false\" data-offset-key=\"8799v-5-0\"><span data-offset-key=\"8799v-5-0\"><span data-text=\"true\">Restaurant Ull de llebre<\/span><\/span><\/span><span data-offset-key=\"8799v-6-0\">.<\/span><\/span><\/div>\n<\/div>\n<div class=\"\" data-block=\"true\" data-editor=\"8tk8r\" data-offset-key=\"bv0l0-0-0\">\n<div class=\"_1mf _1mj\" data-offset-key=\"bv0l0-0-0\"><span data-offset-key=\"bv0l0-0-0\"><span data-offset-key=\"3v6dr-0-0\"><span style=\"color: #000000;\">Aquest v\u00eddeo s&#8217;emmarca dins de les activitats de les III Setmanes de l&#8217;Empresa i l&#8217;Ocupaci\u00f3, que es duen a terme de l&#8217;11 al 29 de maig:<\/span> <\/span><a href=\"https:\/\/bisbalpenedes.com\/web\/2020\/05\/07\/la-bisbal-del-penedes-celebrara-les-iii-setmanes-de-lempresa-i-locupacio-de-l11-al-29-de-maig\/\">https:\/\/bisbalpenedes.com\/web\/2020\/05\/07\/la-bisbal-del-penedes-celebrara-les-iii-setmanes-de-lempresa-i-locupacio-de-l11-al-29-de-maig\/<\/a><br data-text=\"true\" \/><\/span><\/div>\n<div class=\"_1mf _1mj\" data-offset-key=\"bv0l0-0-0\">Una vegada hagi finalitzat l&#8217;emissi\u00f3, la podreu recuperar accedint al mateix v\u00eddeo\/enlla\u00e7.<\/div>\n<\/div>\n<div class=\"\" data-block=\"true\" data-editor=\"8tk8r\" data-offset-key=\"c8rfv-0-0\">\n<div class=\"_1mf _1mj\" data-offset-key=\"c8rfv-0-0\">\n<hr \/>\n<\/div>\n<\/div>\n<div class=\"\" data-block=\"true\" data-editor=\"8tk8r\" data-offset-key=\"6k09m-0-0\">\n<div class=\"_1mf _1mj\" data-offset-key=\"6k09m-0-0\"><span style=\"color: #000000;\"><span data-offset-key=\"c6h4i-0-0\"><strong>CASTELLANO |<\/strong>\u00a0El lunes a las 12h, emitiremos &#8211; en Youtube- la charla &#8220;La reinvenci\u00f3n de los profesionales aut\u00f3nomos ante la situaci\u00f3n generada por el Covid-19&#8221;, a cargo de dos miembros del colectivo <\/span><span class=\"_247o\" spellcheck=\"false\" data-offset-key=\"c6h4i-1-0\"><span data-offset-key=\"c6h4i-1-0\"><span data-text=\"true\">Terra i Taula<\/span><\/span><\/span><span data-offset-key=\"c6h4i-2-0\">: Jordi Pascual, productor de <\/span><span class=\"_247o\" spellcheck=\"false\" data-offset-key=\"c6h4i-3-0\"><span data-offset-key=\"c6h4i-3-0\"><span data-text=\"true\">Torclum Oli d&#8217;Oliva<\/span><\/span><\/span><span data-offset-key=\"c6h4i-4-0\"> y Josep Pascual, gerente del <\/span><span class=\"_247o\" spellcheck=\"false\" data-offset-key=\"c6h4i-5-0\"><span data-offset-key=\"c6h4i-5-0\"><span data-text=\"true\">Restaurant Ull de llebre<\/span><\/span><\/span><span data-offset-key=\"c6h4i-6-0\">.<\/span><\/span><\/div>\n<\/div>\n<div class=\"\" data-block=\"true\" data-editor=\"8tk8r\" data-offset-key=\"c6h4i-0-0\">\n<div class=\"_1mf _1mj\" data-offset-key=\"c6h4i-0-0\"><span data-offset-key=\"c6h4i-6-0\"><span data-offset-key=\"96mqm-0-0\"><span style=\"color: #000000;\">Este v\u00eddeo se enmarca dentro de las actividades de las III Semanas de la Empresa y la Ocupaci\u00f3n, que se llevan a cabo del 11 al 29 de mayo:<\/span> <\/span><a href=\"https:\/\/bisbalpenedes.com\/web\/2020\/05\/07\/la-bisbal-del-penedes-celebrara-les-iii-setmanes-de-lempresa-i-locupacio-de-l11-al-29-de-maig\/\">https:\/\/bisbalpenedes.com\/web\/2020\/05\/07\/la-bisbal-del-penedes-celebrara-les-iii-setmanes-de-lempresa-i-locupacio-de-l11-al-29-de-maig\/<\/a><br \/>\n<\/span>Una vez haya finalizado la emisi\u00f3n, la podr\u00e9is recuperar accediendo al mismo v\u00eddeo\/enlace.<\/div>\n<\/div>\n<p style=\"text-align: center;\"><iframe loading=\"lazy\" src=\"https:\/\/www.youtube.com\/embed\/vvdgw8s2TMo\" width=\"560\" height=\"315\" frameborder=\"0\" allowfullscreen=\"allowfullscreen\"><\/iframe><\/p>\n","protected":false},"excerpt":{"rendered":"<p>El dilluns\u00a0a les 12h, emetrem -a Youtube- la xerrada &#8220;La reinvenci\u00f3 dels professionals aut\u00f2noms davant la situaci\u00f3 generada per la Covid-19&#8221;, a c\u00e0rrec de dos membres del col\u00b7lectiu Terra i &hellip; <a href=\"https:\/\/bisbalpenedes.com\/web\/2020\/05\/17\/xerrada-amb-dos-bisbalencs-membres-del-collectiu-terra-i-taula-jordi-pascual-oli-torclum-i-josep-pascual-rest-ull-de-llebre\/\" class=\"more-link\">Read More<\/a><\/p>\n","protected":false},"author":4,"featured_media":13416,"comment_status":"closed","ping_status":"closed","sticky":false,"template":"","format":"standard","meta":[],"categories":[9],"tags":[163,3559,3785,3783,3808,3784,3807,325,3806],"_links":{"self":[{"href":"https:\/\/bisbalpenedes.com\/web\/wp-json\/wp\/v2\/posts\/13415"}],"collection":[{"href":"https:\/\/bisbalpenedes.com\/web\/wp-json\/wp\/v2\/posts"}],"about":[{"href":"https:\/\/bisbalpenedes.com\/web\/wp-json\/wp\/v2\/types\/post"}],"author":[{"embeddable":true,"href":"https:\/\/bisbalpenedes.com\/web\/wp-json\/wp\/v2\/users\/4"}],"replies":[{"embeddable":true,"href":"https:\/\/bisbalpenedes.com\/web\/wp-json\/wp\/v2\/comments?post=13415"}],"version-history":[{"count":3,"href":"https:\/\/bisbalpenedes.com\/web\/wp-json\/wp\/v2\/posts\/13415\/revisions"}],"predecessor-version":[{"id":13469,"href":"https:\/\/bisbalpenedes.com\/web\/wp-json\/wp\/v2\/posts\/13415\/revisions\/13469"}],"wp:featuredmedia":[{"embeddable":true,"href":"https:\/\/bisbalpenedes.com\/web\/wp-json\/wp\/v2\/media\/13416"}],"wp:attachment":[{"href":"https:\/\/bisbalpenedes.com\/web\/wp-json\/wp\/v2\/media?parent=13415"}],"wp:term":[{"taxonomy":"category","embeddable":true,"href":"https:\/\/bisbalpenedes.com\/web\/wp-json\/wp\/v2\/categories?post=13415"},{"taxonomy":"post_tag","embeddable":true,"href":"https:\/\/bisbalpenedes.com\/web\/wp-json\/wp\/v2\/tags?post=13415"}],"curies":[{"name":"wp","href":"https:\/\/api.w.org\/{rel}","templated":true}]}}