{"id":13411,"date":"2020-05-17T18:00:30","date_gmt":"2020-05-17T17:00:30","guid":{"rendered":"http:\/\/bisbalpenedes.com\/web\/?p=13411"},"modified":"2020-05-14T16:37:03","modified_gmt":"2020-05-14T15:37:03","slug":"continuen-les-iii-setmanes-de-lempresa-i-locupacio-la-setmana-del-18-al-24-de-maig-la-dediquem-als-comercos-i-els-autonoms","status":"publish","type":"post","link":"https:\/\/bisbalpenedes.com\/web\/2020\/05\/17\/continuen-les-iii-setmanes-de-lempresa-i-locupacio-la-setmana-del-18-al-24-de-maig-la-dediquem-als-comercos-i-els-autonoms\/","title":{"rendered":"Continuen les III Setmanes de l&#8217;Empresa i l&#8217;Ocupaci\u00f3 &#8211; La setmana del 18 al 24 de maig la dediquem als comer\u00e7os i els aut\u00f2noms"},"content":{"rendered":"<div class=\"\" data-block=\"true\" data-editor=\"fdj9k\" data-offset-key=\"62slr-0-0\">\n<div class=\"_1mf _1mj\" style=\"text-align: justify;\" data-offset-key=\"62slr-0-0\"><a href=\"http:\/\/bisbalpenedes.com\/web\/wp-content\/uploads\/2020\/05\/PROGRAMA-SETMANA-2.jpg\"><img loading=\"lazy\" class=\"aligncenter size-large wp-image-13412\" src=\"http:\/\/bisbalpenedes.com\/web\/wp-content\/uploads\/2020\/05\/PROGRAMA-SETMANA-2-987x1024.jpg\" alt=\"PROGRAMA SETMANA 2\" width=\"630\" height=\"654\" srcset=\"https:\/\/bisbalpenedes.com\/web\/wp-content\/uploads\/2020\/05\/PROGRAMA-SETMANA-2-987x1024.jpg 987w, https:\/\/bisbalpenedes.com\/web\/wp-content\/uploads\/2020\/05\/PROGRAMA-SETMANA-2-600x623.jpg 600w, https:\/\/bisbalpenedes.com\/web\/wp-content\/uploads\/2020\/05\/PROGRAMA-SETMANA-2-289x300.jpg 289w, https:\/\/bisbalpenedes.com\/web\/wp-content\/uploads\/2020\/05\/PROGRAMA-SETMANA-2-768x797.jpg 768w, https:\/\/bisbalpenedes.com\/web\/wp-content\/uploads\/2020\/05\/PROGRAMA-SETMANA-2.jpg 1189w\" sizes=\"(max-width: 630px) 100vw, 630px\" \/><\/a><\/div>\n<div class=\"_1mf _1mj\" style=\"text-align: justify;\" data-offset-key=\"62slr-0-0\"><span style=\"color: #000000;\" data-offset-key=\"62slr-0-0\"><span data-text=\"true\">Dem\u00e0 engeguem la segona setmana de les III Setmanes de l&#8217;Empresa i l&#8217;Ocupaci\u00f3.<\/span><\/span><\/div>\n<\/div>\n<div class=\"\" style=\"text-align: justify;\" data-block=\"true\" data-editor=\"fdj9k\" data-offset-key=\"e52ap-0-0\">\n<div class=\"_1mf _1mj\" data-offset-key=\"e52ap-0-0\"><span style=\"color: #000000;\" data-offset-key=\"e52ap-0-0\"><span data-text=\"true\">Aquesta segona setmana la dedicarem als comer\u00e7os i als aut\u00f2noms. Anirem publicant informaci\u00f3 a les xarxes socials, eBando i el web i, a m\u00e9s, tenim previstes dues xerrades que es publicaran al canal de Youtube <a href=\"https:\/\/www.youtube.com\/channel\/UCTgH76nz49I4BCCKR18BfhQ\" target=\"_blank\">https:\/\/www.youtube.com\/channel\/UCTgH76nz49I4BCCKR18BfhQ<\/a>:<\/span><\/span><\/div>\n<\/div>\n<div class=\"\" style=\"text-align: justify;\" data-block=\"true\" data-editor=\"fdj9k\" data-offset-key=\"a56gn-0-0\">\n<ul>\n<li class=\"_1mf _1mj\" data-offset-key=\"a56gn-0-0\"><span style=\"color: #000000;\"><span data-offset-key=\"a56gn-1-0\"><span data-text=\"true\"><strong>El dilluns 18 de maig, a les 12h,<\/strong> dos membres del col\u00b7lectiu <\/span><\/span><span class=\"_247o\" spellcheck=\"false\" data-offset-key=\"a56gn-2-0\"><span data-offset-key=\"a56gn-2-0\"><span data-text=\"true\">Terra i Taula<\/span><\/span><\/span><span data-offset-key=\"a56gn-3-0\"><span data-text=\"true\">, el Jordi Pascual de <\/span><\/span><span class=\"_247o\" spellcheck=\"false\" data-offset-key=\"a56gn-4-0\"><span data-offset-key=\"a56gn-4-0\"><span data-text=\"true\">Torclum Oli d&#8217;Oliva<\/span><\/span><\/span><span data-offset-key=\"a56gn-5-0\"><span data-text=\"true\"> i el Josep Pascual del <\/span><\/span><span class=\"_247o\" spellcheck=\"false\" data-offset-key=\"a56gn-6-0\"><span data-offset-key=\"a56gn-6-0\"><span data-text=\"true\">Restaurant Ull de llebre<\/span><\/span><\/span><span data-offset-key=\"a56gn-7-0\"><span data-text=\"true\">, ens parlaran de com els ha afectat la situaci\u00f3 de la Covid-19 i de les mesures que han tirat endavant.<\/span><\/span><\/span><\/li>\n<\/ul>\n<\/div>\n<div class=\"\" style=\"text-align: justify;\" data-block=\"true\" data-editor=\"fdj9k\" data-offset-key=\"fsbih-0-0\">\n<ul>\n<li class=\"_1mf _1mj\" data-offset-key=\"fsbih-0-0\"><span style=\"color: #000000;\"><span data-offset-key=\"fsbih-1-0\"><span data-text=\"true\"><strong>El dimecres 20 de maig, a les 12h,<\/strong> la presidenta de la <\/span><\/span><span class=\"_247o\" spellcheck=\"false\" data-offset-key=\"fsbih-2-0\"><span data-offset-key=\"fsbih-2-0\"><span data-text=\"true\">FEGP Gran Pened\u00e8s<\/span><\/span><\/span><span data-offset-key=\"fsbih-3-0\"><span data-text=\"true\">, Neus Lloveras, ens parlar\u00e0 de les iniciatives que promou la Federaci\u00f3 Empresarial del Gran Pened\u00e8s per pal\u00b7liar els efectes de la Covid-19.<\/span><\/span><\/span><\/li>\n<\/ul>\n<\/div>\n<div class=\"\" style=\"text-align: justify;\" data-block=\"true\" data-editor=\"fdj9k\" data-offset-key=\"31ld4-0-0\">\n<div class=\"_1mf _1mj\" data-offset-key=\"31ld4-0-0\">\n<hr \/>\n<\/div>\n<\/div>\n<div class=\"\" style=\"text-align: justify;\" data-block=\"true\" data-editor=\"fdj9k\" data-offset-key=\"hip9-0-0\">\n<div class=\"_1mf _1mj\" data-offset-key=\"hip9-0-0\"><span style=\"color: #000000;\"><strong>CASTELLANO |<\/strong> Ma\u00f1ana arrancamos la segunda semana de las III Semanas de la Empresa y la Ocupaci\u00f3n.<\/span><\/div>\n<\/div>\n<div class=\"\" style=\"text-align: justify;\" data-block=\"true\" data-editor=\"fdj9k\" data-offset-key=\"a4tiv-0-0\">\n<div class=\"_1mf _1mj\" data-offset-key=\"a4tiv-0-0\"><span style=\"color: #000000;\" data-offset-key=\"a4tiv-0-0\"><span data-text=\"true\">Esta segunda semana se la dedicaremos a los comercios y a los aut\u00f3nomos. Iremos publicando informaci\u00f3n en las redes sociales, eBando y l a web y, adem\u00e1s, tenemos previstas dos charlas que se publicar\u00e1n en el canal de Youtube <a href=\"https:\/\/www.youtube.com\/channel\/UCTgH76nz49I4BCCKR18BfhQ\" target=\"_blank\">https:\/\/www.youtube.com\/channel\/UCTgH76nz49I4BCCKR18BfhQ<\/a>:<\/span><\/span><\/div>\n<\/div>\n<div class=\"\" style=\"text-align: justify;\" data-block=\"true\" data-editor=\"fdj9k\" data-offset-key=\"5ildt-0-0\">\n<ul>\n<li class=\"_1mf _1mj\" data-offset-key=\"5ildt-0-0\"><span style=\"color: #000000;\" data-offset-key=\"5ildt-1-0\"><span data-text=\"true\"><strong>El lunes 18 de mayo, a las 12h,<\/strong> dos miembros del colectivo Terra i Taula, Jordi Pascual de Torclum Oli d&#8217;Oliva y Josep Pascual del Restaurant Ull de llebre, nos hablar\u00e1n de c\u00f3mo les ha afectado la situaci\u00f3n del Covid-19 y de las medidas que han tomado para salir adelante.<\/span><\/span><\/li>\n<\/ul>\n<\/div>\n<div class=\"\" data-block=\"true\" data-editor=\"fdj9k\" data-offset-key=\"5hnra-0-0\">\n<ul>\n<li class=\"_1mf _1mj\" style=\"text-align: justify;\" data-offset-key=\"5hnra-0-0\"><span style=\"color: #000000;\" data-offset-key=\"5hnra-1-0\"><span data-text=\"true\"><strong>El mi\u00e9rcoles 20 de mayo, a las 12h,<\/strong> la presidenta de la Federaci\u00f3 Empresarial del Gran Pened\u00e8s (FEGP), Neus Lloveras, nos hablar\u00e1 de las iniciativas que promueve la Federaci\u00f3n Empresarial del Gran Pened\u00e8s para paliar los efectos de la Covid-19.<\/span><\/span><\/li>\n<\/ul>\n<\/div>\n<div class=\"\" data-block=\"true\" data-editor=\"fdj9k\" data-offset-key=\"e4mhp-0-0\">\n<div class=\"_1mf _1mj\" data-offset-key=\"e4mhp-0-0\"><span style=\"color: #000000;\" data-offset-key=\"e4mhp-0-0\">\u00a0<\/span><\/div>\n<\/div>\n<div class=\"\" data-block=\"true\" data-editor=\"fdj9k\" data-offset-key=\"1bn47-0-0\"><\/div>\n","protected":false},"excerpt":{"rendered":"<p>Dem\u00e0 engeguem la segona setmana de les III Setmanes de l&#8217;Empresa i l&#8217;Ocupaci\u00f3. Aquesta segona setmana la dedicarem als comer\u00e7os i als aut\u00f2noms. Anirem publicant informaci\u00f3 a les xarxes socials, &hellip; <a href=\"https:\/\/bisbalpenedes.com\/web\/2020\/05\/17\/continuen-les-iii-setmanes-de-lempresa-i-locupacio-la-setmana-del-18-al-24-de-maig-la-dediquem-als-comercos-i-els-autonoms\/\" class=\"more-link\">Read More<\/a><\/p>\n","protected":false},"author":4,"featured_media":13412,"comment_status":"closed","ping_status":"closed","sticky":false,"template":"","format":"standard","meta":[],"categories":[3239,9],"tags":[393,3805],"_links":{"self":[{"href":"https:\/\/bisbalpenedes.com\/web\/wp-json\/wp\/v2\/posts\/13411"}],"collection":[{"href":"https:\/\/bisbalpenedes.com\/web\/wp-json\/wp\/v2\/posts"}],"about":[{"href":"https:\/\/bisbalpenedes.com\/web\/wp-json\/wp\/v2\/types\/post"}],"author":[{"embeddable":true,"href":"https:\/\/bisbalpenedes.com\/web\/wp-json\/wp\/v2\/users\/4"}],"replies":[{"embeddable":true,"href":"https:\/\/bisbalpenedes.com\/web\/wp-json\/wp\/v2\/comments?post=13411"}],"version-history":[{"count":2,"href":"https:\/\/bisbalpenedes.com\/web\/wp-json\/wp\/v2\/posts\/13411\/revisions"}],"predecessor-version":[{"id":13414,"href":"https:\/\/bisbalpenedes.com\/web\/wp-json\/wp\/v2\/posts\/13411\/revisions\/13414"}],"wp:featuredmedia":[{"embeddable":true,"href":"https:\/\/bisbalpenedes.com\/web\/wp-json\/wp\/v2\/media\/13412"}],"wp:attachment":[{"href":"https:\/\/bisbalpenedes.com\/web\/wp-json\/wp\/v2\/media?parent=13411"}],"wp:term":[{"taxonomy":"category","embeddable":true,"href":"https:\/\/bisbalpenedes.com\/web\/wp-json\/wp\/v2\/categories?post=13411"},{"taxonomy":"post_tag","embeddable":true,"href":"https:\/\/bisbalpenedes.com\/web\/wp-json\/wp\/v2\/tags?post=13411"}],"curies":[{"name":"wp","href":"https:\/\/api.w.org\/{rel}","templated":true}]}}