{"id":13399,"date":"2020-05-13T16:58:04","date_gmt":"2020-05-13T15:58:04","guid":{"rendered":"http:\/\/bisbalpenedes.com\/web\/?p=13399"},"modified":"2020-05-13T16:58:58","modified_gmt":"2020-05-13T15:58:58","slug":"avui-sha-signat-un-decret-dalcaldia-per-reprendre-els-terminis-de-les-licitacions-que-estaven-en-curs-abans-de-la-declaracio-de-lestat-dalarma","status":"publish","type":"post","link":"https:\/\/bisbalpenedes.com\/web\/2020\/05\/13\/avui-sha-signat-un-decret-dalcaldia-per-reprendre-els-terminis-de-les-licitacions-que-estaven-en-curs-abans-de-la-declaracio-de-lestat-dalarma\/","title":{"rendered":"Avui s&#8217;ha signat un Decret d&#8217;alcaldia per reprendre els terminis de les licitacions que estaven en curs abans de la declaraci\u00f3 de l\u2019estat d\u2019alarma"},"content":{"rendered":"<p style=\"text-align: justify;\"><span style=\"color: #000000;\">Avui dimecres 13 de maig l\u2019alcaldessa de la Bisbal del Pened\u00e8s, Agn\u00e8s Ferr\u00e9, ha signat un Decret d\u2019alcaldia d\u2019acord amb la Disposici\u00f3 addicional vuitena del Reial Decret-llei 17\/2020, del 5 de maig, perqu\u00e8 es reprenguin els terminis de les licitacions que estaven en curs abans de la declaraci\u00f3 de l\u2019estat d\u2019alarma.<\/span><\/p>\n<p style=\"text-align: justify;\"><span style=\"color: #000000;\">Concretament es reprendran les seg\u00fcents:<\/span><\/p>\n<p style=\"text-align: justify; padding-left: 30px;\"><span style=\"color: #000000;\"><strong>Licitaci\u00f3 del servei de control de la procession\u00e0ria<\/strong><\/span><\/p>\n<p style=\"text-align: justify; padding-left: 30px;\"><span style=\"color: #000000;\">Aquesta licitaci\u00f3 es trobava en la fase d\u2019anunci al perfil del contractant. El termini ven\u00e7 en 12 dies naturals (ven\u00e7 el 25 de maig a les 14h) durant els quals les empreses licitadores poden presentar les seves propostes.<\/span><\/p>\n<p style=\"text-align: justify; padding-left: 30px;\"><span style=\"color: #000000;\"><strong>Licitaci\u00f3 del curs de capacitaci\u00f3 per al manteniment d\u2019instal\u00b7lacions d\u2019electricitat, lampisteria, calefacci\u00f3 i climatitzaci\u00f3 dom\u00e8stiques<\/strong><\/span><\/p>\n<p style=\"text-align: justify; padding-left: 30px;\"><span style=\"color: #000000;\">Aquesta licitaci\u00f3 estava en fase d\u2019adjudicaci\u00f3. S\u2019havia requerit a l\u2019empresa que havia obtingut millor puntuaci\u00f3 que present\u00e9s la documentaci\u00f3 justificativa. A partir d\u2019avui dimecres 13 de maig, disposa de 10 dies naturals per presentar la documentaci\u00f3.<\/span><\/p>\n<p style=\"text-align: justify; padding-left: 30px;\"><span style=\"color: #000000;\">Les meses de contractaci\u00f3 seran telem\u00e0tiques.<\/span><\/p>\n<p style=\"text-align: justify;\"><span style=\"color: #000000;\">El <a style=\"color: #000000;\" href=\"https:\/\/www.boe.es\/buscar\/act.php?id=BOE-A-2020-3692\">Reial Decret 463\/2020<\/a>, del 14 de mar\u00e7, pel qual es declarava l\u2019estat d\u2019alarma per a la gesti\u00f3 de la crisi sanit\u00e0ria ocasionada per la Covid -19, va decretar -en la disposici\u00f3 addicional tercera- la interrupci\u00f3 dels terminis\u00a0 administratius i, posteriorment -el 3 d\u2019abril- l\u2019alcaldessa va signar un Decret d\u2019alcaldia de conformitat amb la disposici\u00f3 addicional tercera d\u2019aquest Reial Decret.<\/span><\/p>\n<p style=\"text-align: justify;\"><span style=\"color: #000000;\">La Disposici\u00f3 addicional vuitena del <a style=\"color: #000000;\" href=\"https:\/\/www.boe.es\/diario_boe\/txt.php?id=BOE-A-2020-4832\">Reial Decret-llei 17\/2020<\/a>, del 5 de maig, estableix la Modificaci\u00f3 del Reial Decret-llei 8\/2020, del 17 de mar\u00e7, de mesures urgents extraordin\u00e0ries per fer front a l\u2019impacte econ\u00f2mic i social de la Covid-19. El text diu que \u201cs\u2019acorda l\u2019aixecament de la suspensi\u00f3 dels termes i interrupci\u00f3 dels terminis dels procediments de contractaci\u00f3 promoguts per entitats pertanyents al Sector P\u00fablic (&#8230;) sempre que la tramitaci\u00f3 es realitzi per mitjans electr\u00f2nics\u201d. Per aquest\u00a0 motiu, l\u2019alcaldessa ha signat un decret per poder reprendre els terminis de les licitacions anteriorment especificades.<\/span><\/p>\n<hr \/>\n<p style=\"text-align: justify;\"><span style=\"color: #000000;\"><strong>CASTELLANO |<\/strong> Hoy mi\u00e9rcoles 13 de mayo la alcaldesa de la Bisbal del Pened\u00e8s, Agn\u00e8s Ferr\u00e9, ha firmado un Decreto de alcald\u00eda de acuerdo con la Disposici\u00f3n adicional octava del Real Decreto-ley 17\/2020, del 5 de mayo, para que se retomen los plazos de las licitaciones que estaban en curso antes de la declaraci\u00f3n del estado de alarma.<\/span><\/p>\n<p style=\"text-align: justify;\"><span style=\"color: #000000;\">Concretamente se retomar\u00e1n las siguientes:<\/span><\/p>\n<p style=\"text-align: justify; padding-left: 30px;\"><span style=\"color: #000000;\"><strong>Licitaci\u00f3n del servicio de control de la procesionaria<\/strong><\/span><\/p>\n<p style=\"text-align: justify; padding-left: 30px;\"><span style=\"color: #000000;\">Esta licitaci\u00f3n se encontraba en la fase de anuncio en el perfil del contratante. El plazo vence en 12 d\u00edas naturales (vence el d\u00eda 25 de mayo a las 14h) durante los cuales las empresas licitadoras pueden presentar sus propuestas.<\/span><\/p>\n<p style=\"text-align: justify; padding-left: 30px;\"><span style=\"color: #000000;\"><strong>Licitaci\u00f3n del curso de capacitaci\u00f3n para el mantenimiento de instalaciones de electricidad, lampister\u00eda, calefacci\u00f3n y climatizaci\u00f3n dom\u00e9sticas<\/strong><\/span><\/p>\n<p style=\"text-align: justify; padding-left: 30px;\"><span style=\"color: #000000;\">Esta licitaci\u00f3n estaba en fase de adjudicaci\u00f3n. Se hab\u00eda requerido a la empresa que hab\u00eda obtenido mejor puntuaci\u00f3n que presentase la documentaci\u00f3n justificativa. A partir de hoy mi\u00e9rcoles 13 de mayo, dispone de 10 d\u00edas naturales para presentar la documentaci\u00f3n.<\/span><\/p>\n<p style=\"text-align: justify; padding-left: 30px;\"><span style=\"color: #000000;\">Las mesas de contrataci\u00f3n ser\u00e1n telem\u00e1ticas.<\/span><\/p>\n<p style=\"text-align: justify;\"><span style=\"color: #000000;\">El <a style=\"color: #000000;\" href=\"https:\/\/www.boe.es\/buscar\/act.php?id=BOE-A-2020-3692\">Real Decreto 463\/2020<\/a>, del 14 de marzo, por el cual se declaraba el estado de alarma para la gesti\u00f3n de la crisis sanitaria ocasionada por el Covid-19, decret\u00f3 -en la disposici\u00f3n adicional tercera- la interrupci\u00f3n de los plazos administrativos y -posteriormente -el 3 de abril- la alcaldesa firm\u00f3 un Decreto de alcald\u00eda de conformidad con la disposici\u00f3n adicional tercera de este Real Decreto.<\/span><\/p>\n<p style=\"text-align: justify;\"><span style=\"color: #000000;\">La Disposici\u00f3n adicional octava del Real Decreto-ley 17\/2020, del 5 de mayo, establece la Modificaci\u00f3n del Real Decreto-ley 8\/2020, del 17 de marzo, de medidas urgentes extraordinarias para hacer frente al impacto econ\u00f3mico y social del Covid-19. El texto dice que \u201cse acuerda el levantamiento de la suspensi\u00f3n de los t\u00e9rminos e interrupci\u00f3n de los plazos de los procedimientos de contrataci\u00f3n promovidos por entidades pertenecientes al Sector P\u00fablico (\u2026) siempre y cuando su tramitaci\u00f3n se realice por medios electr\u00f3nicos\u201d. Por este motivo, la alcaldesa ha firmado un decreto para poder retomar los plazos de las licitaciones anteriormente especificadas.<\/span><\/p>\n<p>&nbsp;<\/p>\n<p>&nbsp;<\/p>\n","protected":false},"excerpt":{"rendered":"<p>Avui dimecres 13 de maig l\u2019alcaldessa de la Bisbal del Pened\u00e8s, Agn\u00e8s Ferr\u00e9, ha signat un Decret d\u2019alcaldia d\u2019acord amb la Disposici\u00f3 addicional vuitena del Reial Decret-llei 17\/2020, del 5 &hellip; <a href=\"https:\/\/bisbalpenedes.com\/web\/2020\/05\/13\/avui-sha-signat-un-decret-dalcaldia-per-reprendre-els-terminis-de-les-licitacions-que-estaven-en-curs-abans-de-la-declaracio-de-lestat-dalarma\/\" class=\"more-link\">Read More<\/a><\/p>\n","protected":false},"author":4,"featured_media":13400,"comment_status":"closed","ping_status":"closed","sticky":false,"template":"","format":"standard","meta":[],"categories":[2057,3278,32,9],"tags":[3804,1503,3547,2349,267,192],"_links":{"self":[{"href":"https:\/\/bisbalpenedes.com\/web\/wp-json\/wp\/v2\/posts\/13399"}],"collection":[{"href":"https:\/\/bisbalpenedes.com\/web\/wp-json\/wp\/v2\/posts"}],"about":[{"href":"https:\/\/bisbalpenedes.com\/web\/wp-json\/wp\/v2\/types\/post"}],"author":[{"embeddable":true,"href":"https:\/\/bisbalpenedes.com\/web\/wp-json\/wp\/v2\/users\/4"}],"replies":[{"embeddable":true,"href":"https:\/\/bisbalpenedes.com\/web\/wp-json\/wp\/v2\/comments?post=13399"}],"version-history":[{"count":3,"href":"https:\/\/bisbalpenedes.com\/web\/wp-json\/wp\/v2\/posts\/13399\/revisions"}],"predecessor-version":[{"id":13403,"href":"https:\/\/bisbalpenedes.com\/web\/wp-json\/wp\/v2\/posts\/13399\/revisions\/13403"}],"wp:featuredmedia":[{"embeddable":true,"href":"https:\/\/bisbalpenedes.com\/web\/wp-json\/wp\/v2\/media\/13400"}],"wp:attachment":[{"href":"https:\/\/bisbalpenedes.com\/web\/wp-json\/wp\/v2\/media?parent=13399"}],"wp:term":[{"taxonomy":"category","embeddable":true,"href":"https:\/\/bisbalpenedes.com\/web\/wp-json\/wp\/v2\/categories?post=13399"},{"taxonomy":"post_tag","embeddable":true,"href":"https:\/\/bisbalpenedes.com\/web\/wp-json\/wp\/v2\/tags?post=13399"}],"curies":[{"name":"wp","href":"https:\/\/api.w.org\/{rel}","templated":true}]}}