{"id":1338,"date":"2015-12-14T16:01:20","date_gmt":"2015-12-14T10:01:20","guid":{"rendered":"http:\/\/bisbalpenedes.com\/web\/?p=1338"},"modified":"2015-12-14T16:01:20","modified_gmt":"2015-12-14T10:01:20","slug":"es-nadal-a-la-bisbal","status":"publish","type":"post","link":"https:\/\/bisbalpenedes.com\/web\/2015\/12\/14\/es-nadal-a-la-bisbal\/","title":{"rendered":"\u00c9s Nadal a la Bisbal"},"content":{"rendered":"<p>\u00c9s Nadal a la Bisbal<br \/>\n&#8211; 23 de desembre A les 18:00h, a la pla\u00e7a de l\u2019Esgl\u00e9sia cantada de nadales. tothom hi \u00e9s convidat a cantar<\/p>\n<p>&#8211; 25 de desembre, Nadal A les 22:30h, a la Societat l\u2019ElencTeatral presenta l\u2019obra -Pol\u00edticament correcte-<\/p>\n<p>&#8211; 27 de desembre des de les 11:00h a la pla\u00e7a de l\u2019Esgl\u00e9sia Jocs Infantils organitzats pels Esventats i a les 13:00h, arribada del Patge de SSMM els Reis Mags<\/p>\n<p>&#8211; 28 de desembre A les 16:00h, a la Biblioteca del Centre Municipal de Cultura Contacontes per als nens i per acabar un Berenar amb coca i xocolata<\/p>\n<p>&#8211; 30 de desembre A les 16:00h, a la Biblioteca del CMC, Contacontes<\/p>\n<p>&#8211; 31 de desembre A les 22:00h, a la Societat Cultural i Recreativa Bisbalenca, Sopar de Cap d\u2019Any i Ball de Gala per apuntar-se al conserge de la scrb. organitza la junta de la Societat<\/p>\n<p>&#8211; 3 de gener Al Poliesportiu Municipal, la Festa de les Fam\u00edlies amb partit de futbol de Pares i Mares a les 11:00 i a les 14:00h, Dinar de Germanor. Organitzat per Joventut Bisbalenca C.F.<\/p>\n<p>&#8211; 4 i 8 de gener A les 16:00h, a la Biblioteca del CMC, Contacontes<\/p>\n<p>&#8211; 5 de gener, Nit de Reis<br \/>\nA les 17:30h Els Reis repartiran regals al Local Social de l\u2019Esplai<br \/>\nA les 18:30h a l\u2019Avda Colon, Arribada de SSMM els Reis Mags d Orient aniran fins a l\u2019ajuntament per rebre les claus del poble i rebre la Salutaci\u00f3 de les autoritats i a continuaci\u00f3 a l\u2019Esgl\u00e9sia Adoraci\u00f3 del Nen Jes\u00fas.<br \/>\nA les 19:00h Els Reis repartiran regals al Local Social de Can Gordei<br \/>\nA les 20:00h Els Reis repartiran regals a la Societat<\/p>\n<p>&#8211; 10 de gener A les 18:30h a l\u2019Esgl\u00e9sia de Santa Maria, Concert de Nadal Amb les Corals Antistiana, Santa Maria i Maskili<\/p>\n<p>&#8211;Enc\u00e0rrecs Reials &#8212;<br \/>\nRecollida de paquets per Repartiment a Casa<br \/>\nDies 2,3 i 4 de Gener de les 10:00 a les 14:00 a les oficines municipals de l\u2019ajuntament de la bisbal<br \/>\nRecollida de paquets a la Societat Cultural i Recreativa Bisbalenca:<br \/>\ndies 3,4 i 5 de gener Matins de les 11 a les 13h,<br \/>\n(el dia 4 de gener tamb\u00e9 a la tarda de les 18h a les 21h)<br \/>\nRecollida de paquets al Local Social de l\u2019Esplai<br \/>\nDel 27 de Desembre al 4 de Gener en horari del bar<br \/>\nRecollida de paquets al Local Social de Can Gordei<br \/>\nDel 27 de Desembre al 4 de Gener en horari del bar  <\/p>\n<p><a href=\"http:\/\/bisbalpenedes.com\/web\/wp-content\/uploads\/2015\/12\/nadal_15_cap.jpg\"><img loading=\"lazy\" src=\"http:\/\/bisbalpenedes.com\/web\/wp-content\/uploads\/2015\/12\/nadal_15_cap-300x160.jpg\" alt=\"\" title=\"nadal_15_cap\" width=\"300\" height=\"160\" class=\"alignleft size-medium wp-image-1339\" srcset=\"https:\/\/bisbalpenedes.com\/web\/wp-content\/uploads\/2015\/12\/nadal_15_cap-300x160.jpg 300w, https:\/\/bisbalpenedes.com\/web\/wp-content\/uploads\/2015\/12\/nadal_15_cap-600x320.jpg 600w, https:\/\/bisbalpenedes.com\/web\/wp-content\/uploads\/2015\/12\/nadal_15_cap-1024x546.jpg 1024w, https:\/\/bisbalpenedes.com\/web\/wp-content\/uploads\/2015\/12\/nadal_15_cap.jpg 1275w\" sizes=\"(max-width: 300px) 100vw, 300px\" \/><\/a><\/p>\n","protected":false},"excerpt":{"rendered":"<p>\u00c9s Nadal a la Bisbal &#8211; 23 de desembre A les 18:00h, a la pla\u00e7a de l\u2019Esgl\u00e9sia cantada de nadales. tothom hi \u00e9s convidat a cantar &#8211; 25 de desembre, &hellip; <a href=\"https:\/\/bisbalpenedes.com\/web\/2015\/12\/14\/es-nadal-a-la-bisbal\/\" class=\"more-link\">Read More<\/a><\/p>\n","protected":false},"author":1,"featured_media":1339,"comment_status":"closed","ping_status":"open","sticky":false,"template":"","format":"standard","meta":[],"categories":[13],"tags":[95],"_links":{"self":[{"href":"https:\/\/bisbalpenedes.com\/web\/wp-json\/wp\/v2\/posts\/1338"}],"collection":[{"href":"https:\/\/bisbalpenedes.com\/web\/wp-json\/wp\/v2\/posts"}],"about":[{"href":"https:\/\/bisbalpenedes.com\/web\/wp-json\/wp\/v2\/types\/post"}],"author":[{"embeddable":true,"href":"https:\/\/bisbalpenedes.com\/web\/wp-json\/wp\/v2\/users\/1"}],"replies":[{"embeddable":true,"href":"https:\/\/bisbalpenedes.com\/web\/wp-json\/wp\/v2\/comments?post=1338"}],"version-history":[{"count":1,"href":"https:\/\/bisbalpenedes.com\/web\/wp-json\/wp\/v2\/posts\/1338\/revisions"}],"predecessor-version":[{"id":1340,"href":"https:\/\/bisbalpenedes.com\/web\/wp-json\/wp\/v2\/posts\/1338\/revisions\/1340"}],"wp:featuredmedia":[{"embeddable":true,"href":"https:\/\/bisbalpenedes.com\/web\/wp-json\/wp\/v2\/media\/1339"}],"wp:attachment":[{"href":"https:\/\/bisbalpenedes.com\/web\/wp-json\/wp\/v2\/media?parent=1338"}],"wp:term":[{"taxonomy":"category","embeddable":true,"href":"https:\/\/bisbalpenedes.com\/web\/wp-json\/wp\/v2\/categories?post=1338"},{"taxonomy":"post_tag","embeddable":true,"href":"https:\/\/bisbalpenedes.com\/web\/wp-json\/wp\/v2\/tags?post=1338"}],"curies":[{"name":"wp","href":"https:\/\/api.w.org\/{rel}","templated":true}]}}