{"id":13374,"date":"2020-05-13T09:17:01","date_gmt":"2020-05-13T08:17:01","guid":{"rendered":"http:\/\/bisbalpenedes.com\/web\/?p=13374"},"modified":"2020-06-12T10:09:29","modified_gmt":"2020-06-12T09:09:29","slug":"el-punt-verd-reobrira-el-18-de-maig-amb-horari-reduit","status":"publish","type":"post","link":"https:\/\/bisbalpenedes.com\/web\/2020\/05\/13\/el-punt-verd-reobrira-el-18-de-maig-amb-horari-reduit\/","title":{"rendered":"El Punt Verd reobrir\u00e0 el 18 de maig amb horari redu\u00eft"},"content":{"rendered":"<p style=\"text-align: justify;\"><a href=\"http:\/\/bisbalpenedes.com\/web\/wp-content\/uploads\/2020\/05\/punt_verd_reobertura_maig_2020DEF.jpg\"><img loading=\"lazy\" class=\"aligncenter wp-image-13375 size-large\" src=\"http:\/\/bisbalpenedes.com\/web\/wp-content\/uploads\/2020\/05\/punt_verd_reobertura_maig_2020DEF-724x1024.jpg\" alt=\"Reobertura Punt Verd 18 de maig\" width=\"630\" height=\"891\" srcset=\"https:\/\/bisbalpenedes.com\/web\/wp-content\/uploads\/2020\/05\/punt_verd_reobertura_maig_2020DEF-724x1024.jpg 724w, https:\/\/bisbalpenedes.com\/web\/wp-content\/uploads\/2020\/05\/punt_verd_reobertura_maig_2020DEF-600x849.jpg 600w, https:\/\/bisbalpenedes.com\/web\/wp-content\/uploads\/2020\/05\/punt_verd_reobertura_maig_2020DEF-212x300.jpg 212w, https:\/\/bisbalpenedes.com\/web\/wp-content\/uploads\/2020\/05\/punt_verd_reobertura_maig_2020DEF-768x1086.jpg 768w, https:\/\/bisbalpenedes.com\/web\/wp-content\/uploads\/2020\/05\/punt_verd_reobertura_maig_2020DEF.jpg 1240w\" sizes=\"(max-width: 630px) 100vw, 630px\" \/><\/a><\/p>\n<p style=\"text-align: justify;\"><span style=\"color: #000000;\">El Punt Verd de la Bisbal del Pened\u00e8s tornar\u00e0 a obrir les seves portes \u2013 en horari redu\u00eft &#8211; el dilluns 18 de maig. L\u2019horari d\u2019obertura, fins a nou av\u00eds, ser\u00e0 de 9 a 13h, de dilluns a divendres.<\/span><\/p>\n<p style=\"text-align: justify;\"><span style=\"color: #000000;\">L\u2019acc\u00e9s al recinte estar\u00e0 controlat pel personal del servei i els usuaris hauran de seguir les seg\u00fcents mesures obligat\u00f2ries:<\/span><\/p>\n<p style=\"padding-left: 30px; text-align: justify;\"><span style=\"color: #000000;\">-Respectar la dist\u00e0ncia de seguretat de 2 metres.<\/span><\/p>\n<p style=\"padding-left: 30px; text-align: justify;\"><span style=\"color: #000000;\">-Obligatorietat de l\u2019\u00fas de guants i mascareta.<\/span><\/p>\n<p style=\"padding-left: 30px; text-align: justify;\"><span style=\"color: #000000;\">-Portar les bosses de cada tipus de residu separades per poder-les dipositar al seu lloc, seguint les indicacions de l\u2019operari\/a.<\/span><\/p>\n<p style=\"padding-left: 30px; text-align: justify;\"><span style=\"color: #000000;\">-No es podr\u00e0 tocar res que no sigui els residus que porteu al Punt Verd.<\/span><\/p>\n<p style=\"padding-left: 30px; text-align: justify;\"><span style=\"color: #000000;\">-Els vehicles hauran d\u2019entrar d\u2019un en un, \u00e9s a dir, nom\u00e9s podr\u00e0 entrar un vehicle al recinte. Quan aquest hagi sortit, aleshores hi podr\u00e0 accedir el seg\u00fcent.<\/span><\/p>\n<p style=\"text-align: justify;\"><span style=\"color: #000000;\">Quant a la recollida de residus voluminosos i trastos vells a domicili, aquesta es reprendr\u00e0 a partir del mes de juny. La primera recollida ser\u00e0 la del dilluns 1 de juny i caldr\u00e0 avisar, amb un m\u00ednim de 5 dies d\u2019antelaci\u00f3, a l\u2019Ajuntament de la Bisbal del Pened\u00e8s 977688438.<\/span><\/p>\n<hr \/>\n<p style=\"text-align: justify;\"><span style=\"color: #000000;\"><strong>CASTELLANO |<\/strong> El Punt Verd de la Bisbal del Pened\u00e8s volver\u00e1 a abrir sus puertas -en horario reducido- el lunes 18 de mayo. El horario de abertura, hasta nuevo aviso, ser\u00e1 de 9 a 13h, de lunes a viernes.<\/span><\/p>\n<p style=\"text-align: justify;\"><span style=\"color: #000000;\">El acceso al recinto estar\u00e1 controlado por el personal del servicio y los usuarios deber\u00e1n seguir las siguientes medidas obligatorias:<\/span><\/p>\n<p style=\"text-align: justify;\"><span style=\"color: #000000;\">\u00a0\u00a0\u00a0\u00a0\u00a0\u00a0\u00a0 -Respetar la distancia de seguridad de 2 metros.<\/span><\/p>\n<p style=\"text-align: justify;\"><span style=\"color: #000000;\">\u00a0\u00a0\u00a0\u00a0\u00a0\u00a0\u00a0 -Obligatoriedad de uso de guantes y mascarilla.<\/span><\/p>\n<p style=\"padding-left: 30px; text-align: justify;\"><span style=\"color: #000000;\">-Llevar las bolsas de cada tipo de residuo separadas para poderlas depositar en su sitio, siguiendo las indicaciones del\/la operario\/a.<\/span><\/p>\n<p style=\"padding-left: 30px; text-align: justify;\"><span style=\"color: #000000;\">-No se podr\u00e1 tocar nada que no sea los residuos que llev\u00e9is al Punt Verd.<\/span><\/p>\n<p style=\"padding-left: 30px; text-align: justify;\"><span style=\"color: #000000;\">-Los veh\u00edculos deber\u00e1n entrar de uno en uno, es decir, solo podr\u00e1 acceder un veh\u00edculo al recinto. Cuando este haya salido, entonces podr\u00e1 entrar el siguiente.<\/span><\/p>\n<p style=\"text-align: justify;\"><span style=\"color: #000000;\">En cuanto a la recogida de residuos voluminosos y trastos viejos a domicilio, esta se retomar\u00e1 a partir del mes de junio. La primera recogida ser\u00e1 la del lunes 1 de junio y ser\u00e1 necesario avisar, con un m\u00ednimo de 5 d\u00edas de antelaci\u00f3n, al Ayuntamiento de la Bisbal del Pened\u00e8s 977688438.<\/span><\/p>\n<p style=\"text-align: justify;\">\n<p style=\"text-align: justify;\">\n<p style=\"text-align: justify;\">M\u00e9s informaci\u00f3\/M\u00e1s informaci\u00f3n sobre el Punt Verd:\u00a0<a href=\"https:\/\/bisbalpenedes.com\/web\/2018\/01\/19\/com-funciona-el-punt-verd\/\" target=\"_blank\">https:\/\/bisbalpenedes.com\/web\/2018\/01\/19\/com-funciona-el-punt-verd\/<\/a><\/p>\n","protected":false},"excerpt":{"rendered":"<p>El Punt Verd de la Bisbal del Pened\u00e8s tornar\u00e0 a obrir les seves portes \u2013 en horari redu\u00eft &#8211; el dilluns 18 de maig. L\u2019horari d\u2019obertura, fins a nou av\u00eds, &hellip; <a href=\"https:\/\/bisbalpenedes.com\/web\/2020\/05\/13\/el-punt-verd-reobrira-el-18-de-maig-amb-horari-reduit\/\" class=\"more-link\">Read More<\/a><\/p>\n","protected":false},"author":4,"featured_media":0,"comment_status":"closed","ping_status":"closed","sticky":false,"template":"","format":"standard","meta":[],"categories":[3215],"tags":[3798,3559,82,92,3769,3799],"_links":{"self":[{"href":"https:\/\/bisbalpenedes.com\/web\/wp-json\/wp\/v2\/posts\/13374"}],"collection":[{"href":"https:\/\/bisbalpenedes.com\/web\/wp-json\/wp\/v2\/posts"}],"about":[{"href":"https:\/\/bisbalpenedes.com\/web\/wp-json\/wp\/v2\/types\/post"}],"author":[{"embeddable":true,"href":"https:\/\/bisbalpenedes.com\/web\/wp-json\/wp\/v2\/users\/4"}],"replies":[{"embeddable":true,"href":"https:\/\/bisbalpenedes.com\/web\/wp-json\/wp\/v2\/comments?post=13374"}],"version-history":[{"count":3,"href":"https:\/\/bisbalpenedes.com\/web\/wp-json\/wp\/v2\/posts\/13374\/revisions"}],"predecessor-version":[{"id":13818,"href":"https:\/\/bisbalpenedes.com\/web\/wp-json\/wp\/v2\/posts\/13374\/revisions\/13818"}],"wp:attachment":[{"href":"https:\/\/bisbalpenedes.com\/web\/wp-json\/wp\/v2\/media?parent=13374"}],"wp:term":[{"taxonomy":"category","embeddable":true,"href":"https:\/\/bisbalpenedes.com\/web\/wp-json\/wp\/v2\/categories?post=13374"},{"taxonomy":"post_tag","embeddable":true,"href":"https:\/\/bisbalpenedes.com\/web\/wp-json\/wp\/v2\/tags?post=13374"}],"curies":[{"name":"wp","href":"https:\/\/api.w.org\/{rel}","templated":true}]}}