{"id":13364,"date":"2020-05-12T16:12:11","date_gmt":"2020-05-12T15:12:11","guid":{"rendered":"http:\/\/bisbalpenedes.com\/web\/?p=13364"},"modified":"2020-05-12T16:18:10","modified_gmt":"2020-05-12T15:18:10","slug":"subvencions-per-a-families-afectades-per-un-erto-o-per-latur-a-consequencia-de-la-covid-19","status":"publish","type":"post","link":"https:\/\/bisbalpenedes.com\/web\/2020\/05\/12\/subvencions-per-a-families-afectades-per-un-erto-o-per-latur-a-consequencia-de-la-covid-19\/","title":{"rendered":"Informaci\u00f3 sobre les subvencions per a fam\u00edlies afectades per un ERTO o per l&#8217;atur a conseq\u00fc\u00e8ncia de la Covid-19"},"content":{"rendered":"<div class=\"\" data-block=\"true\" data-editor=\"2i360\" data-offset-key=\"95prb-0-0\">\n<div class=\"_1mf _1mj\" data-offset-key=\"95prb-0-0\"><a href=\"http:\/\/bisbalpenedes.com\/web\/wp-content\/uploads\/2020\/05\/CARTELL-AJUTS-TREBALLADORS-OPT.jpg\"><img loading=\"lazy\" class=\"aligncenter wp-image-13365 size-full\" src=\"http:\/\/bisbalpenedes.com\/web\/wp-content\/uploads\/2020\/05\/CARTELL-AJUTS-TREBALLADORS-OPT.jpg\" alt=\"CARTELL AJUTS TREBALLADORS OPT\" width=\"960\" height=\"960\" srcset=\"https:\/\/bisbalpenedes.com\/web\/wp-content\/uploads\/2020\/05\/CARTELL-AJUTS-TREBALLADORS-OPT.jpg 960w, https:\/\/bisbalpenedes.com\/web\/wp-content\/uploads\/2020\/05\/CARTELL-AJUTS-TREBALLADORS-OPT-300x300.jpg 300w, https:\/\/bisbalpenedes.com\/web\/wp-content\/uploads\/2020\/05\/CARTELL-AJUTS-TREBALLADORS-OPT-100x100.jpg 100w, https:\/\/bisbalpenedes.com\/web\/wp-content\/uploads\/2020\/05\/CARTELL-AJUTS-TREBALLADORS-OPT-600x600.jpg 600w, https:\/\/bisbalpenedes.com\/web\/wp-content\/uploads\/2020\/05\/CARTELL-AJUTS-TREBALLADORS-OPT-150x150.jpg 150w, https:\/\/bisbalpenedes.com\/web\/wp-content\/uploads\/2020\/05\/CARTELL-AJUTS-TREBALLADORS-OPT-768x768.jpg 768w\" sizes=\"(max-width: 960px) 100vw, 960px\" \/><\/a><\/div>\n<div class=\"_1mf _1mj\" data-offset-key=\"95prb-0-0\"><\/div>\n<div class=\"_1mf _1mj\" data-offset-key=\"95prb-0-0\"><span data-offset-key=\"95prb-0-0\"><span style=\"color: #000000;\">Aquest dilluns s\u2019han aprovat les bases reguladores i la convocat\u00f2ria de les subvencions per a fam\u00edlies afectades per un ERTO o per l\u2019atur a conseq\u00fc\u00e8ncia de la Covid-19. Pr\u00f2ximament s\u2019informar\u00e0 de l\u2019obertura del termini de presentaci\u00f3 de sol\u00b7licituds a trav\u00e9s de la p\u00e0gina web<\/span> <a href=\"https:\/\/gestor.ebando.co\/bandos\/edit\/www.bisbalpenedes.com\" target=\"_blank\">www.bisbalpenedes.com<\/a> <span style=\"color: #000000;\">i del canal municipal d\u2019eBando.<\/span><\/span><\/div>\n<\/div>\n<div class=\"\" data-block=\"true\" data-editor=\"2i360\" data-offset-key=\"bmdu2-0-0\">\n<div class=\"_1mf _1mj\" data-offset-key=\"bmdu2-0-0\"><span style=\"color: #000000;\">M\u00e9s informaci\u00f3 a l&#8217;enlla\u00e7:<\/span> <a href=\"https:\/\/bisbalpenedes.com\/web\/wp-content\/uploads\/2020\/05\/Bases-ajudes-per-a-persones-i-unitats-familiars-o-de-convivencia-afectades-per-la-Covid-19.pdf\">https:\/\/bisbalpenedes.com\/web\/wp-content\/uploads\/2020\/05\/Bases-ajudes-per-a-persones-i-unitats-familiars-o-de-convivencia-afectades-per-la-Covid-19.pdf<\/a><\/div>\n<\/div>\n<div class=\"\" data-block=\"true\" data-editor=\"2i360\" data-offset-key=\"f8569-0-0\">\n<div class=\"_1mf _1mj\" data-offset-key=\"f8569-0-0\">\n<hr \/>\n<\/div>\n<\/div>\n<div class=\"\" data-block=\"true\" data-editor=\"2i360\" data-offset-key=\"c59p7-0-0\">\n<div class=\"_1mf _1mj\" data-offset-key=\"c59p7-0-0\"><span style=\"color: #000000;\" data-offset-key=\"c59p7-0-0\"><strong>CASTELLANO |<\/strong> Este lunes se han aprobado las bases reguladoras y la convocatoria de las subvenciones para familias afectadas por un ERTO o por el paro a causa del Covid-19. Pr\u00f3ximamente se informar\u00e1 de la apertura del plazo de presentaci\u00f3n de solicitudes a trav\u00e9s de la p\u00e1gina web w<a style=\"color: #000000;\" href=\"https:\/\/gestor.ebando.co\/bandos\/edit\/ww.bisbalpenedes.com\" target=\"_blank\">ww.bisbalpenedes.com<\/a> y del canal municipal de eBando.<\/span><\/div>\n<div class=\"_1mf _1mj\" data-offset-key=\"c59p7-0-0\"><span data-offset-key=\"c59p7-0-0\"><span style=\"color: #000000;\">M\u00e1s informaci\u00f3n en el enlace:<\/span> <\/span><a href=\"https:\/\/bisbalpenedes.com\/web\/wp-content\/uploads\/2020\/05\/Bases-ajudes-per-a-persones-i-unitats-familiars-o-de-convivencia-afectades-per-la-Covid-19.pdf\">https:\/\/bisbalpenedes.com\/web\/wp-content\/uploads\/2020\/05\/Bases-ajudes-per-a-persones-i-unitats-familiars-o-de-convivencia-afectades-per-la-Covid-19.pdf<\/a><\/div>\n<\/div>\n","protected":false},"excerpt":{"rendered":"<p>Aquest dilluns s\u2019han aprovat les bases reguladores i la convocat\u00f2ria de les subvencions per a fam\u00edlies afectades per un ERTO o per l\u2019atur a conseq\u00fc\u00e8ncia de la Covid-19. Pr\u00f2ximament s\u2019informar\u00e0 &hellip; <a href=\"https:\/\/bisbalpenedes.com\/web\/2020\/05\/12\/subvencions-per-a-families-afectades-per-un-erto-o-per-latur-a-consequencia-de-la-covid-19\/\" class=\"more-link\">Read More<\/a><\/p>\n","protected":false},"author":4,"featured_media":13365,"comment_status":"closed","ping_status":"closed","sticky":false,"template":"","format":"standard","meta":[],"categories":[9],"tags":[259,959,3796,10,102,749],"_links":{"self":[{"href":"https:\/\/bisbalpenedes.com\/web\/wp-json\/wp\/v2\/posts\/13364"}],"collection":[{"href":"https:\/\/bisbalpenedes.com\/web\/wp-json\/wp\/v2\/posts"}],"about":[{"href":"https:\/\/bisbalpenedes.com\/web\/wp-json\/wp\/v2\/types\/post"}],"author":[{"embeddable":true,"href":"https:\/\/bisbalpenedes.com\/web\/wp-json\/wp\/v2\/users\/4"}],"replies":[{"embeddable":true,"href":"https:\/\/bisbalpenedes.com\/web\/wp-json\/wp\/v2\/comments?post=13364"}],"version-history":[{"count":2,"href":"https:\/\/bisbalpenedes.com\/web\/wp-json\/wp\/v2\/posts\/13364\/revisions"}],"predecessor-version":[{"id":13368,"href":"https:\/\/bisbalpenedes.com\/web\/wp-json\/wp\/v2\/posts\/13364\/revisions\/13368"}],"wp:featuredmedia":[{"embeddable":true,"href":"https:\/\/bisbalpenedes.com\/web\/wp-json\/wp\/v2\/media\/13365"}],"wp:attachment":[{"href":"https:\/\/bisbalpenedes.com\/web\/wp-json\/wp\/v2\/media?parent=13364"}],"wp:term":[{"taxonomy":"category","embeddable":true,"href":"https:\/\/bisbalpenedes.com\/web\/wp-json\/wp\/v2\/categories?post=13364"},{"taxonomy":"post_tag","embeddable":true,"href":"https:\/\/bisbalpenedes.com\/web\/wp-json\/wp\/v2\/tags?post=13364"}],"curies":[{"name":"wp","href":"https:\/\/api.w.org\/{rel}","templated":true}]}}