{"id":13363,"date":"2020-05-12T16:22:03","date_gmt":"2020-05-12T15:22:03","guid":{"rendered":"http:\/\/bisbalpenedes.com\/web\/?p=13363"},"modified":"2020-05-12T18:33:31","modified_gmt":"2020-05-12T17:33:31","slug":"informacio-sobre-les-subvencions-per-a-autonoms-o-petites-empreses-de-fins-a-10-treballadors","status":"publish","type":"post","link":"https:\/\/bisbalpenedes.com\/web\/2020\/05\/12\/informacio-sobre-les-subvencions-per-a-autonoms-o-petites-empreses-de-fins-a-10-treballadors\/","title":{"rendered":"Informaci\u00f3 sobre les subvencions per a aut\u00f2noms o petites empreses (de fins a 10 treballadors)"},"content":{"rendered":"<div class=\"\" data-block=\"true\" data-editor=\"2i360\" data-offset-key=\"95prb-0-0\">\n<div class=\"_1mf _1mj\" data-offset-key=\"95prb-0-0\"><a href=\"http:\/\/bisbalpenedes.com\/web\/wp-content\/uploads\/2020\/05\/fondo_semana_empresa_2020_CARTELL_aut.jpg\"><img loading=\"lazy\" class=\"aligncenter size-large wp-image-13367\" src=\"http:\/\/bisbalpenedes.com\/web\/wp-content\/uploads\/2020\/05\/fondo_semana_empresa_2020_CARTELL_aut-1024x1024.jpg\" alt=\"fondo_semana_empresa_2020_CARTELL_aut\" width=\"630\" height=\"630\" \/><\/a><\/div>\n<div class=\"_1mf _1mj\" data-offset-key=\"95prb-0-0\"><\/div>\n<div class=\"_1mf _1mj\" data-offset-key=\"95prb-0-0\"><span style=\"color: #000000;\" data-offset-key=\"95prb-0-0\">Aquest dilluns s\u2019han aprovat les bases reguladores i la convocat\u00f2ria de les subvencions per aut\u00f2noms o petites empreses (de fins a 10 treballadors) afectades per la situaci\u00f3 generada per la Covid-19. Pr\u00f2ximament s\u2019informar\u00e0 de l\u2019obertura del termini de presentaci\u00f3 de sol\u00b7licituds a trav\u00e9s de la p\u00e0gina web <a style=\"color: #000000;\" href=\"https:\/\/gestor.ebando.co\/bandos\/www.bisbalpenedes.com\" target=\"_blank\">www.bisbalpenedes.com<\/a> i del canal municipal d\u2019eBando.<\/span><\/div>\n<div class=\"_1mf _1mj\" data-offset-key=\"95prb-0-0\"><span style=\"color: #000000;\"><span data-offset-key=\"95prb-0-0\">Trobareu m\u00e9s informaci\u00f3 a l&#8217;enlla\u00e7: <\/span><a style=\"color: #000000;\" href=\"https:\/\/bisbalpenedes.com\/web\/wp-content\/uploads\/2020\/05\/Bases-ajudes-per-a-autonoms-i-petites-empreses-afectats-per-la-Covid-19.pdf\">https:\/\/bisbalpenedes.com\/web\/wp-content\/uploads\/2020\/05\/Bases-ajudes-per-a-autonoms-i-petites-empreses-afectats-per-la-Covid-19.pdf<\/a><\/span><\/div>\n<\/div>\n<div class=\"\" data-block=\"true\" data-editor=\"2i360\" data-offset-key=\"bmdu2-0-0\">\n<div class=\"_1mf _1mj\" data-offset-key=\"bmdu2-0-0\">\n<hr \/>\n<p><span style=\"color: #000000;\"><strong>CASTELLANO |<\/strong> Este lunes se han aprobado las bases reguladoras y la convocatoria de las subvenciones para aut\u00f3nomos o peque\u00f1as empresas (de hasta 10 trabajadores) afectadas por la situaci\u00f3n generada por el Covid-19. Pr\u00f3ximamente se informar\u00e1 de la apertura del plazo de presentaci\u00f3n de solicitudes a trav\u00e9s de la p\u00e1gina web w<a style=\"color: #000000;\" href=\"https:\/\/gestor.ebando.co\/bandos\/ww.bisbalpenedes.com\" target=\"_blank\">ww.bisbalpenedes.com<\/a> y del canal municipal de eBando.<\/span><\/p>\n<\/div>\n<\/div>\n<div class=\"\" data-block=\"true\" data-editor=\"2i360\" data-offset-key=\"c59p7-0-0\">\n<p><span style=\"color: #000000;\">Encontrar\u00e9is m\u00e1s informaci\u00f3n en el enlace: <a style=\"color: #000000;\" href=\"https:\/\/bisbalpenedes.com\/web\/wp-content\/uploads\/2020\/05\/Bases-ajudes-per-a-autonoms-i-petites-empreses-afectats-per-la-Covid-19.pdf\">https:\/\/bisbalpenedes.com\/web\/wp-content\/uploads\/2020\/05\/Bases-ajudes-per-a-autonoms-i-petites-empreses-afectats-per-la-Covid-19.pdf<\/a><\/span><\/p>\n<div class=\"_1mf _1mj\" data-offset-key=\"c59p7-0-0\"><\/div>\n<\/div>\n","protected":false},"excerpt":{"rendered":"<p>Aquest dilluns s\u2019han aprovat les bases reguladores i la convocat\u00f2ria de les subvencions per aut\u00f2noms o petites empreses (de fins a 10 treballadors) afectades per la situaci\u00f3 generada per la &hellip; <a href=\"https:\/\/bisbalpenedes.com\/web\/2020\/05\/12\/informacio-sobre-les-subvencions-per-a-autonoms-o-petites-empreses-de-fins-a-10-treballadors\/\" class=\"more-link\">Read More<\/a><\/p>\n","protected":false},"author":4,"featured_media":13367,"comment_status":"closed","ping_status":"closed","sticky":false,"template":"","format":"standard","meta":[],"categories":[9],"tags":[163,3559,162],"_links":{"self":[{"href":"https:\/\/bisbalpenedes.com\/web\/wp-json\/wp\/v2\/posts\/13363"}],"collection":[{"href":"https:\/\/bisbalpenedes.com\/web\/wp-json\/wp\/v2\/posts"}],"about":[{"href":"https:\/\/bisbalpenedes.com\/web\/wp-json\/wp\/v2\/types\/post"}],"author":[{"embeddable":true,"href":"https:\/\/bisbalpenedes.com\/web\/wp-json\/wp\/v2\/users\/4"}],"replies":[{"embeddable":true,"href":"https:\/\/bisbalpenedes.com\/web\/wp-json\/wp\/v2\/comments?post=13363"}],"version-history":[{"count":2,"href":"https:\/\/bisbalpenedes.com\/web\/wp-json\/wp\/v2\/posts\/13363\/revisions"}],"predecessor-version":[{"id":13370,"href":"https:\/\/bisbalpenedes.com\/web\/wp-json\/wp\/v2\/posts\/13363\/revisions\/13370"}],"wp:featuredmedia":[{"embeddable":true,"href":"https:\/\/bisbalpenedes.com\/web\/wp-json\/wp\/v2\/media\/13367"}],"wp:attachment":[{"href":"https:\/\/bisbalpenedes.com\/web\/wp-json\/wp\/v2\/media?parent=13363"}],"wp:term":[{"taxonomy":"category","embeddable":true,"href":"https:\/\/bisbalpenedes.com\/web\/wp-json\/wp\/v2\/categories?post=13363"},{"taxonomy":"post_tag","embeddable":true,"href":"https:\/\/bisbalpenedes.com\/web\/wp-json\/wp\/v2\/tags?post=13363"}],"curies":[{"name":"wp","href":"https:\/\/api.w.org\/{rel}","templated":true}]}}