{"id":13360,"date":"2020-05-12T11:48:16","date_gmt":"2020-05-12T10:48:16","guid":{"rendered":"http:\/\/bisbalpenedes.com\/web\/?p=13360"},"modified":"2020-05-12T11:48:16","modified_gmt":"2020-05-12T10:48:16","slug":"el-dimecres-13-de-maig-comenca-el-periode-de-preinscripcions-de-la-llar-dinfants-loreneta","status":"publish","type":"post","link":"https:\/\/bisbalpenedes.com\/web\/2020\/05\/12\/el-dimecres-13-de-maig-comenca-el-periode-de-preinscripcions-de-la-llar-dinfants-loreneta\/","title":{"rendered":"El dimecres 13 de maig comen\u00e7a el per\u00edode de preinscripcions de la Llar d&#8217;infants l&#8217;Oreneta"},"content":{"rendered":"<p style=\"text-align: justify;\"><span style=\"color: #000000;\">Dem\u00e0 dimecres 13 de maig s&#8217;obren el per\u00edode d&#8217;inscripcions telem\u00e0tic de la Llar d&#8217;infants municipal l&#8217;Oreneta.<\/span><br \/>\n<span style=\"color: #000000;\"> Del 19 al 22 de maig es podr\u00e0 formalitzar la inscripci\u00f3, de forma presencial, amb cita pr\u00e8via. Trobareu m\u00e9s informaci\u00f3 a la imatge adjunta o al web <a href=\"http:\/\/www.llardinfantsloreneta.cat\" target=\"_blank\">www.llardinfantsloreneta.cat<\/a><\/span><\/p>\n<hr \/>\n<p style=\"text-align: justify;\"><span style=\"color: #000000;\"><strong>CASTELLANO |<\/strong> Ma\u00f1ana mi\u00e9rcoles 13 de mayo se abre el periodo de inscripci\u00f3n telem\u00e1tico de la Llar d&#8217;infants municipal l&#8217;Oreneta.<\/span><br \/>\n<span style=\"color: #000000;\"> Del 19 al 22 de mayo se podr\u00e1 formalizar la inscripci\u00f3n, de forma presencial, con cita previa. Encontrar\u00e9is m\u00e1s informaci\u00f3n en la imagen adjunta o en la web <a href=\"http:\/\/www.llardinfantsloreneta.cat\" target=\"_blank\">www.llardinfantsloreneta.cat<\/a><\/span><\/p>\n<p style=\"text-align: justify;\"><a href=\"http:\/\/bisbalpenedes.com\/web\/wp-content\/uploads\/2020\/05\/llar_infants_flyer_2020_inscripcions_def.jpg\"><img loading=\"lazy\" class=\"aligncenter size-large wp-image-13361\" src=\"http:\/\/bisbalpenedes.com\/web\/wp-content\/uploads\/2020\/05\/llar_infants_flyer_2020_inscripcions_def-1024x1021.jpg\" alt=\"llar_infants_flyer_2020_inscripcions_def\" width=\"630\" height=\"628\" srcset=\"https:\/\/bisbalpenedes.com\/web\/wp-content\/uploads\/2020\/05\/llar_infants_flyer_2020_inscripcions_def-1024x1021.jpg 1024w, https:\/\/bisbalpenedes.com\/web\/wp-content\/uploads\/2020\/05\/llar_infants_flyer_2020_inscripcions_def-300x300.jpg 300w, https:\/\/bisbalpenedes.com\/web\/wp-content\/uploads\/2020\/05\/llar_infants_flyer_2020_inscripcions_def-100x100.jpg 100w, https:\/\/bisbalpenedes.com\/web\/wp-content\/uploads\/2020\/05\/llar_infants_flyer_2020_inscripcions_def-600x598.jpg 600w, https:\/\/bisbalpenedes.com\/web\/wp-content\/uploads\/2020\/05\/llar_infants_flyer_2020_inscripcions_def-150x150.jpg 150w, https:\/\/bisbalpenedes.com\/web\/wp-content\/uploads\/2020\/05\/llar_infants_flyer_2020_inscripcions_def-768x766.jpg 768w, https:\/\/bisbalpenedes.com\/web\/wp-content\/uploads\/2020\/05\/llar_infants_flyer_2020_inscripcions_def.jpg 1889w\" sizes=\"(max-width: 630px) 100vw, 630px\" \/><\/a><\/p>\n","protected":false},"excerpt":{"rendered":"<p>Dem\u00e0 dimecres 13 de maig s&#8217;obren el per\u00edode d&#8217;inscripcions telem\u00e0tic de la Llar d&#8217;infants municipal l&#8217;Oreneta. Del 19 al 22 de maig es podr\u00e0 formalitzar la inscripci\u00f3, de forma presencial, &hellip; <a href=\"https:\/\/bisbalpenedes.com\/web\/2020\/05\/12\/el-dimecres-13-de-maig-comenca-el-periode-de-preinscripcions-de-la-llar-dinfants-loreneta\/\" class=\"more-link\">Read More<\/a><\/p>\n","protected":false},"author":4,"featured_media":13361,"comment_status":"closed","ping_status":"closed","sticky":false,"template":"","format":"standard","meta":[],"categories":[2397],"tags":[1090,272,1539,1413],"_links":{"self":[{"href":"https:\/\/bisbalpenedes.com\/web\/wp-json\/wp\/v2\/posts\/13360"}],"collection":[{"href":"https:\/\/bisbalpenedes.com\/web\/wp-json\/wp\/v2\/posts"}],"about":[{"href":"https:\/\/bisbalpenedes.com\/web\/wp-json\/wp\/v2\/types\/post"}],"author":[{"embeddable":true,"href":"https:\/\/bisbalpenedes.com\/web\/wp-json\/wp\/v2\/users\/4"}],"replies":[{"embeddable":true,"href":"https:\/\/bisbalpenedes.com\/web\/wp-json\/wp\/v2\/comments?post=13360"}],"version-history":[{"count":1,"href":"https:\/\/bisbalpenedes.com\/web\/wp-json\/wp\/v2\/posts\/13360\/revisions"}],"predecessor-version":[{"id":13362,"href":"https:\/\/bisbalpenedes.com\/web\/wp-json\/wp\/v2\/posts\/13360\/revisions\/13362"}],"wp:featuredmedia":[{"embeddable":true,"href":"https:\/\/bisbalpenedes.com\/web\/wp-json\/wp\/v2\/media\/13361"}],"wp:attachment":[{"href":"https:\/\/bisbalpenedes.com\/web\/wp-json\/wp\/v2\/media?parent=13360"}],"wp:term":[{"taxonomy":"category","embeddable":true,"href":"https:\/\/bisbalpenedes.com\/web\/wp-json\/wp\/v2\/categories?post=13360"},{"taxonomy":"post_tag","embeddable":true,"href":"https:\/\/bisbalpenedes.com\/web\/wp-json\/wp\/v2\/tags?post=13360"}],"curies":[{"name":"wp","href":"https:\/\/api.w.org\/{rel}","templated":true}]}}