{"id":13354,"date":"2020-05-11T18:58:03","date_gmt":"2020-05-11T17:58:03","guid":{"rendered":"http:\/\/bisbalpenedes.com\/web\/?p=13354"},"modified":"2020-05-15T17:54:32","modified_gmt":"2020-05-15T16:54:32","slug":"aquest-dilluns-11-de-maig-sha-celebrat-el-primer-ple-extraordinari-telematic-a-lajuntament-de-la-bisbal-del-penedes","status":"publish","type":"post","link":"https:\/\/bisbalpenedes.com\/web\/2020\/05\/11\/aquest-dilluns-11-de-maig-sha-celebrat-el-primer-ple-extraordinari-telematic-a-lajuntament-de-la-bisbal-del-penedes\/","title":{"rendered":"Aquest dilluns 11 de maig s\u2019ha celebrat el primer Ple extraordinari telem\u00e0tic de l\u2019Ajuntament de la Bisbal del Pened\u00e8s"},"content":{"rendered":"<p><a href=\"http:\/\/bisbalpenedes.com\/web\/wp-content\/uploads\/2020\/05\/200511-PLE-EXTRAORDINARI-TELEMATIC.jpg\"><img loading=\"lazy\" class=\"aligncenter size-large wp-image-13356\" src=\"http:\/\/bisbalpenedes.com\/web\/wp-content\/uploads\/2020\/05\/200511-PLE-EXTRAORDINARI-TELEMATIC-1024x720.jpg\" alt=\"200511 PLE EXTRAORDINARI TELEMATIC\" width=\"630\" height=\"443\" srcset=\"https:\/\/bisbalpenedes.com\/web\/wp-content\/uploads\/2020\/05\/200511-PLE-EXTRAORDINARI-TELEMATIC-1024x720.jpg 1024w, https:\/\/bisbalpenedes.com\/web\/wp-content\/uploads\/2020\/05\/200511-PLE-EXTRAORDINARI-TELEMATIC-600x422.jpg 600w, https:\/\/bisbalpenedes.com\/web\/wp-content\/uploads\/2020\/05\/200511-PLE-EXTRAORDINARI-TELEMATIC-300x211.jpg 300w, https:\/\/bisbalpenedes.com\/web\/wp-content\/uploads\/2020\/05\/200511-PLE-EXTRAORDINARI-TELEMATIC-768x540.jpg 768w\" sizes=\"(max-width: 630px) 100vw, 630px\" \/><\/a><\/p>\n<p style=\"text-align: justify;\"><span style=\"color: #000000;\">Aquest dilluns 11 de maig, a les 9h, s\u2019ha celebrat un Ple extraordinari a l\u2019Ajuntament de la Bisbal del Pened\u00e8s. El Ple s\u2019ha dut a terme &#8211; per primera vegada-\u00a0de forma telem\u00e0tica a trav\u00e9s de l\u2019aplicatiu Localretmeet i s\u2019ha pogut veure, en directe, a trav\u00e9s de <a style=\"color: #000000;\" href=\"https:\/\/www.youtube.com\/watch?v=ygMmjggea3Q\">Youtube.<\/a><\/span><\/p>\n<p style=\"text-align: justify;\"><span style=\"color: #000000;\">Tot seguit, us detallem els punts que s\u2019hi han tractat:<\/span><\/p>\n<p style=\"text-align: justify;\"><span style=\"color: #000000;\"><strong>Punt 1. Celebraci\u00f3 a dist\u00e0ncia de les sessions dels \u00f2rgans col\u00b7legiats. <\/strong><\/span><\/p>\n<p style=\"text-align: justify;\"><span style=\"color: #000000;\">S\u2019ha aprovat per unanimitat amb els vots a favor de Comprom\u00eds amb la Bisbal (6), PSC (2), Units per la Bisbal \u2013 FIC (1), Ara la Bisbal (1) i ERC-AM (1).<\/span><\/p>\n<p style=\"text-align: justify;\"><span style=\"color: #000000;\">L\u2019aprovaci\u00f3 d\u2019aquest primer punt de l\u2019ordre del dia era necess\u00e0ria per poder celebrar el Ple de forma telem\u00e0tica.<\/span><\/p>\n<p style=\"text-align: justify;\"><span style=\"color: #000000;\">El passat mes de mar\u00e7 es va modificar la llei 7\/1985 reguladora de les bases del r\u00e8gim local per permetre a les entitats locals la constituci\u00f3, celebraci\u00f3 de les sessions i adopci\u00f3 d\u2019acords dels seus \u00f2rgans col\u00b7legiats a dist\u00e0ncia, per mitjans electr\u00f2nics i telem\u00e0tics, tenint en compte la situaci\u00f3 d\u2019estat d\u2019alarma generada per la Covid-19 i la necessitat d\u2019adoptar mesures per reduir el risc d\u2019exposici\u00f3 i transmissi\u00f3 del virus.<\/span><\/p>\n<p style=\"text-align: justify;\"><span style=\"color: #000000;\">D\u2019altra banda, el passat 30 d\u2019abril, l\u2019alcaldessa Agn\u00e8s Ferr\u00e9 va signar per decret l\u2019adhesi\u00f3 de l\u2019Ajuntament de la Bisbal del Pened\u00e8s al servei de videoconfer\u00e8ncia Localretmeet que el consorci Localret ha posat en funcionament per a la celebraci\u00f3 de les sessions dels \u00f2rgans col\u00b7legiats dels ens locals a dist\u00e0ncia.<\/span><\/p>\n<p style=\"text-align: justify;\"><span style=\"color: #000000;\">Com que el Reglament d\u2019Organitzaci\u00f3 Municipal (ROM) de l\u2019Ajuntament de la Bisbal del Pened\u00e8s i la normativa municipal no contemplen que les sessions dels \u00f2rgans col\u00b7legiats (Plens, Juntes de Govern Local i Comissions de Comptes) es puguin celebrar de forma telem\u00e0tica, el seg\u00fcent punt de l\u2019ordre del dia (2) ha estat per aprovar la modificaci\u00f3 del ROM afegint la possibilitat de celebrar Plens a dist\u00e0ncia en determinats casos.<\/span><\/p>\n<p style=\"text-align: justify;\"><span style=\"color: #000000;\">Tanmateix, com que aquesta sessi\u00f3 no est\u00e0 contemplada al ROM, s\u2019havia d\u2019aprovar primer aquesta proposta de forma expressa. Per aix\u00f2 s\u2019ha proposat al Ple aprovar la constituci\u00f3, celebraci\u00f3 i adopci\u00f3 dels acords a dist\u00e0ncia, mitjan\u00e7ant videoconfer\u00e8ncia, dels \u00f2rgans col\u00b7legiats durant l\u2019actual situaci\u00f3 excepcional d\u2019estat d\u2019alarma i aprovar les instruccions de funcionament i desenvolupament de les sessions plen\u00e0ries que se celebrin telem\u00e0ticament, d\u2019acord amb l\u2019article 46.3 de la Llei 7\/1985, del 2 d\u2019abril, reguladora de les bases del r\u00e8gim local, i la disposici\u00f3 addicional tercera del Decret llei 7\/2020, del 17 de mar\u00e7.<\/span><\/p>\n<p style=\"text-align: justify;\"><span style=\"color: #000000;\"><strong>\u00a0<\/strong><\/span><\/p>\n<p style=\"text-align: justify;\"><span style=\"color: #000000;\"><strong>Punt 2. Modificaci\u00f3 del Reglament Org\u00e0nic Municipal<\/strong><\/span><\/p>\n<p style=\"text-align: justify;\"><span style=\"color: #000000;\">S\u2019ha aprovat per unanimitat amb els vots a favor de Comprom\u00eds amb la Bisbal (6), PSC (2), Units per la Bisbal \u2013 FIC (1), Ara la Bisbal (1) i ERC-AM (1).<\/span><\/p>\n<p style=\"text-align: justify;\"><span style=\"color: #000000;\">El Reglament Org\u00e0nic Municipal, aprovat el juny de 2017, no contemplava l\u2019opci\u00f3 de poder celebrar els plens de forma telem\u00e0tica i, tenint en compte la situaci\u00f3 generada per la Covid-19, es feia necessari prendre mesures per evitar possibles contagis. Per aix\u00f2 s\u2019ha proposat celebrar els plens de forma telem\u00e0tica per\u00f2, per fer-ho, calia modificar el ROM. La proposta contemplava l\u2019aprovaci\u00f3 inicial de la modificaci\u00f3 dels articles 100, 117 i 121 del Reglament Org\u00e0nic Municipal per tal que en situacions excepcionals de for\u00e7a major, de greu risc col\u00b7lectiu o cat\u00e0strofes p\u00fabliques que impedeixin o dificultin de manera desproporcionada el normal funcionament del r\u00e8gim presencial de les sessions del Ple, Junta de govern o Comissi\u00f3 de Comptes de la Corporaci\u00f3, es puguin constituir, celebrar i adoptar acords a dist\u00e0ncia, per mitjans electr\u00f2nics o telem\u00e0tics, sempre que els seus membres participants es trobin en territori espanyol i quedi acreditada la seva identitat. Tamb\u00e9 s\u2019estableix la regulaci\u00f3 del funcionament de les sessions dels \u00f2rgans col\u00b7legiats a dist\u00e0ncia.<\/span><\/p>\n<p style=\"text-align: justify;\"><span style=\"color: #000000;\"><strong>\u00a0<\/strong><\/span><\/p>\n<p style=\"text-align: justify;\"><span style=\"color: #000000;\"><strong>Punt 3. Modificaci\u00f3 de cr\u00e8dit per aplicaci\u00f3 del super\u00e0vit 2019. Ratificaci\u00f3 de Decret d\u2019alcaldia.<\/strong><\/span><\/p>\n<p style=\"text-align: justify;\"><span style=\"color: #000000;\">S\u2019ha ratificat el Decret d\u2019alcaldia amb els vots a favor de Comprom\u00eds amb la Bisbal (6), Units per la Bisbal-FIC (1) i ERC-AM (1) i les abstencions del PSC (2) i Ara la Bisbal (1).<\/span><\/p>\n<p style=\"text-align: justify;\"><span style=\"color: #000000;\">El pressupost municipal de 2020 no contemplava mesures d\u2019ajudes per pal\u00b7liar els efectes de la Covid-19. En el marc de les mesures urgents extraordin\u00e0ries per fer front a l\u2019impacte econ\u00f2mic i social de la Covid-19, la llei permet destinar un 20% del super\u00e0vit de l\u2019any 2019 a despeses socials, complint una s\u00e8rie de requisits: estabilitat pressupost\u00e0ria, romanent de tresoreria positiu, endeutament inferior al 110% i Per\u00edode Mig de Pagament (PMP) del 1r trimestre de 2020 inferior als 30 dies. A m\u00e9s, el 20% del super\u00e0vit no pot ser superior a l\u2019import de l\u2019objectiu d\u2019estabilitat pressupost\u00e0ria per a la previsi\u00f3 de la liquidaci\u00f3 de l\u2019exercici 2020.<\/span><\/p>\n<p style=\"text-align: justify;\"><span style=\"color: #000000;\">Tenint en compte els requisits que marca la llei, l\u2019import del super\u00e0vit que l\u2019Ajuntament de la Bisbal del Pened\u00e8s pot destinar, com a m\u00e0xim, a aquests ajuts ascendeix a 28.201,46\u20ac.<\/span><\/p>\n<p style=\"text-align: justify;\"><span style=\"color: #000000;\">El passat 5 de maig l\u2019alcaldessa de la Bisbal del Pened\u00e8s, Agn\u00e8s Ferr\u00e9, va signar un Decret d\u2019alcaldia per crear una partida al pressupost 2020 amb el nom \u201cSubvencions a fam\u00edlies afectades per la Covid-19\u201d i amb un import de 28.201,46\u20ac provinents del super\u00e0vit de 2019.<\/span><\/p>\n<p style=\"text-align: justify;\"><span style=\"color: #000000;\">Com que a la convocat\u00f2ria de subvencions s\u2019hi destinen un total de 30.000\u20ac, els 1.798,54\u20ac restants sortiran de la vinculaci\u00f3 d\u2019altres partides del pressupost 2020. L\u2019alcaldessa de la Bisbal del Pened\u00e8s ha explicat que \u201caquest import s\u2019agafar\u00e0, quan faci falta i per vinculaci\u00f3, de la partida d\u2019ajudes per a fam\u00edlies desafavorides, on hi ha 10.000\u20ac. La partida de fam\u00edlies desafavorides \u00e9s una partida on, si fa falta, s\u2019hi incorporar\u00e0 m\u00e9s import a trav\u00e9s d\u2019una nova modificaci\u00f3 de cr\u00e8dit\u201d.<\/span><\/p>\n<p style=\"text-align: justify;\"><span style=\"color: #000000;\">Al ple s\u2019ha aprovat la proposta de ratificar el Decret d\u2019alcaldia del passat 5 de maig.<\/span><\/p>\n<p style=\"text-align: justify;\"><span style=\"color: #000000;\"><strong>\u00a0<\/strong><\/span><\/p>\n<p style=\"text-align: justify;\"><span style=\"color: #000000;\"><strong>Punt 4. Modificaci\u00f3 de cr\u00e8dit per aplicaci\u00f3 del fons de conting\u00e8ncia. Ratificaci\u00f3 de Decret d\u2019alcaldia.<\/strong><\/span><\/p>\n<p style=\"text-align: justify;\"><span style=\"color: #000000;\">S\u2019ha ratificat el Decret d\u2019alcaldia amb els vots a favor de Comprom\u00eds amb la Bisbal (6), Units per la Bisbal-FIC (1) i ERC-AM (1) i les abstencions del PSC (2) i Ara la Bisbal (1).<\/span><\/p>\n<p style=\"text-align: justify;\"><span style=\"color: #000000;\">Per aprovar els ajuts a les persones aut\u00f2nomes i petites empreses afectades per l\u2019estat d\u2019alarma de la Covid- 19 s\u2019ha de crear una partida al pressupost i dotar-la d\u2019un import. Aquesta modificaci\u00f3 de cr\u00e8dit del pressupost vigent ha estat aprovada, mitjan\u00e7ant Decret d\u2019alcaldia del 6 de maig de 2020, en la modalitat de cr\u00e8dits extraordinaris, per aplicaci\u00f3 del fons de conting\u00e8ncia.<\/span><\/p>\n<p style=\"text-align: justify;\"><span style=\"color: #000000;\">Aix\u00ed, s\u2019ha proposat la ratificaci\u00f3 del decret de la modificaci\u00f3 de cr\u00e8dit per a la creaci\u00f3 de la partida \u201cajudes a les persones aut\u00f2nomes i petites empreses afectades per l\u2019estat d\u2019alarma de la Covid-19\u201d per un import de 21.485,12\u20ac, que s\u2019extreu de la partida del pressupost 2020 \u201cFons de conting\u00e8ncia\u201d. El fons de conting\u00e8ncia t\u00e9 com a finalitat cobrir necessitats imprevistes inajornables i no discrecionals que es puguin presentar al llarg de l\u2019exercici i per a les quals no existeixi cr\u00e8dit pressupostari o el previst resulti insuficient. Tenint en compte la situaci\u00f3 imprevista generada per la Covid-19, s\u2019ha optat per proposar utilitzar els diners d\u2019aquesta partida per als ajuts per a persones aut\u00f2nomes i petites empreses afectades per l\u2019estat d\u2019alarma de la Covid- 19<\/span><\/p>\n<p style=\"text-align: justify;\"><span style=\"color: #000000;\">La resta de l\u2019import, fins arribar als 30.000\u20ac que est\u00e0 previst que es destinin a aquesta subvenci\u00f3, vindr\u00e0 \u2013 per vinculaci\u00f3 \u2013 d\u2019altres partides, segons ha explicat l\u2019alcaldessa Agn\u00e8s Ferr\u00e9.<\/span><\/p>\n<p style=\"text-align: justify;\"><span style=\"color: #000000;\">En total faltarien 8.514,88\u20ac per arribar als 30.000\u20ac previstos per a aquestes subvencions. Est\u00e0 previst que, d\u2019una banda, es puguin derivar 5.000\u20ac de la partida destinada a les subvencions per a la creaci\u00f3 de llocs de treball ja que, segons ha explicat l\u2019alcaldessa Agn\u00e8s Ferr\u00e9, \u201cenguany no es convocaran tenint en compte la situaci\u00f3 actual\u201d. Quant als 3.514,88\u20ac restants, s\u2019incorporarien a la partida \u201cquan fes falta, per vinculaci\u00f3 de la partida de fam\u00edlies desafavorides\u201d. Segons ha explicat l\u2019alcaldessa \u201cla partida de fam\u00edlies desafavorides es podr\u00e0 ampliar amb m\u00e9s import, si \u00e9s necessari, de partides del pressupost que no s\u2019executin aquest 2020\u201d.<\/span><\/p>\n<p style=\"text-align: justify;\"><span style=\"color: #000000;\">Al ple s\u2019ha aprovat la proposta de ratificar el Decret d\u2019alcaldia del 6 de maig per la modificaci\u00f3 de cr\u00e8dit de 21.485,12\u20ac del super\u00e0vit de l\u2019any 2019 per a incorporar aquest import a la partida per a les subvencions destinades a aut\u00f2noms i empreses afectades per la Covid-19.<\/span><\/p>\n<p style=\"text-align: justify;\"><span style=\"color: #000000;\"><strong>Punt 5. Bases reguladores i convocat\u00f2ria de les subvencions a persones i unitats familiars o de conviv\u00e8ncia afectades per la crisi sanit\u00e0ria ocasionada per la Covid-19<\/strong><\/span><\/p>\n<p style=\"text-align: justify;\"><span style=\"color: #000000;\">S\u2019ha aprovat amb els vots a favor de Comprom\u00eds amb la Bisbal (6) i les abstencions del PSC (2), Units per la Bisbal-FIC (1), Ara la Bisbal (1) i ERC-AM (1).<\/span><\/p>\n<p style=\"text-align: justify;\"><span style=\"color: #000000;\">El Ple ha aprovat les bases reguladores i la convocat\u00f2ria de les subvencions amb la finalitat d\u2019ajudar les persones i unitats familiars o de conviv\u00e8ncia afectades per la situaci\u00f3 generada per la Covid-19, per fer front a les despeses derivades del lloguer o de la hipoteca de l\u2019habitatge habitual, dels subministraments b\u00e0sics (llum i aigua) i de l\u2019adquisici\u00f3 de productes d\u2019alimentaci\u00f3 i farm\u00e0cia.<\/span><\/p>\n<p style=\"text-align: justify;\"><span style=\"color: #000000;\">S\u2019hi destinar\u00e0 un import de 30.000\u20ac del pressupost municipal i la quantia individualitzada de la subvenci\u00f3 ser\u00e0 de 500\u20ac per beneficiari\/\u00e0ria. Es concedir\u00e0 una \u00fanica subvenci\u00f3 per unitat familiar o de conviv\u00e8ncia i aquesta s\u2019haur\u00e0 de destinar a fer front a les despeses derivades del lloguer o de la hipoteca de l\u2019habitatge habitual, dels subministraments b\u00e0sics (llum i aigua) i de l\u2019adquisici\u00f3 de productes d\u2019alimentaci\u00f3 i farm\u00e0cia.<\/span><\/p>\n<p style=\"text-align: justify;\"><span style=\"color: #000000;\">Les bases aprovades es poden consultar en aquest enlla\u00e7: <a style=\"color: #000000;\" href=\"http:\/\/bisbalpenedes.com\/web\/wp-content\/uploads\/2020\/05\/Bases-ajudes-per-a-persones-i-unitats-familiars-o-de-convivencia-afectades-per-la-Covid-19.pdf\">http:\/\/bisbalpenedes.com\/web\/wp-content\/uploads\/2020\/05\/Bases-ajudes-per-a-persones-i-unitats-familiars-o-de-convivencia-afectades-per-la-Covid-19.pdf<\/a><\/span><\/p>\n<p style=\"text-align: justify;\"><span style=\"color: #000000;\"><strong>Punt 6. Bases reguladores i convocat\u00f2ria per subvencions a persones aut\u00f2nomes i petites empreses de la Bisbal del Pened\u00e8s afectades per la situaci\u00f3 generada per la Covid-19.<\/strong><\/span><\/p>\n<p style=\"text-align: justify;\"><span style=\"color: #000000;\">S\u2019ha aprovat amb els vots a favor de Comprom\u00eds amb la Bisbal (6) i les abstencions del PSC (2), Units per la Bisbal-FIC (1), Ara la Bisbal (1) i ERC-AM (1).<\/span><\/p>\n<p style=\"text-align: justify;\"><span style=\"color: #000000;\">S\u2019aproven les bases reguladores i la convocat\u00f2ria d\u2019unes subvencions amb la finalitat de donar suport a persones aut\u00f2nomes, comer\u00e7os, establiments de restauraci\u00f3 i petites empreses de fins a 10 treballadors\/es del municipi que hagin hagut de suspendre la seva activitat econ\u00f2mica o que hagin vist redu\u00efda la seva facturaci\u00f3, a conseq\u00fc\u00e8ncia de la situaci\u00f3 generada per la Covid-19, i que continuen fent front a les despeses ordin\u00e0ries derivades del funcionament dels seus negocis.<\/span><\/p>\n<p style=\"text-align: justify;\"><span style=\"color: #000000;\">S\u2019hi destinar\u00e0 un import de 30.000\u20ac del pressupost municipal i la quantia individualitzada de la subvenci\u00f3 per haver susp\u00e8s l\u2019activitat per la Covid-19 ser\u00e0 de:<\/span><\/p>\n<p style=\"padding-left: 30px; text-align: justify;\"><span style=\"color: #000000;\">-700\u20ac sense treballadors\/es contractats\/des<\/span><\/p>\n<p style=\"padding-left: 30px; text-align: justify;\"><span style=\"color: #000000;\">-800\u20ac amb treballadors\/es contractats\/des<\/span><\/p>\n<p style=\"text-align: justify;\"><span style=\"color: #000000;\">La quantia individualitzada de la subvenci\u00f3 si han registrat una reducci\u00f3 en la seva facturaci\u00f3 del 1r trimestre de 2020 en comparaci\u00f3 amb el 1r trimestre de 2019 del 25% o superior, a conseq\u00fc\u00e8ncia de l\u2019aplicaci\u00f3 de l\u2019estat d\u2019alarma (en cas que l\u2019activitat tingui una antiguitat inferior a un any, la comparaci\u00f3 ser\u00e0 amb la facturaci\u00f3 mitjana mensual del 2019):<\/span><\/p>\n<table width=\"567\">\n<tbody>\n<tr>\n<td width=\"198\"><span style=\"color: #000000;\"><em>% de reducci\u00f3 d\u2019ingressos<\/em><\/span><\/td>\n<td width=\"189\"><span style=\"color: #000000;\"><em>Sense treballadors\/es contractats\/des<\/em><\/span><\/td>\n<td width=\"180\"><span style=\"color: #000000;\"><em>Amb treballadors\/es contractats\/des<\/em><\/span><\/td>\n<\/tr>\n<tr>\n<td width=\"198\"><span style=\"color: #000000;\"><em>Entre el 25 i el 50 %<\/em><\/span><\/td>\n<td width=\"189\"><span style=\"color: #000000;\">300,00 \u20ac<\/span><\/td>\n<td width=\"180\"><span style=\"color: #000000;\">400,00 \u20ac<\/span><\/td>\n<\/tr>\n<tr>\n<td width=\"198\"><span style=\"color: #000000;\"><em>M\u00e9s del 50 %<\/em><\/span><\/td>\n<td width=\"189\"><span style=\"color: #000000;\">500,00 \u20ac<\/span><\/td>\n<td width=\"180\"><span style=\"color: #000000;\">600,00 \u20ac<\/span><\/td>\n<\/tr>\n<\/tbody>\n<\/table>\n<p style=\"text-align: justify;\"><span style=\"color: #000000;\">Es concedir\u00e0 una \u00fanica subvenci\u00f3 per sol\u00b7licitant i les sol\u00b7licituds s\u2019hauran de presentar de forma electr\u00f2nica al Registre d\u2019entrada de l\u2019Ajuntament en el termini de 20 dies h\u00e0bils a comptar des de l\u2019endem\u00e0 de la publicaci\u00f3 de l\u2019extracte de la convocat\u00f2ria al Butllet\u00ed Oficial de la Prov\u00edncia de Tarragona (BOPT).<\/span><\/p>\n<p style=\"text-align: justify;\"><span style=\"color: #000000;\">Les bases aprovades es poden consultar en aquest enlla\u00e7: <a style=\"color: #000000;\" href=\"http:\/\/bisbalpenedes.com\/web\/wp-content\/uploads\/2020\/05\/Bases-ajudes-per-a-autonoms-i-petites-empreses-afectats-per-la-Covid-19.pdf\">http:\/\/bisbalpenedes.com\/web\/wp-content\/uploads\/2020\/05\/Bases-ajudes-per-a-autonoms-i-petites-empreses-afectats-per-la-Covid-19.pdf<\/a><\/span><\/p>\n<hr \/>\n<p style=\"text-align: justify;\"><span style=\"color: #000000;\"><strong>CASTELLANO |\u00a0<\/strong>Este lunes 11 de mayo, a las 9h, se ha celebrado un Pleno extraordinario en el Ayuntamiento de la Bisbal del Pened\u00e8s. El Pleno se ha llevado a cabo -por primera vez- de forma telem\u00e1tica a trav\u00e9s de la aplicaci\u00f3n Localretmeet y se ha podido ver, en directo, a trav\u00e9s de <a style=\"color: #000000;\" href=\"https:\/\/www.youtube.com\/watch?v=ygMmjggea3Q\">Youtube.<\/a><\/span><\/p>\n<p style=\"text-align: justify;\"><span style=\"color: #000000;\">A continuaci\u00f3n, os detallamos los puntos que se han tratado en el Pleno:<\/span><\/p>\n<p style=\"text-align: justify;\"><span style=\"color: #000000;\"><strong>Punto 1. Celebraci\u00f3n a distancia de las sesiones de los \u00f3rganos colegiados.<\/strong><\/span><\/p>\n<p style=\"text-align: justify;\"><span style=\"color: #000000;\">Se ha aprobado por unanimidad con los votos a favor de Comprom\u00eds amb la Bisbal (6), PSC (2), Units per la Bisbal \u2013 FIC (1), Ara la Bisbal (1) y ERC-AM (1).<\/span><\/p>\n<p style=\"text-align: justify;\"><span style=\"color: #000000;\">La aprobaci\u00f3n de este primer punto del orden del d\u00eda era necesaria para poder celebrar el Pleno de forma telem\u00e1tica.<\/span><\/p>\n<p style=\"text-align: justify;\"><span style=\"color: #000000;\">El pasado mes de marzo se modific\u00f3 la ley 7\/1985 reguladora de las bases del r\u00e9gimen local para permitir a las entidades locales la constituci\u00f3n, celebraci\u00f3n de las sesiones y adopci\u00f3n de acuerdos de sus \u00f3rganos colegiados a distancia, por medios electr\u00f3nicos y telem\u00e1ticos, teniendo en cuenta la situaci\u00f3n de estado de alarma generada por el Covid-19 y la necesidad de adoptar medidas para reducir el riesgo de exposici\u00f3n y transmisi\u00f3n del virus.<\/span><\/p>\n<p style=\"text-align: justify;\"><span style=\"color: #000000;\">Por otro lado, el pasado 30 de abril, la alcaldesa Agn\u00e8s Ferr\u00e9 firm\u00f3 por decreto la adhesi\u00f3n del Ayuntamiento de la Bisbal del Pened\u00e8s al servicio de videoconferencia Localretmeet que el consorcio Localret ha puesto en funcionamiento para la celebraci\u00f3n de las sesiones de los \u00f3rganos colegiados de los entes locales a distancia.<\/span><\/p>\n<p style=\"text-align: justify;\"><span style=\"color: #000000;\">Como el Reglamento de Organizaci\u00f3n Municipal (ROM) del Ayuntamiento de la Bisbal del Pened\u00e8s y la normativa municipal no contemplan que las sesiones de los \u00f3rganos colegiados (Plenos, Juntas de Gobierno y Comisi\u00f3n de Cuentas) se puedan celebrar de forma telem\u00e1tica, el siguiente punto del orden del d\u00eda (2) ha sido para aprobar la modificaci\u00f3n del ROM a\u00f1adiendo la posibilidad de celebrar Plenos a distancia en determinados casos.<\/span><\/p>\n<p style=\"text-align: justify;\"><span style=\"color: #000000;\">No obstante, como se da el caso que esta sesi\u00f3n no est\u00e1 contemplada en el ROM, se ten\u00eda que aprobar primero esta propuesta de forma expresa. Por ese motivo se ha propuesto al Pleno aprobar la constituci\u00f3n, celebraci\u00f3n y adopci\u00f3n de los acuerdos a distancia, mediante videoconferencia, de los \u00f3rganos colegiados durante la actual situaci\u00f3n excepcional de estado de alarma y aprobar las instrucciones de funcionamiento y desarrollo de las sesiones plenarias que se celebren telem\u00e1ticamente, de acuerdo con el art\u00edculo 46.3 de la Ley 7\/1985, del 2 de abril, reguladora de las bases de r\u00e9gimen local, y la disposici\u00f3n adicional tercera del Decreto ley 7\/2020, del 17 de marzo.<\/span><\/p>\n<p style=\"text-align: justify;\"><span style=\"color: #000000;\"><strong>Punto 2. Modificaci\u00f3n del Reglamento Org\u00e1nico Municipal. <\/strong><\/span><\/p>\n<p style=\"text-align: justify;\"><span style=\"color: #000000;\">Se ha aprobado por unanimidad con los votos a favor de Comprom\u00eds amb la Bisbal (6), PSC (2), Units per la Bisbal \u2013 FIC (1), Ara la Bisbal (1) y ERC-AM (1).<\/span><\/p>\n<p style=\"text-align: justify;\"><span style=\"color: #000000;\">El Reglamento Org\u00e1nico Municipal, aprobado en junio del 2017, no contemplaba la opci\u00f3n de poder celebrar los plenos de forma telem\u00e1tica y, teniendo en cuenta la situaci\u00f3n generada por el Covid-19, se hac\u00eda necesario tomar medidas para evitar posibles contagios. Por este motivo se ha propuesto celebrar los plenos de forma telem\u00e1tica y, teniendo en cuenta la situaci\u00f3n generada por el Covid-19, se har\u00eda necesario tomar medidas para evitar posibles contagios. Por eso se ha hecho la propuesta de celebrar los plenos de forma telem\u00e1tica pero, para hacerlo, era necesario modificar el ROM. La propuesta contemplaba la aprobaci\u00f3n inicial de la modificaci\u00f3n de los art\u00edculos 100, 117 y 121 del Reglamento Org\u00e1nico Municipal por tal que en situaciones excepcionales de fuerza mayor, de grave riesgo colectivo o cat\u00e1strofes p\u00fablicas que impidan o dificulten de manera desproporcionada el normal funcionamiento del r\u00e9gimen presencial de las sesiones del Pleno, Junta de gobierno o Comisi\u00f3n de Cuentas de la Corporaci\u00f3n, se puedan constituir, celebrar y adoptar acuerdos a distancia, por medios electr\u00f3nicos o telem\u00e1ticos, siempre que sus miembros participantes se encuentren en territorio espa\u00f1ol y quede acreditada su identidad. Tambi\u00e9n se establece la regulaci\u00f3n del funcionamiento de las sesiones de los \u00f3rganos colegiados a distancia.<\/span><\/p>\n<p style=\"text-align: justify;\"><span style=\"color: #000000;\"><strong>Punto 3. Modificaci\u00f3n de cr\u00e9dito para aplicaci\u00f3n del super\u00e1vit 2019. Ratificaci\u00f3n del Decreto de alcald\u00eda.<\/strong><\/span><\/p>\n<p style=\"text-align: justify;\"><span style=\"color: #000000;\">Se ha ratificado el Decreto de alcald\u00eda con los votos a favor de Comprom\u00eds amb la Bisbal (6), Units per la Bisbal-FIC (1) y ERC-AM (1). Se han abstenido el PSC (2) y Ara la Bisbal (1).<\/span><\/p>\n<p style=\"text-align: justify;\"><span style=\"color: #000000;\">El presupuesto municipal 2020 no contemplaba medidas de ayudas para paliar los efectos del Covid-19. En el marco de las medidas urgentes extraordinarias para hacer frente al impacto econ\u00f3mico y social del Covid-19, la ley permite destinar un 20% del super\u00e1vit del a\u00f1o 2019 a gastos sociales, cumpliendo una serie de requisitos: estabilidad presupuestaria, remanente de tesorer\u00eda positivo, endeudamiento inferior al 110% y Periodo Medio de Pago (PMP) del 1\u00ba trimestre del 2020 inferior a los 30 d\u00edas. Adem\u00e1s, el 20% del super\u00e1vit no puede ser superior al importe objetivo de estabilidad presupuestaria para la previsi\u00f3n de la liquidaci\u00f3n del ejercicio 2020. Teniendo en cuenta los requisitos que marca la ley, el importe del super\u00e1vit que el Ayuntamiento de la Bisbal del Pened\u00e8s puede destinar, como m\u00e1ximo, a estas ayudas asciende a 28.201,46\u20ac.<\/span><\/p>\n<p style=\"text-align: justify;\"><span style=\"color: #000000;\">El pasado 5 de mayo la alcaldesa de la Bisbal del Pened\u00e8s, Agn\u00e8s Ferr\u00e9, firm\u00f3 un Decreto de alcald\u00eda para crear una partida en el presupuesto 2020 con el nombre \u201cSubvenciones a familias afectadas por el Covid-19\u201d y con un importe de 28.201,46\u20ac provenientes del super\u00e1vit del 2019.<\/span><\/p>\n<p style=\"text-align: justify;\"><span style=\"color: #000000;\">Como a la convocatoria de subvenciones se le destinan un total de 30.000\u20ac, los 1.798,54\u20ac restantes saldr\u00e1n de la vinculaci\u00f3n de otras partidas del presupuesto 2020. La alcaldesa de la Bisbal del Pened\u00e8s ha explicado que \u201ceste importe se coger\u00e1, cuando haga falta y por vinculaci\u00f3n, de la partida de ayudas para familias desfavorecidas, donde hay 10.000\u20ac. La partida de familias desfavorecidas es una partida donde, si hace falta, se incorporar\u00e1 m\u00e1s importe a trav\u00e9s de una nueva modificaci\u00f3n de cr\u00e9dito\u201d.<\/span><\/p>\n<p style=\"text-align: justify;\"><span style=\"color: #000000;\">En el pleno se ha aprobado la propuesta de ratificar el Decreto de alcald\u00eda del pasado 5 de mayo.<\/span><\/p>\n<p style=\"text-align: justify;\"><span style=\"color: #000000;\"><strong>Punto 4. Modificaci\u00f3n del cr\u00e9dito para aplicaci\u00f3n del fondo de contingencia. Ratificaci\u00f3n de Decreto de alcald\u00eda.<\/strong><\/span><\/p>\n<p style=\"text-align: justify;\"><span style=\"color: #000000;\">Se ha ratificado el Decreto de alcald\u00eda con los votos a favor de Comprom\u00eds amb la Bisbal (6), Units per la Bisbal-FIC (1) y ERC-AM (1). Se han abstenido el PSC (2) y Ara la Bisbal (1).<\/span><\/p>\n<p style=\"text-align: justify;\"><span style=\"color: #000000;\">Para aprobar las ayudas a las personas aut\u00f3nomas y peque\u00f1as empresas afectadas por el estado de alarma del Covid-19 se tiene que crear una partida en el presupuesto y dotarla de un importe. Esta modificaci\u00f3n de cr\u00e9dito del presupuesto vigente ha sido aprobada, mediante Decreto de alcald\u00eda del 6 de mayo del 2020, en la modalidad de cr\u00e9ditos extraordinarios, por aplicaci\u00f3n del fondo de contingencia.<\/span><\/p>\n<p style=\"text-align: justify;\"><span style=\"color: #000000;\">As\u00ed, se ha propuesto la ratificaci\u00f3n del decreto de la modificaci\u00f3n de cr\u00e9dito para la creaci\u00f3n de la partida \u201cayudas a las personas aut\u00f3nomas y peque\u00f1as empresas afectadas por el estado de alarma del Covid-19\u201d por un importe de 21.485,12\u20ac, que se extrae de la partida del presupuesto 2020 \u201cFondo de contingencia\u201d. El fondo de contingencia tiene como finalidad cubrir necesidades imprevistas inaplazables y no discrecionales que se puedan presentar a lo largo del ejercicio y para las cuales no exista cr\u00e9dito presupuestario o el previsto resulte insuficiente. Teniendo en cuenta la situaci\u00f3n imprevista generada por el Covid-19, se ha optado por proponer utilizar el dinero de esta partida para las ayudas para personas aut\u00f3nomas y peque\u00f1as empresas afectadas por el estado de alarma del Covid-19.<\/span><\/p>\n<p style=\"text-align: justify;\"><span style=\"color: #000000;\">El resto del importe, hasta llegar a los 30.000\u20ac que est\u00e1 previsto que se destinen a esta subvenci\u00f3n, vendr\u00e1 -por vinculaci\u00f3n- de otras partidas, seg\u00fan ha explicado la alcaldesa Agn\u00e8s Ferr\u00e9.<\/span><\/p>\n<p style=\"text-align: justify;\"><span style=\"color: #000000;\">En total faltar\u00edan 8.514,88\u20ac para llegar a los 30.000\u20ac previstos para estas subvenciones. Est\u00e1 previsto que, por otro lado, se puedan derivar 5.000\u20ac de la partida destinada a las subvenciones para la creaci\u00f3n de puestos de trabajo ya que, seg\u00fan ha explicado la alcaldesa Agn\u00e8s Ferr\u00e9, \u201ceste a\u00f1o no se convocar\u00e1n teniendo en cuenta la situaci\u00f3n actual\u201d. En cuanto a los 3.514,88\u20ac restantes, se incorporar\u00edan a la partida \u201ccuando hiciese falta, por vinculaci\u00f3n de la partida de familias desfavorecidas\u201d. Seg\u00fan ha explicado la acaldesa \u201cla partida de familias desfavorecidas se podr\u00e1 ampliar con m\u00e1s importe, si es necesario, de partidas del presupuesto que no se ejecuten este 2020\u201d.<\/span><\/p>\n<p style=\"text-align: justify;\"><span style=\"color: #000000;\">En el Pleno se ha aprobado la propuesta de ratificar el Decreto de alcald\u00eda del 6 de mayo para la modificaci\u00f3n de cr\u00e9dito de 21.485,12\u20ac del super\u00e1vit del a\u00f1o 2019 para incorporar este importe a la partida para las subvenciones destinadas a aut\u00f3nomos y empresas afectadas por el Covid-19.<\/span><\/p>\n<p style=\"text-align: justify;\"><span style=\"color: #000000;\"><strong>Punto 5. Bases reguladoras y convocatoria de las subvenciones a personas y unidades familiares o de convivencia afectadas por la crisis sanitaria ocasionada por el Covid-19.<\/strong><\/span><\/p>\n<p style=\"text-align: justify;\"><span style=\"color: #000000;\">Se ha aprobado con los votos a favor de Comprom\u00eds amb la Bisbal (6) y las abstenciones del PSC (2), Units per la Bisbal-FIC (1), Ara la Bisbal (1) y ERC-AM (1).<\/span><\/p>\n<p style=\"text-align: justify;\"><span style=\"color: #000000;\">El Pleno ha aprobado las bases reguladoras y la convocatoria de las subvenciones con la finalidad de ayudar a las personas y unidades familiares o de convivencia afectadas por la situaci\u00f3n generada por el Covid-19, para hacer frente a los gastos derivados del alquiler o de la hipoteca de la vivienda habitual, los suministros b\u00e1sicos (luz y agua) y de la adquisici\u00f3n de productos de alimentaci\u00f3n y farmacia.<\/span><\/p>\n<p style=\"text-align: justify;\"><span style=\"color: #000000;\">Se destinar\u00e1 un importe de 30.000\u20ac del presupuesto municipal y la cuant\u00eda individualizada de la subvenci\u00f3n ser\u00e1 de 500\u20ac por beneficiario\/a. Se conceder\u00e1 una \u00fanica subvenci\u00f3n por unidad familiar o de convivencia y esta se tendr\u00e1 que destinar a hacer frente a los gastos derivados del alquiler o de la hipoteca de la vivienda habitual, de los suministros b\u00e1sicos (luz y agua) y de la adquisici\u00f3n de productos de alimentaci\u00f3n y farmacia.<\/span><\/p>\n<p style=\"text-align: justify;\"><span style=\"color: #000000;\">Las bases aprobadas se pueden consultar en este enlace: <a style=\"color: #000000;\" href=\"http:\/\/bisbalpenedes.com\/web\/wp-content\/uploads\/2020\/05\/Bases-ajudes-per-a-persones-i-unitats-familiars-o-de-convivencia-afectades-per-la-Covid-19.pdf\">http:\/\/bisbalpenedes.com\/web\/wp-content\/uploads\/2020\/05\/Bases-ajudes-per-a-persones-i-unitats-familiars-o-de-convivencia-afectades-per-la-Covid-19.pdf<\/a><\/span><\/p>\n<p style=\"text-align: justify;\"><span style=\"color: #000000;\"><strong>Punto 6. Bases reguladoras y convocatoria para subvenciones a personas aut\u00f3nomas y peque\u00f1as empresas de la Bisbal del Pened\u00e8s afectadas por la situaci\u00f3n generada por el Covid-19.<\/strong><\/span><\/p>\n<p style=\"text-align: justify;\"><span style=\"color: #000000;\">Se ha aprobado con los votos a favor de Comprom\u00eds amb la Bisbal (6) y las abstenciones del PSC (2), Units per la Bisbal-FIC (1), Ara la Bisbal (1) y ERC-AM (1).<\/span><\/p>\n<p style=\"text-align: justify;\"><span style=\"color: #000000;\">Se aprueban las bases reguladoras y la convocatoria de unas subvenciones con la finalidad de apoyar a personas aut\u00f3nomas, comercios, establecimientos de restauraci\u00f3n y peque\u00f1as empresas de hasta 10 trabajadores\/as del municipio que hayan tenido que suspender su actividad econ\u00f3mica o que hayan visto reducida su facturaci\u00f3n, a consecuencia de la situaci\u00f3n generada por el Covid-19, y que contin\u00faen haciendo frente a los gastos ordinarios derivados del funcionamiento de sus negocios.<\/span><\/p>\n<p style=\"text-align: justify;\"><span style=\"color: #000000;\">Se destinar\u00e1 un importe de 30.000\u20ac del presupuesto municipal y la cuant\u00eda individualizada de la subvenci\u00f3n por haber suspendido la actividad por el Covid-19 ser\u00e1 de:<\/span><\/p>\n<p style=\"text-align: justify;\"><span style=\"color: #000000;\">-700\u20ac sin trabajadores\/as contratados<\/span><\/p>\n<p style=\"text-align: justify;\"><span style=\"color: #000000;\">-800\u20ac con trabajadores\/as contratados<\/span><\/p>\n<p style=\"text-align: justify;\"><span style=\"color: #000000;\">La cuant\u00eda individualizada de la subvenci\u00f3n si han registrado una reducci\u00f3n en su facturaci\u00f3n del 1\u00ba trimestre del 2020 en comparaci\u00f3n con el 1\u00ba trimestre del 2019 del 25% o superior, a consecuencia de la aplicaci\u00f3n del estado de alarma (en caso que la actividad tenga una antig\u00fcedad inferior a un a\u00f1o, la comparaci\u00f3n ser\u00e1 con la facturaci\u00f3n mediana mensual del 2019):<\/span><\/p>\n<table width=\"567\">\n<tbody>\n<tr>\n<td width=\"198\"><span style=\"color: #000000;\"><em>% de reducci\u00f3n de ingresos<\/em><\/span><\/td>\n<td width=\"189\"><span style=\"color: #000000;\"><em>Sin trabajadores\/as<br \/>\ncontratados\/as<\/em><\/span><\/td>\n<td width=\"180\"><span style=\"color: #000000;\"><em>Con trabajadores\/as<br \/>\ncontratados\/as<\/em><\/span><\/td>\n<\/tr>\n<tr>\n<td width=\"198\"><span style=\"color: #000000;\"><em>Entre el 25 y el 50 %<\/em><\/span><\/td>\n<td width=\"189\"><span style=\"color: #000000;\">300,00 \u20ac<\/span><\/td>\n<td width=\"180\"><span style=\"color: #000000;\">400,00 \u20ac<\/span><\/td>\n<\/tr>\n<tr>\n<td width=\"198\"><span style=\"color: #000000;\"><em>M\u00e1s del 50 %<\/em><\/span><\/td>\n<td width=\"189\"><span style=\"color: #000000;\">500,00 \u20ac<\/span><\/td>\n<td width=\"180\"><span style=\"color: #000000;\">600,00 \u20ac<\/span><\/td>\n<\/tr>\n<\/tbody>\n<\/table>\n<p style=\"text-align: justify;\"><span style=\"color: #000000;\">Se conceder\u00e1 una \u00fanica subvenci\u00f3n por solicitante y las solicitudes se deber\u00e1n presentar de forma electr\u00f3nica en el Registro de entrada del Ayuntamiento en un plazo de 20 d\u00edas h\u00e1biles a contar desde el d\u00eda siguiente de la publicaci\u00f3n del extracto de la convocatoria en el Bolet\u00edn Oficial de la Provincia de Tarragona (BOPT).<\/span><\/p>\n<p style=\"text-align: justify;\"><span style=\"color: #000000;\">Las bases aprobadas se pueden consultar en este enlace: <a style=\"color: #000000;\" href=\"http:\/\/bisbalpenedes.com\/web\/wp-content\/uploads\/2020\/05\/Bases-ajudes-per-a-autonoms-i-petites-empreses-afectats-per-la-Covid-19.pdf\">http:\/\/bisbalpenedes.com\/web\/wp-content\/uploads\/2020\/05\/Bases-ajudes-per-a-autonoms-i-petites-empreses-afectats-per-la-Covid-19.pdf<\/a><\/span><\/p>\n<p>&nbsp;<\/p>\n<p>&nbsp;<\/p>\n<p style=\"text-align: center;\"><iframe loading=\"lazy\" src=\"https:\/\/www.youtube.com\/embed\/ygMmjggea3Q\" width=\"560\" height=\"315\" frameborder=\"0\" allowfullscreen=\"allowfullscreen\"><\/iframe><\/p>\n","protected":false},"excerpt":{"rendered":"<p>Aquest dilluns 11 de maig, a les 9h, s\u2019ha celebrat un Ple extraordinari a l\u2019Ajuntament de la Bisbal del Pened\u00e8s. El Ple s\u2019ha dut a terme &#8211; per primera vegada-\u00a0de &hellip; <a href=\"https:\/\/bisbalpenedes.com\/web\/2020\/05\/11\/aquest-dilluns-11-de-maig-sha-celebrat-el-primer-ple-extraordinari-telematic-a-lajuntament-de-la-bisbal-del-penedes\/\" class=\"more-link\">Read More<\/a><\/p>\n","protected":false},"author":4,"featured_media":13356,"comment_status":"closed","ping_status":"closed","sticky":false,"template":"","format":"standard","meta":[],"categories":[8,2250],"tags":[3780,163,3559,2971,162,227,423,479,3793,3795,3794],"_links":{"self":[{"href":"https:\/\/bisbalpenedes.com\/web\/wp-json\/wp\/v2\/posts\/13354"}],"collection":[{"href":"https:\/\/bisbalpenedes.com\/web\/wp-json\/wp\/v2\/posts"}],"about":[{"href":"https:\/\/bisbalpenedes.com\/web\/wp-json\/wp\/v2\/types\/post"}],"author":[{"embeddable":true,"href":"https:\/\/bisbalpenedes.com\/web\/wp-json\/wp\/v2\/users\/4"}],"replies":[{"embeddable":true,"href":"https:\/\/bisbalpenedes.com\/web\/wp-json\/wp\/v2\/comments?post=13354"}],"version-history":[{"count":7,"href":"https:\/\/bisbalpenedes.com\/web\/wp-json\/wp\/v2\/posts\/13354\/revisions"}],"predecessor-version":[{"id":13436,"href":"https:\/\/bisbalpenedes.com\/web\/wp-json\/wp\/v2\/posts\/13354\/revisions\/13436"}],"wp:featuredmedia":[{"embeddable":true,"href":"https:\/\/bisbalpenedes.com\/web\/wp-json\/wp\/v2\/media\/13356"}],"wp:attachment":[{"href":"https:\/\/bisbalpenedes.com\/web\/wp-json\/wp\/v2\/media?parent=13354"}],"wp:term":[{"taxonomy":"category","embeddable":true,"href":"https:\/\/bisbalpenedes.com\/web\/wp-json\/wp\/v2\/categories?post=13354"},{"taxonomy":"post_tag","embeddable":true,"href":"https:\/\/bisbalpenedes.com\/web\/wp-json\/wp\/v2\/tags?post=13354"}],"curies":[{"name":"wp","href":"https:\/\/api.w.org\/{rel}","templated":true}]}}