{"id":13346,"date":"2020-05-11T07:24:33","date_gmt":"2020-05-11T06:24:33","guid":{"rendered":"http:\/\/bisbalpenedes.com\/web\/?p=13346"},"modified":"2020-05-11T07:24:33","modified_gmt":"2020-05-11T06:24:33","slug":"lescola-ull-de-vent-obre-el-periode-de-preinscripcions-el-13-de-maig","status":"publish","type":"post","link":"https:\/\/bisbalpenedes.com\/web\/2020\/05\/11\/lescola-ull-de-vent-obre-el-periode-de-preinscripcions-el-13-de-maig\/","title":{"rendered":"L\u2019Escola Ull de Vent obre el per\u00edode de preinscripcions el 13 de maig"},"content":{"rendered":"<p><a href=\"http:\/\/bisbalpenedes.com\/web\/wp-content\/uploads\/2020\/05\/PREINSCRIPCIO-ULL-DE-VENT.jpg\"><img loading=\"lazy\" class=\"aligncenter size-large wp-image-13347\" src=\"http:\/\/bisbalpenedes.com\/web\/wp-content\/uploads\/2020\/05\/PREINSCRIPCIO-ULL-DE-VENT-724x1024.jpg\" alt=\"PREINSCRIPCIO ULL DE VENT\" width=\"630\" height=\"891\" srcset=\"https:\/\/bisbalpenedes.com\/web\/wp-content\/uploads\/2020\/05\/PREINSCRIPCIO-ULL-DE-VENT-724x1024.jpg 724w, https:\/\/bisbalpenedes.com\/web\/wp-content\/uploads\/2020\/05\/PREINSCRIPCIO-ULL-DE-VENT-600x849.jpg 600w, https:\/\/bisbalpenedes.com\/web\/wp-content\/uploads\/2020\/05\/PREINSCRIPCIO-ULL-DE-VENT-212x300.jpg 212w, https:\/\/bisbalpenedes.com\/web\/wp-content\/uploads\/2020\/05\/PREINSCRIPCIO-ULL-DE-VENT-768x1086.jpg 768w, https:\/\/bisbalpenedes.com\/web\/wp-content\/uploads\/2020\/05\/PREINSCRIPCIO-ULL-DE-VENT.jpg 1448w\" sizes=\"(max-width: 630px) 100vw, 630px\" \/><\/a><\/p>\n<p><span style=\"color: #000000;\">Les preinscripcions per al curs 2020-2021 de l\u2019Escola Ull de Vent de la Bisbal del Pened\u00e8s es podran formalitzar del 13 al 22 de maig, de forma telem\u00e0tica. Aquelles fam\u00edlies que no disposin de mitjans per dur a terme el procediment telem\u00e0tic, podran fer la preinscripci\u00f3 de forma presencial entre el 19 i el 22 de maig, nom\u00e9s amb cita pr\u00e8via sol\u00b7licitada pr\u00e8viament contactant al centre.<\/span><\/p>\n<p><span style=\"color: #000000;\">El portal per a fer les preinscripcions \u00e9s<\/span> <a href=\"http:\/\/preinscripcio.gencat.cat\">http:\/\/preinscripcio.gencat.cat<\/a><\/p>\n<p><span style=\"color: #000000;\">M\u00e9s informaci\u00f3 sobre les preinscripcions a l\u2019Escola Ull de Vent entrant al web <a style=\"color: #000000;\" href=\"https:\/\/agora.xtec.cat\/ceipulldevent\/general\/preinscripcio-20-21\/\">https:\/\/agora.xtec.cat\/ceipulldevent\/general\/preinscripcio-20-21\/<\/a><\/span><\/p>\n<p><span style=\"color: #000000;\">Per saber m\u00e9s sobre l\u2019escola, podeu entrar a:<\/span> <a href=\"https:\/\/agora.xtec.cat\/ceipulldevent\/general\/tot-el-que-necessites-saber-de-la-teva-escola\/\">https:\/\/agora.xtec.cat\/ceipulldevent\/general\/tot-el-que-necessites-saber-de-la-teva-escola\/<\/a><\/p>\n<hr \/>\n<p><span style=\"color: #000000;\"><strong>CASTELLANO |<\/strong> Las preinscripciones para el curso 2020-2021 de la Escola Ull de Vent de la Bisbal del Pened\u00e8s se podr\u00e1n formalizar del 13 al 22 de mayo, de forma telem\u00e1tica. Aquellas familias que no dispongan de medios para llevar a cabo el procedimiento telem\u00e1tico, podr\u00e1n hacer la preinscripci\u00f3n de manera presencial entre el 19 y el 22 de mayo, solo con cita previa solicitada previamente contactando con el centro.<\/span><\/p>\n<p><span style=\"color: #000000;\">El portal para hacer las preinscripciones es<\/span> <a href=\"http:\/\/preinscripcio.gengat.cat\">http:\/\/preinscripcio.gengat.cat<\/a><\/p>\n<p><span style=\"color: #000000;\">M\u00e1s informaci\u00f3n sobre las preinscripciones en la Escola Ull de Vent entrando a la web:<\/span> <a href=\"https:\/\/agora.xtec.cat\/ceipulldevent\/general\/preinscripcio-20-21\/\">https:\/\/agora.xtec.cat\/ceipulldevent\/general\/preinscripcio-20-21\/<\/a><\/p>\n<p><span style=\"color: #000000;\">Para saber m\u00e1s sobre la escuela, pod\u00e9is entrar a:<\/span> <a href=\"https:\/\/agora.xtec.cat\/ceipulldevent\/general\/tot-el-que-necessites-saber-de-la-teva-escola\/\">https:\/\/agora.xtec.cat\/ceipulldevent\/general\/tot-el-que-necessites-saber-de-la-teva-escola\/<\/a><\/p>\n<p>&nbsp;<\/p>\n","protected":false},"excerpt":{"rendered":"<p>Les preinscripcions per al curs 2020-2021 de l\u2019Escola Ull de Vent de la Bisbal del Pened\u00e8s es podran formalitzar del 13 al 22 de maig, de forma telem\u00e0tica. Aquelles fam\u00edlies &hellip; <a href=\"https:\/\/bisbalpenedes.com\/web\/2020\/05\/11\/lescola-ull-de-vent-obre-el-periode-de-preinscripcions-el-13-de-maig\/\" class=\"more-link\">Read More<\/a><\/p>\n","protected":false},"author":4,"featured_media":13347,"comment_status":"closed","ping_status":"closed","sticky":false,"template":"","format":"standard","meta":[],"categories":[3456],"tags":[274,862,337,1413],"_links":{"self":[{"href":"https:\/\/bisbalpenedes.com\/web\/wp-json\/wp\/v2\/posts\/13346"}],"collection":[{"href":"https:\/\/bisbalpenedes.com\/web\/wp-json\/wp\/v2\/posts"}],"about":[{"href":"https:\/\/bisbalpenedes.com\/web\/wp-json\/wp\/v2\/types\/post"}],"author":[{"embeddable":true,"href":"https:\/\/bisbalpenedes.com\/web\/wp-json\/wp\/v2\/users\/4"}],"replies":[{"embeddable":true,"href":"https:\/\/bisbalpenedes.com\/web\/wp-json\/wp\/v2\/comments?post=13346"}],"version-history":[{"count":1,"href":"https:\/\/bisbalpenedes.com\/web\/wp-json\/wp\/v2\/posts\/13346\/revisions"}],"predecessor-version":[{"id":13348,"href":"https:\/\/bisbalpenedes.com\/web\/wp-json\/wp\/v2\/posts\/13346\/revisions\/13348"}],"wp:featuredmedia":[{"embeddable":true,"href":"https:\/\/bisbalpenedes.com\/web\/wp-json\/wp\/v2\/media\/13347"}],"wp:attachment":[{"href":"https:\/\/bisbalpenedes.com\/web\/wp-json\/wp\/v2\/media?parent=13346"}],"wp:term":[{"taxonomy":"category","embeddable":true,"href":"https:\/\/bisbalpenedes.com\/web\/wp-json\/wp\/v2\/categories?post=13346"},{"taxonomy":"post_tag","embeddable":true,"href":"https:\/\/bisbalpenedes.com\/web\/wp-json\/wp\/v2\/tags?post=13346"}],"curies":[{"name":"wp","href":"https:\/\/api.w.org\/{rel}","templated":true}]}}