{"id":13315,"date":"2020-05-09T20:04:07","date_gmt":"2020-05-09T19:04:07","guid":{"rendered":"http:\/\/bisbalpenedes.com\/web\/?p=13315"},"modified":"2020-05-09T20:17:18","modified_gmt":"2020-05-09T19:17:18","slug":"informacio-dinteres-ciutada-sobre-la-reobertura-de-la-biblioteca-publica","status":"publish","type":"post","link":"https:\/\/bisbalpenedes.com\/web\/2020\/05\/09\/informacio-dinteres-ciutada-sobre-la-reobertura-de-la-biblioteca-publica\/","title":{"rendered":"Informaci\u00f3 d&#8217;inter\u00e8s ciutad\u00e0 sobre la reobertura de la Biblioteca p\u00fablica"},"content":{"rendered":"<p style=\"text-align: justify;\"><span style=\"color: #000000;\">Davant les consultes que hem rebut sobre la data de restabliment del servei (despr\u00e9s d&#8217;haver hagut de suspendre&#8217;l per la situaci\u00f3 d&#8217;emerg\u00e8ncia sanit\u00e0ria generada per la Covid-19) us informem que no est\u00e0 previst reprendre el servei aquest dilluns 11 de maig.<\/span><\/p>\n<p><span style=\"color: #000000;\">Estem treballant en el pla de reobertura, amb tots els par\u00e0metres de seguretat establerts per les autoritats competents i, en breus, us mantindrem informats de qualsevol novetat a trav\u00e9s de les vies habituals de comunicaci\u00f3.<\/span><\/p>\n<hr \/>\n<p style=\"text-align: justify;\"><span style=\"color: #000000;\">Ante las consultas que hemos recibido sobre la fecha de restablecimiento del servicio (despu\u00e9s de haberlo tenido que suspender por la situaci\u00f3n de emergencia sanitaria generada por el Covid-19) os informamos que no est\u00e1 previsto retomar el servicio este lunes 11 de mayo.<\/span><\/p>\n<p style=\"text-align: justify;\"><span style=\"color: #000000;\">Estamos trabajando en el plan de reapertura, con todos los par\u00e1metros de seguridad establecidos por las autoridades competentes y, en breve, os mantendremos informados de cualquier novedad a trav\u00e9s de las v\u00edas habituales de comunicaci\u00f3n.<\/span><\/p>\n<p style=\"text-align: justify;\"><a href=\"http:\/\/bisbalpenedes.com\/web\/wp-content\/uploads\/2020\/05\/biblioteca-covid-19.jpg\"><img loading=\"lazy\" class=\"alignnone size-medium wp-image-13316\" src=\"http:\/\/bisbalpenedes.com\/web\/wp-content\/uploads\/2020\/05\/biblioteca-covid-19-300x300.jpg\" alt=\"biblioteca covid 19\" width=\"300\" height=\"300\" srcset=\"https:\/\/bisbalpenedes.com\/web\/wp-content\/uploads\/2020\/05\/biblioteca-covid-19-300x300.jpg 300w, https:\/\/bisbalpenedes.com\/web\/wp-content\/uploads\/2020\/05\/biblioteca-covid-19-100x100.jpg 100w, https:\/\/bisbalpenedes.com\/web\/wp-content\/uploads\/2020\/05\/biblioteca-covid-19-600x600.jpg 600w, https:\/\/bisbalpenedes.com\/web\/wp-content\/uploads\/2020\/05\/biblioteca-covid-19-150x150.jpg 150w, https:\/\/bisbalpenedes.com\/web\/wp-content\/uploads\/2020\/05\/biblioteca-covid-19-768x768.jpg 768w, https:\/\/bisbalpenedes.com\/web\/wp-content\/uploads\/2020\/05\/biblioteca-covid-19.jpg 960w\" sizes=\"(max-width: 300px) 100vw, 300px\" \/><\/a><\/p>\n","protected":false},"excerpt":{"rendered":"<p>Davant les consultes que hem rebut sobre la data de restabliment del servei (despr\u00e9s d&#8217;haver hagut de suspendre&#8217;l per la situaci\u00f3 d&#8217;emerg\u00e8ncia sanit\u00e0ria generada per la Covid-19) us informem que &hellip; <a href=\"https:\/\/bisbalpenedes.com\/web\/2020\/05\/09\/informacio-dinteres-ciutada-sobre-la-reobertura-de-la-biblioteca-publica\/\" class=\"more-link\">Read More<\/a><\/p>\n","protected":false},"author":4,"featured_media":13316,"comment_status":"closed","ping_status":"closed","sticky":false,"template":"","format":"standard","meta":[],"categories":[2478,13],"tags":[180,3559],"_links":{"self":[{"href":"https:\/\/bisbalpenedes.com\/web\/wp-json\/wp\/v2\/posts\/13315"}],"collection":[{"href":"https:\/\/bisbalpenedes.com\/web\/wp-json\/wp\/v2\/posts"}],"about":[{"href":"https:\/\/bisbalpenedes.com\/web\/wp-json\/wp\/v2\/types\/post"}],"author":[{"embeddable":true,"href":"https:\/\/bisbalpenedes.com\/web\/wp-json\/wp\/v2\/users\/4"}],"replies":[{"embeddable":true,"href":"https:\/\/bisbalpenedes.com\/web\/wp-json\/wp\/v2\/comments?post=13315"}],"version-history":[{"count":2,"href":"https:\/\/bisbalpenedes.com\/web\/wp-json\/wp\/v2\/posts\/13315\/revisions"}],"predecessor-version":[{"id":13318,"href":"https:\/\/bisbalpenedes.com\/web\/wp-json\/wp\/v2\/posts\/13315\/revisions\/13318"}],"wp:featuredmedia":[{"embeddable":true,"href":"https:\/\/bisbalpenedes.com\/web\/wp-json\/wp\/v2\/media\/13316"}],"wp:attachment":[{"href":"https:\/\/bisbalpenedes.com\/web\/wp-json\/wp\/v2\/media?parent=13315"}],"wp:term":[{"taxonomy":"category","embeddable":true,"href":"https:\/\/bisbalpenedes.com\/web\/wp-json\/wp\/v2\/categories?post=13315"},{"taxonomy":"post_tag","embeddable":true,"href":"https:\/\/bisbalpenedes.com\/web\/wp-json\/wp\/v2\/tags?post=13315"}],"curies":[{"name":"wp","href":"https:\/\/api.w.org\/{rel}","templated":true}]}}