{"id":13303,"date":"2020-05-09T18:39:18","date_gmt":"2020-05-09T17:39:18","guid":{"rendered":"http:\/\/bisbalpenedes.com\/web\/?p=13303"},"modified":"2020-05-09T20:17:53","modified_gmt":"2020-05-09T19:17:53","slug":"el-dilluns-11-de-maig-de-2020-la-bisbal-entra-a-la-fase-i-del-pla-de-transicio-cap-a-la-nova-normalitat","status":"publish","type":"post","link":"https:\/\/bisbalpenedes.com\/web\/2020\/05\/09\/el-dilluns-11-de-maig-de-2020-la-bisbal-entra-a-la-fase-i-del-pla-de-transicio-cap-a-la-nova-normalitat\/","title":{"rendered":"El dilluns 11 de maig la Bisbal entrar\u00e0 a la Fase I del Pla de transici\u00f3 cap a la nova normalitat"},"content":{"rendered":"<p><a href=\"http:\/\/bisbalpenedes.com\/web\/wp-content\/uploads\/2020\/05\/NOVETATS-COVID-11-MAIG-2020.jpg\"><img loading=\"lazy\" class=\"aligncenter size-large wp-image-13319\" src=\"http:\/\/bisbalpenedes.com\/web\/wp-content\/uploads\/2020\/05\/NOVETATS-COVID-11-MAIG-2020-725x1024.jpg\" alt=\"NOVETATS COVID 11 MAIG 2020\" width=\"630\" height=\"890\" srcset=\"https:\/\/bisbalpenedes.com\/web\/wp-content\/uploads\/2020\/05\/NOVETATS-COVID-11-MAIG-2020-725x1024.jpg 725w, https:\/\/bisbalpenedes.com\/web\/wp-content\/uploads\/2020\/05\/NOVETATS-COVID-11-MAIG-2020-600x848.jpg 600w, https:\/\/bisbalpenedes.com\/web\/wp-content\/uploads\/2020\/05\/NOVETATS-COVID-11-MAIG-2020-212x300.jpg 212w, https:\/\/bisbalpenedes.com\/web\/wp-content\/uploads\/2020\/05\/NOVETATS-COVID-11-MAIG-2020-768x1085.jpg 768w, https:\/\/bisbalpenedes.com\/web\/wp-content\/uploads\/2020\/05\/NOVETATS-COVID-11-MAIG-2020.jpg 1241w\" sizes=\"(max-width: 630px) 100vw, 630px\" \/><\/a><\/p>\n<p><span style=\"color: #000000;\">Aquest dissabte 9 de maig s\u2019ha publicat el BOE extraordinari \u201cOrden SND\/399\/2020, de 9 de mayo, para la flexibilizaci\u00f3n de determinadas restricciones de \u00e1mbito nacional, establecidas tras la declaraci\u00f3n del estado de alarma en aplicaci\u00f3n de la fase 1 del Plan para la transici\u00f3n hacia una nueva normalidad\u201d, que resulta d\u2019aplicaci\u00f3 a l\u2019\u00e0mbit territorial de la Regi\u00f3 Sanit\u00e0ria del Camp de Tarragona a partir del proper dilluns 11 de maig de 2020 a les 00h. Us hem preparat un resum de les mesures de flexibilitzaci\u00f3. Si necessiteu m\u00e9s informaci\u00f3 podeu consultar l\u2019Ordre ministerial al seg\u00fcent enlla\u00e7: <a style=\"color: #000000;\" href=\"https:\/\/boe.es\/boe\/dias\/2020\/05\/09\/pdfs\/BOE-A-2020-4911.pdf\">https:\/\/boe.es\/boe\/dias\/2020\/05\/09\/pdfs\/BOE-A-2020-4911.pdf<\/a><\/span><\/p>\n<p><span style=\"color: #000000;\"><strong>Quant als serveis municipals que en l\u2019actualitat estan suspesos o tancats, l\u2019Ajuntament de la Bisbal del Pened\u00e8s us informar\u00e0 a trav\u00e9s dels mitjans habituals, durant els propers dies i setmanes, de quan i amb quines mesures es reobriran. <\/strong><\/span><\/p>\n<p><span style=\"color: #000000;\"><strong>MOBILITAT<\/strong><\/span><\/p>\n<ul>\n<li><span style=\"color: #000000;\">Es permet la lliure circulaci\u00f3 per la prov\u00edncia, illa o unitat territorial a efectes del proc\u00e9s de desescalada.<\/span><\/li>\n<li><span style=\"color: #000000;\">Els grups hauran de ser d\u2019un m\u00e0xim de deu persones, respectant les dist\u00e0ncies de seguretat, a excepci\u00f3 de les persones convivents.<\/span><\/li>\n<li><span style=\"color: #000000;\">Es pot admetre el despla\u00e7ament a altres territoris per motius sanitaris, laborals, professionals o empresarials, de retorn al lloc de resid\u00e8ncia familiar, assist\u00e8ncia i cura de la gent gran, dependents o persones amb discapacitat, causa de for\u00e7a major o situaci\u00f3 de necessitat, o qualsevol altra d\u2019an\u00e0loga naturalesa.<\/span><\/li>\n<\/ul>\n<p><span style=\"color: #000000;\"><strong>\u00c0MBIT LABORAL<\/strong><\/span><\/p>\n<ul>\n<li><span style=\"color: #000000;\">Sempre que sigui possible, es fomentar\u00e0 la continu\u00eftat del teletreball per a aquells treballadors que puguin realitzar la seva activitat laboral a dist\u00e0ncia.<\/span><\/li>\n<li><span style=\"color: #000000;\">Si no \u00e9s possible fer teletreball, s\u2019estableixen mesures espec\u00edfiques de distanciament i prevenci\u00f3 per a totes les activitats regulades en l\u2019Ordre. Tamb\u00e9 s\u2019estableixen mesures per evitar la concentraci\u00f3 de persones. Podeu consultar-les aqu\u00ed: <a style=\"color: #000000;\" href=\"https:\/\/boe.es\/boe\/dias\/2020\/05\/09\/pdfs\/BOE-A-2020-4911.pdf\">https:\/\/boe.es\/boe\/dias\/2020\/05\/09\/pdfs\/BOE-A-2020-4911.pdf<\/a><\/span><\/li>\n<\/ul>\n<p><span style=\"color: #000000;\"><strong>REOBERTURA D\u2019ESTABLIMENTS I LOCALS COMERCIALS<\/strong><\/span><\/p>\n<p><span style=\"color: #000000;\">Podran tornar a obrir establiments i locals comercials al detall i d\u2019activitats de serveis professionals l\u2019activitat dels quals s\u2019hagu\u00e9s susp\u00e8s rere la declaraci\u00f3 de l\u2019estat d\u2019alarma:<\/span><\/p>\n<ul>\n<li><span style=\"color: #000000;\">Aquells que tinguin una superf\u00edcie \u00fatil d\u2019exposici\u00f3 i venda igual o inferior a 400 metres quadrats (amb excepci\u00f3 d\u2019aquells que es trobin en parcs o centres comercials sense acc\u00e9s directe o independent des de l\u2019exterior) sempre que redueixin al 30% l\u2019aforament total en locals comercials (limitaci\u00f3 no aplicable als comer\u00e7os que han pogut obrir des de l\u2019inici de l\u2019estat d\u2019alarma). S\u2019haur\u00e0 de garantir la dist\u00e0ncia m\u00ednima de dos metres entre clients. Si no \u00e9s possible mantenir-la, es permetr\u00e0 \u00fanicament la perman\u00e8ncia d\u2019un client a l\u2019interior del local. Tamb\u00e9 s\u2019haur\u00e0 d\u2019establir un horari d\u2019atenci\u00f3 amb servei prioritari per a majors de 65 anys.<\/span><\/li>\n<li><span style=\"color: #000000;\">Mitjan\u00e7ant cita pr\u00e8via: concessionaris d\u2019automoci\u00f3, estacions d\u2019inspecci\u00f3 t\u00e8cnica de vehicles i centres de jardineria i vivers de plantes, amb independ\u00e8ncia de la seva superf\u00edcie.<\/span><\/li>\n<li><span style=\"color: #000000;\">Entitats concession\u00e0ries de joc p\u00fablic d\u2019\u00e0mbit estatal.<\/span><\/li>\n<li><span style=\"color: #000000;\">Mercats a l\u2019aire lliure o de venda sedent\u00e0ria a la via p\u00fablica (amb prefer\u00e8ncia per als de productes alimentaris o de primera necessitat).<\/span><\/li>\n<\/ul>\n<ol>\n<li><span style=\"color: #000000;\">Els ajuntaments establiran requisits de distanciament entre les parades i condicions de delimitaci\u00f3 del mercat.<\/span><\/li>\n<li><span style=\"color: #000000;\">En tot cas, una limitaci\u00f3 del 25% de les parades habituals o autoritzades.<\/span><\/li>\n<li><span style=\"color: #000000;\">Una aflu\u00e8ncia inferior a un ter\u00e7 de l\u2019aforament habitual.<\/span><\/li>\n<li><span style=\"color: #000000;\">Alternativament es podr\u00e0 procedir a un augment de la superf\u00edcie habilitada.<\/span><\/li>\n<\/ol>\n<ul>\n<li><span style=\"color: #000000;\">Els establiments i locals que puguin procedir a la reobertura al p\u00fablic segons all\u00f2 que es disposa en aquest cap\u00edtol, podran establir, si s\u2019escau, sistemes de recollida al local dels productes adquirits per tel\u00e8fon o en l\u00ednia, sempre que garanteixin una recollida esglaonada que eviti aglomeracions a l\u2019interior del local o al seu acc\u00e9s.<\/span><\/li>\n<li><span style=\"color: #000000;\">Es podr\u00e0 establir un sistema de repartiment preferent per a col\u00b7lectius determinats.<\/span><\/li>\n<\/ul>\n<p><span style=\"color: #000000;\"><strong>IMPORTANT:<\/strong> Els establiments i locals comercials al detall i de prestaci\u00f3 de serveis assimilats que obrin al p\u00fablic hauran de tindre en compte diverses mesures d\u2019higiene i prevenci\u00f3. Podeu llegir-ne el detall a partir de l\u2019article 11 de l\u2019Ordre ministerial publicada al BOE: <a style=\"color: #000000;\" href=\"https:\/\/boe.es\/boe\/dias\/2020\/05\/09\/pdfs\/BOE-A-2020-4911.pdf\">https:\/\/boe.es\/boe\/dias\/2020\/05\/09\/pdfs\/BOE-A-2020-4911.pdf<\/a><\/span><\/p>\n<p><span style=\"color: #000000;\"><strong>REOBERTURA DE TERRASSES A L\u2019AIRE LLIURE D\u2019HOSTALERIA I RESTAURACI\u00d3<\/strong><\/span><\/p>\n<ul>\n<li><span style=\"color: #000000;\">Ocupaci\u00f3 m\u00e0xima de 10 persones per taula o agrupaci\u00f3 de taules.<\/span><\/li>\n<li><span style=\"color: #000000;\">El nombre de taules es limitar\u00e0 a un 50% de les permeses l\u2019any immediatament anterior per la mateixa superf\u00edcie.<\/span><\/li>\n<li><span style=\"color: #000000;\">Possibilitat d\u2019augmentar la superf\u00edcie destinada a terrassa.<\/span><\/li>\n<\/ul>\n<p><span style=\"color: #000000;\">IMPORTANT: S\u2019estableixen diverses mesures d\u2019higiene i\/o prevenci\u00f3. Es poden trobar a l\u2019article 16 de l\u2019Ordre ministerial publicada al BOE: <a style=\"color: #000000;\" href=\"https:\/\/boe.es\/boe\/dias\/2020\/05\/09\/pdfs\/BOE-A-2020-4911.pdf\">https:\/\/boe.es\/boe\/dias\/2020\/05\/09\/pdfs\/BOE-A-2020-4911.pdf<\/a><\/span><\/p>\n<p><span style=\"color: #000000;\"><strong>SERVEIS SOCIALS<\/strong><\/span><\/p>\n<ul>\n<li><span style=\"color: #000000;\">Obertura de tots els centres recollits en el Cat\u00e0leg de Refer\u00e8ncia de Serveis Socials aprovat pel Consell Territorial de Serveis Socials i del Sistema per a l\u2019Autonomia i l\u2019Atenci\u00f3 a la Depend\u00e8ncia.<\/span><\/li>\n<li><span style=\"color: #000000;\">Atenci\u00f3 presencial de qui ho necessiti.<\/span><\/li>\n<li><span style=\"color: #000000;\">En especial els serveis de ter\u00e0pia, rehabilitaci\u00f3, atenci\u00f3 preco\u00e7 i atenci\u00f3 di\u00fcrna a persones amb discapacitat i\/o en situaci\u00f3 de depend\u00e8ncia.<\/span><\/li>\n<\/ul>\n<p><span style=\"color: #000000;\"><strong>CENTRES EDUCATIUS I UNIVERSITARIS<\/strong><\/span><\/p>\n<ul>\n<li><span style=\"color: #000000;\">Obertura per a la desinfecci\u00f3 i condicionament.<\/span><\/li>\n<li><span style=\"color: #000000;\">Realitzaci\u00f3 de funcions administratives.<\/span><\/li>\n<li><span style=\"color: #000000;\">Reobertura dels laboratoris universitaris.<\/span><\/li>\n<\/ul>\n<p><span style=\"color: #000000;\"><strong>BIBLIOTEQUES P\u00daBLIQUES DE LA XARXA ESTATAL, AUTON\u00d2MICA, MUNICIPAL I UNIVERSIT\u00c0RIA<\/strong><\/span><\/p>\n<ul>\n<li><span style=\"color: #000000;\">Es permet la represa de les activitats de pr\u00e9stec i devoluci\u00f3 d\u2019obres.<\/span><\/li>\n<li><span style=\"color: #000000;\">Les obres hauran de ser sol\u00b7licitades pels usuaris i proporcionades pel personal de la Biblioteca. Una vegada consultades, s\u2019hauran de dipositar en un lloc apartat i separades entre s\u00ed durant, almenys, 14 dies. Les col\u00b7leccions de lliure acc\u00e9s romandran tancades al p\u00fablic.<\/span><\/li>\n<li><span style=\"color: #000000;\">Es permetr\u00e0 la lectura en sala i la informaci\u00f3 bibliogr\u00e0fica i bibliotec\u00e0ria.<\/span><\/li>\n<li><span style=\"color: #000000;\">Es clausuraran els ordinadors d\u2019\u00fas p\u00fablic.<\/span><\/li>\n<li><span style=\"color: #000000;\">S\u2019haur\u00e0 de reduir l\u2019aforament al 30%.<\/span><\/li>\n<\/ul>\n<p><span style=\"color: #000000;\"><strong>REOBERTURA DE MUSEUS<\/strong><\/span><\/p>\n<ul>\n<li><span style=\"color: #000000;\">Visita de la col\u00b7lecci\u00f3 i de les exposicions temporals.<\/span><\/li>\n<li><span style=\"color: #000000;\">Un ter\u00e7 de l\u2019aforament de cada sala i espai p\u00fablic.<\/span><\/li>\n<\/ul>\n<p><span style=\"color: #000000;\"><strong>OBERTURA AL P\u00daBLIC DELS LOCALS I ESTABLIMENTS EN ELS QUALS ES DESENVOLUPEN ACTES I ESPECTACLES CULTURALS<\/strong><\/span><\/p>\n<ul>\n<li><span style=\"color: #000000;\">Amb un ter\u00e7 de l\u2019aforament i un m\u00e0xim de 30 persones en espais tancats i 200 persones a l\u2019aire lliure.<\/span><\/li>\n<li><span style=\"color: #000000;\">Amb mesures espec\u00edfiques de distanciament, higiene i prevenci\u00f3.<\/span><\/li>\n<\/ul>\n<p><span style=\"color: #000000;\"><strong>PR\u00c0CTICA ESPORTIVA <\/strong><\/span><\/p>\n<ul>\n<li><span style=\"color: #000000;\">Obertura de centres d\u2019Alt Rendiment.<\/span><\/li>\n<li><span style=\"color: #000000;\">Entrenament mitj\u00e0 en lligues professionals.<\/span><\/li>\n<\/ul>\n<p><span style=\"color: #000000;\"><strong>INSTAL\u00b7LACIONS ESPORTIVES A L\u2019AIRE LLIURE<\/strong><\/span><\/p>\n<ul>\n<li><span style=\"color: #000000;\">L\u2019activitat esportiva requerir\u00e0 la concertaci\u00f3 de cita pr\u00e8via amb l\u2019entitat gestora de la instal\u00b7laci\u00f3.<\/span><\/li>\n<li><span style=\"color: #000000;\">Pr\u00e0ctica esportiva individual o modalitats per parelles sense contacte f\u00edsic.<\/span><\/li>\n<li><span style=\"color: #000000;\">30% de l\u2019aforament.<\/span><\/li>\n<li><span style=\"color: #000000;\">Acc\u00e9s dels esportistes amb un entrenador si se n\u2019acredita la necessitat.<\/span><\/li>\n<\/ul>\n<p><span style=\"color: #000000;\"><strong>OBERTURA D\u2019INSTAL\u00b7LACIONS I CENTRES PER A LA PR\u00c0CTICA ESPORTIVA INDIVIDUAL<\/strong><\/span><\/p>\n<ul>\n<li><span style=\"color: #000000;\">No s\u2019obriran vestidors ni dutxes.<\/span><\/li>\n<li><span style=\"color: #000000;\">Atenci\u00f3 a una persona per entrenador i torn, com a m\u00e0xim.<\/span><\/li>\n<li><span style=\"color: #000000;\">Activitat per torns.<\/span><\/li>\n<li><span style=\"color: #000000;\">Pr\u00e0ctica individual amb cita pr\u00e8via.<\/span><\/li>\n<\/ul>\n<p><span style=\"color: #000000;\"><strong>CONDICIONS PER A LA REOBERTURA D\u2019HOTELS I ESTABLIMENTS TUR\u00cdSTICS<\/strong><\/span><\/p>\n<ul>\n<li><span style=\"color: #000000;\">Serveis de restauraci\u00f3 i cafeteria quan sigui necessari per a la correcta prestaci\u00f3 del servei d\u2019allotjament.<\/span><\/li>\n<li><span style=\"color: #000000;\">Exclusivament per als hostes.<\/span><\/li>\n<li><span style=\"color: #000000;\">El servei no es podr\u00e0 prestar en zones comunes.<\/span><\/li>\n<li><span style=\"color: #000000;\">No s\u2019hi permet l\u2019\u00fas de piscines, spas, gimnasos, miniclubs, zones infantils, discoteques, salons d\u2019esdeveniments i an\u00e0legs.<\/span><\/li>\n<\/ul>\n<p><span style=\"color: #000000;\"><strong>ACTIVITATS DE TURISME ACTIU I DE NATURA<\/strong><\/span><\/p>\n<ul>\n<li><span style=\"color: #000000;\">Grups de fins a deu persones<\/span><\/li>\n<li><span style=\"color: #000000;\">Concentraci\u00f3 de les activitats preferentment amb cita pr\u00e8via<\/span><\/li>\n<li><span style=\"color: #000000;\">No es podran realitzar en establiments o locals destinats a aquesta activitat.<\/span><\/li>\n<\/ul>\n<p><span style=\"color: #000000;\"><strong>VETLLES I ENTERRAMENTS<\/strong><\/span><\/p>\n<ul>\n<li><span style=\"color: #000000;\">Vetlles: un m\u00e0xim de 15 persones en espais a l\u2019aire lliure i de 10 persones en espais tancats.<\/span><\/li>\n<li><span style=\"color: #000000;\">Enterraments: un m\u00e0xim de 15 persones i la persona que faci el culte.<\/span><\/li>\n<\/ul>\n<p><span style=\"color: #000000;\"><strong>LLOCS DE CULTE<\/strong><\/span><\/p>\n<ul>\n<li><span style=\"color: #000000;\">S\u2019hi permet l\u2019assist\u00e8ncia sempre que no s\u2019hi superi un m\u00e0xim del ter\u00e7 del seu aforament. En espais amb bancs, hi ha d\u2019haver com a m\u00ednim un metre de dist\u00e0ncia entre persones. No es podr\u00e0 utilitzar l\u2019exterior dels edificis ni la via p\u00fablica per a la celebraci\u00f3 d\u2019actes de culte.<\/span><\/li>\n<li><span style=\"color: #000000;\">S\u2019haur\u00e0 d\u2019usar mascareta i es posaran solucions hidroalcoh\u00f2liques a disposici\u00f3 del p\u00fablic.<\/span><\/li>\n<li><span style=\"color: #000000;\">Abans de cada reuni\u00f3 o celebraci\u00f3, s\u2019hauran de dur a terme tasques de desinfecci\u00f3 dels espais utilitzats o que s\u2019hagin d\u2019utilitzar, i durant el desenvolupament de les activitats, es reiterar\u00e0 la desinfecci\u00f3 dels objectes que s\u2019han de tocar amb m\u00e9s freq\u00fc\u00e8ncia.<\/span><\/li>\n<li><span style=\"color: #000000;\">No es podr\u00e0 fer \u00fas de l\u2019aigua bene\u00efda.<\/span><\/li>\n<li><span style=\"color: #000000;\">Es limitar\u00e0 al m\u00ednim possible el temps de durada de les trobades o celebracions.<\/span><\/li>\n<li><span style=\"color: #000000;\">S\u2019evitar\u00e0: el contacte personal, la distribuci\u00f3 d\u2019objectes, llibres o papers, tocar o besar persones o objectes i l\u2019actuaci\u00f3 de corals.<\/span><\/li>\n<\/ul>\n<p><span style=\"color: #000000;\">En tots els casos s\u2019hauran de seguir i respectar les mesures de seguretat i higiene establertes per les autoritats sanit\u00e0ries per a la prevenci\u00f3 de la Covid-19 i, particularment, aquelles que fan refer\u00e8ncia al manteniment d\u2019una dist\u00e0ncia m\u00ednima de seguretat d\u2019almenys 2 metres o b\u00e9 mesures alternatives de protecci\u00f3 f\u00edsica, d\u2019higiene de mans i etiqueta respirat\u00f2ria.<\/span><\/p>\n<p><span style=\"color: #000000;\">Les persones que presentin s\u00edmptomes o estiguin en situaci\u00f3 d\u2019a\u00efllament domiciliari per causa d\u2019un diagn\u00f2stic per COVID-19 o que es trobin en per\u00edode de quarantena domicili\u00e0ria per haver tingut contacte estret amb alguna persona amb s\u00edmptomes o diagnosticada de COVID-19 no podr\u00e0 fer \u00fas d\u2019aquestes habilitacions, ja sigui per reincorporar-se als eu lloc de feina o per acudir a locals, establiments, centres, llocs d\u2019espectacles o realitzar activitats a les quals fa refer\u00e8ncia aquesta ordre.<\/span><\/p>\n<p>&nbsp;<\/p>\n<hr \/>\n<p><span style=\"color: #000000;\"><strong>CASTELLANO | <\/strong>Este s\u00e1bado 9 de mayo se ha publicado el BOE extraordinario \u201cOrden SND\/399\/2020, de 9 de mayo, para la flexibilizaci\u00f3n de determinadas restricciones de \u00e1mbito nacional, establecidas tras la declaraci\u00f3n del estado de alarma en aplicaci\u00f3n de la fase 1 del Plan para la transici\u00f3n hacia una nueva normalidad\u201d, que resulta de aplicaci\u00f3n en el \u00e1mbito territorial de la Regi\u00f3n Sanitaria del Camp de Tarragona a partir del pr\u00f3ximo lunes 11 de mayo de 2020 a las 00h. Os hemos preparado un resumen de las medidas de flexibilizaci\u00f3n. Si necesit\u00e1is m\u00e1s informaci\u00f3n pod\u00e9is consultar la Orden ministerial en el siguiente enlace: <a style=\"color: #000000;\" href=\"https:\/\/boe.es\/boe\/dias\/2020\/05\/09\/pdfs\/BOE-A-2020-4911.pdf\">https:\/\/boe.es\/boe\/dias\/2020\/05\/09\/pdfs\/BOE-A-2020-4911.pdf<\/a><\/span><\/p>\n<p><span style=\"color: #000000;\"><strong>En cuanto a los servicios municipales que en la actualidad est\u00e1n suspendidos o cerrados, el Ayuntamiento de la Bisbal del Pened\u00e8s os informar\u00e1 a trav\u00e9s de los medios habituales, durante los pr\u00f3ximos d\u00edas y semanas, de cuando y con qu\u00e9 medidas se abrir\u00e1n.<\/strong><\/span><\/p>\n<p><span style=\"color: #000000;\"><strong>MOBILIDAD<\/strong><\/span><\/p>\n<ul>\n<li><span style=\"color: #000000;\">Se permite la libre circulaci\u00f3n por la provincia, isla o unidad territorial a efectos del proceso de desescalada.<\/span><\/li>\n<li><span style=\"color: #000000;\">Los grupos deber\u00e1n ser de un m\u00e1ximo de diez personas, respetando las distancias de seguridad, a excepci\u00f3n de las personas convivientes.<\/span><\/li>\n<li><span style=\"color: #000000;\">Se puede admitir el desplazamiento a otros territorios por motivos sanitarios, laborales, profesionales o empresariales, de retorno al lugar de residencia familiar, asistencia y cuidado de la gente mayor, dependientes o personas con discapacidad, causa de fuerza mayor o situaci\u00f3n de necesidad, o cualquier otra de an\u00e1loga nautraleza.<\/span><\/li>\n<\/ul>\n<p><span style=\"color: #000000;\"><strong>\u00c1MBITO LABORAL<\/strong><\/span><\/p>\n<ul>\n<li><span style=\"color: #000000;\">Siempre que sea posible, se fomentar\u00e1 la continuidad del teletrabajo para aquellos trabajadores que puedan realizar su actividad laboral a distancia.<\/span><\/li>\n<li><span style=\"color: #000000;\">Si no es posible hacer teletrabajo, se establecen medidas espec\u00edficas de distanciamiento y prevenci\u00f3n para todas las actividades reguladas en la Orden. Tambi\u00e9n se establecen medidas para evitar la concentraci\u00f3n de personas. Pod\u00e9is consultarlas aqu\u00ed: <a style=\"color: #000000;\" href=\"https:\/\/boe.es\/boe\/dias\/2020\/05\/09\/pdfs\/BOE-A-2020-4911.pdf\">https:\/\/boe.es\/boe\/dias\/2020\/05\/09\/pdfs\/BOE-A-2020-4911.pdf<\/a><\/span><\/li>\n<\/ul>\n<p><span style=\"color: #000000;\"><strong>REABERTURA DE ESTABLECIMIENTOS Y LOCALES COMERCIALES<\/strong><\/span><\/p>\n<p><span style=\"color: #000000;\">Podr\u00e1n volver a abrir establecimientos y locales comerciales al detalle y actividades de servicios profesionales la actividad de las cuales se hubiera suspendido tras la declaraci\u00f3n del estado de alarma:<\/span><\/p>\n<ul>\n<li><span style=\"color: #000000;\">Aquellos que tengan una superf\u00edcie \u00fatil de exposici\u00f3n y venta igual o inferior a 400 metros cuadrados (con excepci\u00f3n de aquellos que se encuentren en parques o centros comerciales sin acceso directo o independiente desde el exterior) siempre que reduzcan al 30% el aforo total en locales comerciales (limitaci\u00f3n no aplicable a los comercios que han podido abrir desde el inicio del estado de alarma). Se deber\u00e1 garantizar la distancia m\u00ednima de dos metros entre clientes. Si no es posible mantenerla, se permitir\u00e1 \u00fanicamente la permanencia de un cliente en el interior del local. Tambi\u00e9n se deber\u00e1 establecer un horario de atenci\u00f3n con servicio prioritario para mayores de 65 a\u00f1os.<\/span><\/li>\n<li><span style=\"color: #000000;\">Mediante cita previa: concesionarios de automoci\u00f3n, estaciones de inspecci\u00f3n t\u00e9cnica de veh\u00edculos y centros de jardiner\u00eda y viveros de plantas, con independencia de su superficie.<\/span><\/li>\n<li><span style=\"color: #000000;\">Entidades concesionarias de juego p\u00fablico de \u00e1mbito estatal.<\/span><\/li>\n<li><span style=\"color: #000000;\">Mercados al aire libre o de venta sedentaria en la v\u00eda p\u00fablica (con preferencia para los productos alimentarios o de primera necesidad).<\/span><\/li>\n<\/ul>\n<ol>\n<li><span style=\"color: #000000;\">Los ayuntamientos establecer\u00e1n requisitos de distanciamiento entre las paradas y condiciones de delimitaci\u00f3n del mercado.<\/span><\/li>\n<li><span style=\"color: #000000;\">En todo caso, una limitaci\u00f3n del 25% de las paradas habituales no autorizadas.<\/span><\/li>\n<li><span style=\"color: #000000;\">Una afluencia inferior a un tercio del aforo habitual.<\/span><\/li>\n<li><span style=\"color: #000000;\">Alternativamente se podr\u00e1 proceder a un aumento de la superficie habilitada.<\/span><\/li>\n<\/ol>\n<ul>\n<li><span style=\"color: #000000;\">Los establecimientos y locales que puedan proceder a la reapertura al p\u00fablico seg\u00fan aquello que se dispone en este cap\u00edtulo, podr\u00e1n establecer, si procede, sistemas de recogida en el local de los productos adquiridos por tel\u00e9fono o en l\u00ednea, siempre que garanticen una recogida escalonada que evite aglomeraciones en el interior del local o en su acceso.<\/span><\/li>\n<li><span style=\"color: #000000;\">Se podr\u00e1 establecer un sistema de reparto preferente para colectivos determinados.<\/span><\/li>\n<\/ul>\n<p><span style=\"color: #000000;\"><strong>IMPORTANTE:<\/strong> Los establecimientos y locales comerciales al detalla y de prestaci\u00f3n de servicios asimilados que abran al p\u00fablico deber\u00e1n tener en cuenta varias medidas de higiene y prevenci\u00f3n. Pod\u00e9is leer el detalle a partir del art\u00edculo 11 de la Orden ministerial publicada en el BOE: <a style=\"color: #000000;\" href=\"https:\/\/boe.es\/boe\/dias\/2020\/05\/09\/pdfs\/BOE-A-2020-4911.pdf\">https:\/\/boe.es\/boe\/dias\/2020\/05\/09\/pdfs\/BOE-A-2020-4911.pdf<\/a><\/span><\/p>\n<p><span style=\"color: #000000;\"><strong>REAPERTURA DE TERRAZAS AL AIRE LIBRE DE HOSTELER\u00cdA Y RESTAURACI\u00d3N<\/strong><\/span><\/p>\n<ul>\n<li><span style=\"color: #000000;\">Ocupaci\u00f3n m\u00e1xima de 10 personas por mesa o agrupaci\u00f3n de mesas.<\/span><\/li>\n<li><span style=\"color: #000000;\">El n\u00famero de mesas se limitar\u00e1 a un 50% de las permitidas el a\u00f1o inmediato para la misma superficie.<\/span><\/li>\n<li><span style=\"color: #000000;\">Posibilidad de aumentar la superficie destinada a la terrada.<\/span><\/li>\n<\/ul>\n<p><span style=\"color: #000000;\"><strong>IMPORTANTE:<\/strong> Se establecen varias medidas de higiene y\/o prevenci\u00f3n. Se pueden encontrar en el art\u00edculo 16 de la Orden ministerial publicada en el BOE: <a style=\"color: #000000;\" href=\"https:\/\/boe.es\/boe\/dias\/2020\/05\/09\/pdfs\/BOE-A-2020-4911.pdf\">https:\/\/boe.es\/boe\/dias\/2020\/05\/09\/pdfs\/BOE-A-2020-4911.pdf<\/a><\/span><\/p>\n<p><span style=\"color: #000000;\"><strong>SERVICIOS SOCIALES<\/strong><\/span><\/p>\n<ul>\n<li><span style=\"color: #000000;\">Apertura de todos los centros recogidos en el Cat\u00e1logo de Referencia de Servicios Sociales aprobado por el Consejo Territorial de Servicios Sociales y del Sistema para la Autonom\u00eda y la Atenci\u00f3n a la Dependencia.<\/span><\/li>\n<li><span style=\"color: #000000;\">Atenci\u00f3n presencial a qu\u00eden lo necesite.<\/span><\/li>\n<li><span style=\"color: #000000;\">En especial a los servicios de terapia, rehabilitaci\u00f3n, atenci\u00f3n precoz y atenci\u00f3n diurna a personas con discapacidad y\/o en situaci\u00f3n de dependencia.<\/span><\/li>\n<\/ul>\n<p><span style=\"color: #000000;\"><strong>CENTROS EDUCATIVOS Y UNIVERSITARIOS<\/strong><\/span><\/p>\n<ul>\n<li><span style=\"color: #000000;\">Abertura para la desinfecci\u00f3n y condicionamiento.<\/span><\/li>\n<li><span style=\"color: #000000;\">Realizaci\u00f3n de funciones administrativas.<\/span><\/li>\n<li><span style=\"color: #000000;\">Reapertura de los laboratorios universitarios.<\/span><\/li>\n<\/ul>\n<p><span style=\"color: #000000;\"><strong>BIBLIOTECAS P\u00daBLICAS DE LA RED ESTATAL, AUTON\u00d3MICA, MUNICIPAL Y UNIVERSITARIA<\/strong><\/span><\/p>\n<ul>\n<li><span style=\"color: #000000;\">Se pueden retomar las actividades de pr\u00e9stamo y devoluci\u00f3n de obras.<\/span><\/li>\n<li><span style=\"color: #000000;\">Las obras deber\u00e1n ser solicitadas por los usuarios y proporcionadas por el personal de la Biblioteca. Una vez consultadas, se deber\u00e1n depositar en un lugar apartado y separadas entre s\u00ed durante, al menos, 14 d\u00edas. Las colecciones de libre acceso permanecer\u00e1n cerradas al p\u00fablico.<\/span><\/li>\n<li><span style=\"color: #000000;\">Se permitir\u00e1 la lectura en sala y la informaci\u00f3n bibliogr\u00e1fica y bibliotecaria.<\/span><\/li>\n<li><span style=\"color: #000000;\">Se clausurar\u00e1n los ordenadores de uso p\u00fablico.<\/span><\/li>\n<li><span style=\"color: #000000;\">Se deber\u00e1 reducir el aforo al 30%.<\/span><\/li>\n<\/ul>\n<p><span style=\"color: #000000;\"><strong>REAPERTURA DE MUESEOS<\/strong><\/span><\/p>\n<ul>\n<li><span style=\"color: #000000;\">Visita de la colecci\u00f3n y de las exposiciones temporales.<\/span><\/li>\n<li><span style=\"color: #000000;\">Un tercio del aforo de cada sala y espacio p\u00fablico.<\/span><\/li>\n<\/ul>\n<p><span style=\"color: #000000;\"><strong>APERTURA AL P\u00daBLICO DE LOCALES Y ESTABLECIMIENTOS EN LOS CUALES SE DESARROLLEN ACTOS Y ESPECT\u00c1CULOS CULTURALES<\/strong><\/span><\/p>\n<ul>\n<li><span style=\"color: #000000;\">Con un tercio de aforo y un m\u00e1ximo de 30 personas en espacios cerrados y 200 personas al aire libre.<\/span><\/li>\n<li><span style=\"color: #000000;\">Con medidas espec\u00edficas de distanciamiento, higiene y prevenci\u00f3n.<\/span><\/li>\n<\/ul>\n<p><span style=\"color: #000000;\"><strong>PR\u00c1CTICA DEPORTIVA<\/strong><\/span><\/p>\n<ul>\n<li><span style=\"color: #000000;\">Apertura de centros de Alto Rendimiento.<\/span><\/li>\n<li><span style=\"color: #000000;\">Entrenamiento medio en ligas profesionales.<\/span><\/li>\n<\/ul>\n<p><span style=\"color: #000000;\"><strong>INSTALACIONES DEPORTIVAS AL AIRE LIBRE<\/strong><\/span><\/p>\n<ul>\n<li><span style=\"color: #000000;\">La actividad deportiva requerir\u00e1 la concertaci\u00f3n de cita previa con la entidad gestora de la instalaci\u00f3n.<\/span><\/li>\n<li><span style=\"color: #000000;\">Pr\u00e1ctica deportiva individual o modalidades por parejas sin contacto f\u00edsico.<\/span><\/li>\n<li><span style=\"color: #000000;\">30% del aforo.<\/span><\/li>\n<li><span style=\"color: #000000;\">Acceso de los deportistas con un entrenador si se acredita su necesidad.<\/span><\/li>\n<\/ul>\n<p><span style=\"color: #000000;\"><strong>APERTURA DE INSTALACIONES Y CENTROS PARA LA PR\u00c1CTICA DEPORTIVA INDIVIDUAL<\/strong><\/span><\/p>\n<ul>\n<li><span style=\"color: #000000;\">No se abrir\u00e1n vestidores ni duchas.<\/span><\/li>\n<li><span style=\"color: #000000;\">Atenci\u00f3n a una persona por entrenador y turno, como m\u00e1ximo.<\/span><\/li>\n<li><span style=\"color: #000000;\">Actividad por turnos.<\/span><\/li>\n<li><span style=\"color: #000000;\">Pr\u00e1ctica individual con cita previa.<\/span><\/li>\n<\/ul>\n<p><span style=\"color: #000000;\"><strong>CONDICIONES PARA LA REAPERTURA DE HOTELES Y ESTABLECIMIENTOS TUR\u00cdSTICOS<\/strong><\/span><\/p>\n<ul>\n<li><span style=\"color: #000000;\">Servicios de restauraci\u00f3n y cafeter\u00eda cuando sea necesario para la correcta prestaci\u00f3n del servicio de alojamiento.<\/span><\/li>\n<li><span style=\"color: #000000;\">Exclusivamente para los hu\u00e9spedes.<\/span><\/li>\n<li><span style=\"color: #000000;\">El servicio no se podr\u00e1 prestar en zonas comunes.<\/span><\/li>\n<li><span style=\"color: #000000;\">No se permite el uso de piscinas, spas, gimnasios, miniclubs, zonas infantiles, discotecas, salones de eventos y an\u00e1logos.<\/span><\/li>\n<\/ul>\n<p><span style=\"color: #000000;\"><strong>ACTIVIDADES DE TURISMO ACTIVO Y DE NATURALEZA<\/strong><\/span><\/p>\n<ul>\n<li><span style=\"color: #000000;\">Grupos de hasta diez personas.<\/span><\/li>\n<li><span style=\"color: #000000;\">Concentraci\u00f3n de las actividades preferentemente con cita previa.<\/span><\/li>\n<li><span style=\"color: #000000;\">No se podr\u00e1n realizar en establecimientos o locales destinados a esta actividad.<\/span><\/li>\n<\/ul>\n<p><span style=\"color: #000000;\"><strong>VELATORIOS Y ENTIERROS<\/strong><\/span><\/p>\n<ul>\n<li><span style=\"color: #000000;\">Velatorios: un m\u00e1ximo de 15 personas en espacios al aire libre y de 10 personas en espacios cerrados.<\/span><\/li>\n<li><span style=\"color: #000000;\">Entierros: un m\u00e1ximo de 15 personas y la persona que realice el culto.<\/span><\/li>\n<\/ul>\n<p><span style=\"color: #000000;\"><strong>LUGARES DE CULTO<\/strong><\/span><\/p>\n<ul>\n<li><span style=\"color: #000000;\">Se permite la asistencia siempre que no se supere un m\u00e1ximo del tercio de su aforo. En espacios con bancos, debe haber como m\u00ednimo un metro de distancia entre personas. No se podr\u00e1 utilizar el exterior de los edificios ni la v\u00eda p\u00fablica para la celebraci\u00f3n de actos de culto.<\/span><\/li>\n<li><span style=\"color: #000000;\">Se deber\u00e1 usar mascarilla y se pondr\u00e1n soluciones hidroalcoh\u00f3licas a disposici\u00f3n del p\u00fablico.<\/span><\/li>\n<li><span style=\"color: #000000;\">Antes de cada reuni\u00f3n o celebraci\u00f3n, se deber\u00e1n llevar a cabo trabajos de desinfecci\u00f3n de los espacios utilizados o que se vayan a utilizar, y durante el desarrollo de las actividades, se reiterar\u00e1 la desinfecci\u00f3n de los objetos que se tienen que tocar con m\u00e1s frecuencia.<\/span><\/li>\n<li><span style=\"color: #000000;\">No se podr\u00e1 hacer uso del agua bendita.<\/span><\/li>\n<li><span style=\"color: #000000;\">Se limitar\u00e1 el m\u00ednimo posible el tiempo de duraci\u00f3n de los encuentros o celebraciones.<\/span><\/li>\n<li><span style=\"color: #000000;\">Se evitar\u00e1: el contacto personal, la distribuci\u00f3n de objetos, libros o papeles, tocar o besar a personas o objetos y la actuaci\u00f3n de coros.<\/span><\/li>\n<\/ul>\n<p><span style=\"color: #000000;\">En todos los acasos se deber\u00e1n seguir y respetar las medidas de seguridad e higiene establecidas por las autoridades sanitarias para la prevenci\u00f3n del Covid-19 y, particularmente, aquellas que hacen referencia al mantenimiento de una distancia m\u00ednima de seguridad de, al menos, 2 metros o bien medidas alternativas de protecci\u00f3n f\u00edsica, de higiene de manos y etiqueta respiratoria.<\/span><\/p>\n<p><span style=\"color: #000000;\">Las personas que presenten s\u00edntomas o est\u00e9n en situaci\u00f3n de aislamiento domiciliario por causa de un diagn\u00f3stico por COVID-19 o que se encuentren en un periodo de cuarentena domiciliaria por haber tenido contacto estrecho con alguna persona con s\u00edntomas o diagnosticada de COVID-19 no podr\u00e1 hacer uso de stas habilitaciones, ya sea para reincorporarse a su puesto de trabajo o para acudir a locales, establecimientos, centros, lugares de espect\u00e1culos o realizar actividades a las que se hace referencia en esta Orden.<\/span><a href=\"http:\/\/bisbalpenedes.com\/web\/wp-content\/uploads\/2020\/05\/200509-BOE-MESURES-11-05-2020_page-0001.jpg\"><br \/>\n<\/a><\/p>\n<p>&nbsp;<\/p>\n<p>&nbsp;<\/p>\n","protected":false},"excerpt":{"rendered":"<p>Aquest dissabte 9 de maig s\u2019ha publicat el BOE extraordinari \u201cOrden SND\/399\/2020, de 9 de mayo, para la flexibilizaci\u00f3n de determinadas restricciones de \u00e1mbito nacional, establecidas tras la declaraci\u00f3n del &hellip; <a href=\"https:\/\/bisbalpenedes.com\/web\/2020\/05\/09\/el-dilluns-11-de-maig-de-2020-la-bisbal-entra-a-la-fase-i-del-pla-de-transicio-cap-a-la-nova-normalitat\/\" class=\"more-link\">Read More<\/a><\/p>\n","protected":false},"author":4,"featured_media":10821,"comment_status":"closed","ping_status":"closed","sticky":false,"template":"","format":"standard","meta":[],"categories":[3636,8],"tags":[3559,3764,3459,393,3791],"_links":{"self":[{"href":"https:\/\/bisbalpenedes.com\/web\/wp-json\/wp\/v2\/posts\/13303"}],"collection":[{"href":"https:\/\/bisbalpenedes.com\/web\/wp-json\/wp\/v2\/posts"}],"about":[{"href":"https:\/\/bisbalpenedes.com\/web\/wp-json\/wp\/v2\/types\/post"}],"author":[{"embeddable":true,"href":"https:\/\/bisbalpenedes.com\/web\/wp-json\/wp\/v2\/users\/4"}],"replies":[{"embeddable":true,"href":"https:\/\/bisbalpenedes.com\/web\/wp-json\/wp\/v2\/comments?post=13303"}],"version-history":[{"count":7,"href":"https:\/\/bisbalpenedes.com\/web\/wp-json\/wp\/v2\/posts\/13303\/revisions"}],"predecessor-version":[{"id":13320,"href":"https:\/\/bisbalpenedes.com\/web\/wp-json\/wp\/v2\/posts\/13303\/revisions\/13320"}],"wp:featuredmedia":[{"embeddable":true,"href":"https:\/\/bisbalpenedes.com\/web\/wp-json\/wp\/v2\/media\/10821"}],"wp:attachment":[{"href":"https:\/\/bisbalpenedes.com\/web\/wp-json\/wp\/v2\/media?parent=13303"}],"wp:term":[{"taxonomy":"category","embeddable":true,"href":"https:\/\/bisbalpenedes.com\/web\/wp-json\/wp\/v2\/categories?post=13303"},{"taxonomy":"post_tag","embeddable":true,"href":"https:\/\/bisbalpenedes.com\/web\/wp-json\/wp\/v2\/tags?post=13303"}],"curies":[{"name":"wp","href":"https:\/\/api.w.org\/{rel}","templated":true}]}}