{"id":13298,"date":"2020-05-09T15:13:58","date_gmt":"2020-05-09T14:13:58","guid":{"rendered":"http:\/\/bisbalpenedes.com\/web\/?p=13298"},"modified":"2020-05-09T15:14:32","modified_gmt":"2020-05-09T14:14:32","slug":"el-dilluns-11-de-maig-sobriran-les-preinscripcions-per-a-lescola-de-musica-municipal","status":"publish","type":"post","link":"https:\/\/bisbalpenedes.com\/web\/2020\/05\/09\/el-dilluns-11-de-maig-sobriran-les-preinscripcions-per-a-lescola-de-musica-municipal\/","title":{"rendered":"El dilluns 11 de maig s\u2019obriran les preinscripcions per a l\u2019Escola de M\u00fasica Municipal"},"content":{"rendered":"<p style=\"text-align: justify;\"><a href=\"http:\/\/bisbalpenedes.com\/web\/wp-content\/uploads\/2020\/05\/Cartell-contrapunt-preinscripcions-2020-21.jpg\"><img loading=\"lazy\" class=\"aligncenter wp-image-13299 size-full\" src=\"http:\/\/bisbalpenedes.com\/web\/wp-content\/uploads\/2020\/05\/Cartell-contrapunt-preinscripcions-2020-21.jpg\" alt=\"Cartell-contrapunt-preinscripcions-2020-21\" width=\"595\" height=\"842\" srcset=\"https:\/\/bisbalpenedes.com\/web\/wp-content\/uploads\/2020\/05\/Cartell-contrapunt-preinscripcions-2020-21.jpg 595w, https:\/\/bisbalpenedes.com\/web\/wp-content\/uploads\/2020\/05\/Cartell-contrapunt-preinscripcions-2020-21-212x300.jpg 212w\" sizes=\"(max-width: 595px) 100vw, 595px\" \/><\/a><\/p>\n<p style=\"text-align: justify;\"><span style=\"color: #000000;\">L\u2019Escola de M\u00fasica Municipal, gestionada per l\u2019Escola de M\u00fasica Contrapunt, obre el seu per\u00edode de preinscripcions de l\u201911 al 24 de maig. Aquestes s\u2019hauran de formalitzar entrant al web <a style=\"color: #000000;\" href=\"http:\/\/www.escolacontrapunt.cat\">www.escolacontrapunt.cat<\/a> i podran ser per a les modalitats de llenguatge musical, piano, bateria\/percussi\u00f3, guitarra i conjunt instrumental.<\/span><\/p>\n<p style=\"text-align: justify;\"><span style=\"color: #000000;\">El dia 14 de maig, a les 19h, l\u2019equip docent oferir\u00e0 una jornada de \u2018portes obertes\u2019 en l\u00ednia al canal de <a style=\"color: #000000;\" href=\"https:\/\/www.youtube.com\/channel\/UC5jrnY1Wh2Vhp4QB6Um0n_A\">Youtube<\/a> de l\u2019Escola Contrapunt. Si envieu els vostres dubtes o consultes al correu electr\u00f2nic <a style=\"color: #000000;\" href=\"mailto:secretaria@escolacontrapunt.cat\">secretaria@escolacontrapunt.cat<\/a> els professionals de l\u2019escola les respondran en directe.<\/span><\/p>\n<p style=\"text-align: justify;\"><span style=\"color: #000000;\">Malgrat el confinament, l\u2019Escola de M\u00fasica Contrapunt ha continuat amb la seva activitat de forma telem\u00e0tica durant les darreres setmanes.<\/span><\/p>\n<hr \/>\n<p style=\"text-align: justify;\"><span style=\"color: #000000;\">La Escuela de M\u00fasica Municipal, gestionada por la Escola de M\u00fasica Contrapunt, abre su periodo de preinscripciones del 11 al 24 de mayo. Estas se tendr\u00e1n que formalizar entrando en la p\u00e1gina web <a style=\"color: #000000;\" href=\"http:\/\/www.escolacontrapunt.cat\">www.escolacontrapunt.cat<\/a> y podr\u00e1n ser para las modalidades de lenguaje musical, piano, bater\u00eda\/percusi\u00f3n, guitarra y conjunto instrumental.<\/span><\/p>\n<p style=\"text-align: justify;\"><span style=\"color: #000000;\">El d\u00eda 14 de mayo, a las 19h, el equipo docente ofrecer\u00e1 una jornada de \u2018puertas abiertas\u2019 en l\u00ednea en el canal de <a style=\"color: #000000;\" href=\"https:\/\/www.youtube.com\/channel\/UC5jrnY1Wh2Vhp4QB6Um0n_A\/featured\">Youtube<\/a> de la Escola Contrapunt. Si mand\u00e1is vuestras dudas o consultas al correo electr\u00f3nico <a style=\"color: #000000;\" href=\"mailto:secretaria@escolacontrapunt.cat\">secretaria@escolacontrapunt.cat<\/a> los profesionales de la escuela las responder\u00e1n en directo.<\/span><\/p>\n<p style=\"text-align: justify;\"><span style=\"color: #000000;\">Pese al confinamiento, la Escola de M\u00fasica Contrapunt ha continuado con su actividad de forma telem\u00e1tica durante las \u00faltimas semanas.<\/span><\/p>\n<p style=\"text-align: justify;\"><a href=\"http:\/\/bisbalpenedes.com\/web\/wp-content\/uploads\/2020\/05\/poster-contrapunt-portes-obertes-14-05-20.jpg\"><img loading=\"lazy\" class=\"aligncenter size-full wp-image-13300\" src=\"http:\/\/bisbalpenedes.com\/web\/wp-content\/uploads\/2020\/05\/poster-contrapunt-portes-obertes-14-05-20.jpg\" alt=\"poster-contrapunt-portes-obertes-14-05-20\" width=\"595\" height=\"842\" srcset=\"https:\/\/bisbalpenedes.com\/web\/wp-content\/uploads\/2020\/05\/poster-contrapunt-portes-obertes-14-05-20.jpg 595w, https:\/\/bisbalpenedes.com\/web\/wp-content\/uploads\/2020\/05\/poster-contrapunt-portes-obertes-14-05-20-212x300.jpg 212w\" sizes=\"(max-width: 595px) 100vw, 595px\" \/><\/a><\/p>\n","protected":false},"excerpt":{"rendered":"<p>L\u2019Escola de M\u00fasica Municipal, gestionada per l\u2019Escola de M\u00fasica Contrapunt, obre el seu per\u00edode de preinscripcions de l\u201911 al 24 de maig. Aquestes s\u2019hauran de formalitzar entrant al web www.escolacontrapunt.cat &hellip; <a href=\"https:\/\/bisbalpenedes.com\/web\/2020\/05\/09\/el-dilluns-11-de-maig-sobriran-les-preinscripcions-per-a-lescola-de-musica-municipal\/\" class=\"more-link\">Read More<\/a><\/p>\n","protected":false},"author":4,"featured_media":13299,"comment_status":"closed","ping_status":"closed","sticky":false,"template":"","format":"standard","meta":[],"categories":[3456],"tags":[3790,781,1413],"_links":{"self":[{"href":"https:\/\/bisbalpenedes.com\/web\/wp-json\/wp\/v2\/posts\/13298"}],"collection":[{"href":"https:\/\/bisbalpenedes.com\/web\/wp-json\/wp\/v2\/posts"}],"about":[{"href":"https:\/\/bisbalpenedes.com\/web\/wp-json\/wp\/v2\/types\/post"}],"author":[{"embeddable":true,"href":"https:\/\/bisbalpenedes.com\/web\/wp-json\/wp\/v2\/users\/4"}],"replies":[{"embeddable":true,"href":"https:\/\/bisbalpenedes.com\/web\/wp-json\/wp\/v2\/comments?post=13298"}],"version-history":[{"count":1,"href":"https:\/\/bisbalpenedes.com\/web\/wp-json\/wp\/v2\/posts\/13298\/revisions"}],"predecessor-version":[{"id":13301,"href":"https:\/\/bisbalpenedes.com\/web\/wp-json\/wp\/v2\/posts\/13298\/revisions\/13301"}],"wp:featuredmedia":[{"embeddable":true,"href":"https:\/\/bisbalpenedes.com\/web\/wp-json\/wp\/v2\/media\/13299"}],"wp:attachment":[{"href":"https:\/\/bisbalpenedes.com\/web\/wp-json\/wp\/v2\/media?parent=13298"}],"wp:term":[{"taxonomy":"category","embeddable":true,"href":"https:\/\/bisbalpenedes.com\/web\/wp-json\/wp\/v2\/categories?post=13298"},{"taxonomy":"post_tag","embeddable":true,"href":"https:\/\/bisbalpenedes.com\/web\/wp-json\/wp\/v2\/tags?post=13298"}],"curies":[{"name":"wp","href":"https:\/\/api.w.org\/{rel}","templated":true}]}}