{"id":13293,"date":"2020-05-08T20:14:35","date_gmt":"2020-05-08T19:14:35","guid":{"rendered":"http:\/\/bisbalpenedes.com\/web\/?p=13293"},"modified":"2020-05-08T20:15:33","modified_gmt":"2020-05-08T19:15:33","slug":"video-de-presentacio-de-les-iii-setmanes-de-lempresa-i-locupacio","status":"publish","type":"post","link":"https:\/\/bisbalpenedes.com\/web\/2020\/05\/08\/video-de-presentacio-de-les-iii-setmanes-de-lempresa-i-locupacio\/","title":{"rendered":"V\u00eddeo de presentaci\u00f3 de les III Setmanes de l&#8217;Empresa i l&#8217;Ocupaci\u00f3"},"content":{"rendered":"<p><span style=\"color: #000000;\">V\u00eddeo de presentaci\u00f3 de les III Setmanes de l&#8217;Empresa i l&#8217;Ocupaci\u00f3, que es duran a terme de l&#8217;11 al 29 de maig per internet.<\/span><\/p>\n<hr \/>\n<p><span style=\"color: #000000;\">V\u00eddeo de presentaci\u00f3n de las III Semanas de la Empresa y la Ocupaci\u00f3n, que se llevar\u00e1n a cabo del 11 al 29 de mayo por internet.<\/span><\/p>\n<p>&nbsp;<\/p>\n<p><iframe loading=\"lazy\" src=\"https:\/\/www.youtube.com\/embed\/eefvVMtscos\" width=\"560\" height=\"315\" frameborder=\"0\" allowfullscreen=\"allowfullscreen\"><\/iframe><\/p>\n<p>M\u00e9s informaci\u00f3:\u00a0<a href=\"https:\/\/bisbalpenedes.com\/web\/2020\/05\/07\/la-bisbal-del-penedes-celebrara-les-iii-setmanes-de-lempresa-i-locupacio-de-l11-al-29-de-maig\/\" target=\"_blank\">https:\/\/bisbalpenedes.com\/web\/2020\/05\/07\/la-bisbal-del-penedes-celebrara-les-iii-setmanes-de-lempresa-i-locupacio-de-l11-al-29-de-maig\/<\/a><\/p>\n<p>M\u00e1s informaci\u00f3n:\u00a0<a href=\"https:\/\/bisbalpenedes.com\/web\/2020\/05\/07\/la-bisbal-del-penedes-celebrara-les-iii-setmanes-de-lempresa-i-locupacio-de-l11-al-29-de-maig\/\">https:\/\/bisbalpenedes.com\/web\/2020\/05\/07\/la-bisbal-del-penedes-celebrara-les-iii-setmanes-de-lempresa-i-locupacio-de-l11-al-29-de-maig\/<\/a><\/p>\n","protected":false},"excerpt":{"rendered":"<p>V\u00eddeo de presentaci\u00f3 de les III Setmanes de l&#8217;Empresa i l&#8217;Ocupaci\u00f3, que es duran a terme de l&#8217;11 al 29 de maig per internet. V\u00eddeo de presentaci\u00f3n de las III &hellip; <a href=\"https:\/\/bisbalpenedes.com\/web\/2020\/05\/08\/video-de-presentacio-de-les-iii-setmanes-de-lempresa-i-locupacio\/\" class=\"more-link\">Read More<\/a><\/p>\n","protected":false},"author":4,"featured_media":13294,"comment_status":"closed","ping_status":"closed","sticky":false,"template":"","format":"standard","meta":[],"categories":[9],"tags":[326,10],"_links":{"self":[{"href":"https:\/\/bisbalpenedes.com\/web\/wp-json\/wp\/v2\/posts\/13293"}],"collection":[{"href":"https:\/\/bisbalpenedes.com\/web\/wp-json\/wp\/v2\/posts"}],"about":[{"href":"https:\/\/bisbalpenedes.com\/web\/wp-json\/wp\/v2\/types\/post"}],"author":[{"embeddable":true,"href":"https:\/\/bisbalpenedes.com\/web\/wp-json\/wp\/v2\/users\/4"}],"replies":[{"embeddable":true,"href":"https:\/\/bisbalpenedes.com\/web\/wp-json\/wp\/v2\/comments?post=13293"}],"version-history":[{"count":2,"href":"https:\/\/bisbalpenedes.com\/web\/wp-json\/wp\/v2\/posts\/13293\/revisions"}],"predecessor-version":[{"id":13296,"href":"https:\/\/bisbalpenedes.com\/web\/wp-json\/wp\/v2\/posts\/13293\/revisions\/13296"}],"wp:featuredmedia":[{"embeddable":true,"href":"https:\/\/bisbalpenedes.com\/web\/wp-json\/wp\/v2\/media\/13294"}],"wp:attachment":[{"href":"https:\/\/bisbalpenedes.com\/web\/wp-json\/wp\/v2\/media?parent=13293"}],"wp:term":[{"taxonomy":"category","embeddable":true,"href":"https:\/\/bisbalpenedes.com\/web\/wp-json\/wp\/v2\/categories?post=13293"},{"taxonomy":"post_tag","embeddable":true,"href":"https:\/\/bisbalpenedes.com\/web\/wp-json\/wp\/v2\/tags?post=13293"}],"curies":[{"name":"wp","href":"https:\/\/api.w.org\/{rel}","templated":true}]}}