{"id":13280,"date":"2020-05-08T17:33:12","date_gmt":"2020-05-08T16:33:12","guid":{"rendered":"http:\/\/bisbalpenedes.com\/web\/?p=13280"},"modified":"2020-05-08T17:39:02","modified_gmt":"2020-05-08T16:39:02","slug":"els-bars-i-restaurants-de-la-bisbal-del-penedes-podran-ampliar-les-seves-terrasses-quan-tornin-a-obrir","status":"publish","type":"post","link":"https:\/\/bisbalpenedes.com\/web\/2020\/05\/08\/els-bars-i-restaurants-de-la-bisbal-del-penedes-podran-ampliar-les-seves-terrasses-quan-tornin-a-obrir\/","title":{"rendered":"Els bars i restaurants de la Bisbal del Pened\u00e8s podran ampliar les seves terrasses quan tornin a obrir"},"content":{"rendered":"<p style=\"text-align: justify;\"><span style=\"color: #000000;\">Davant l\u2019aproximaci\u00f3 de la data d\u2019obertura dels bars i restaurants locals -en el marc del proc\u00e9s de desescalada gradual de les mesures extraordin\u00e0ries de restricci\u00f3 de la mobilitat i del contacte social adoptades fins a la data- i tenint en compte les restriccions que han de complir els comer\u00e7os locals, la regidora de Comer\u00e7, Judith Vidal, ha mantingut converses amb tots els establiments de restauraci\u00f3 del municipi que, per causa de la situaci\u00f3 que ha generat la Covid-19, veuran limitades les seves capacitats quan tornin a obrir.<\/span><\/p>\n<p style=\"text-align: justify;\"><span style=\"color: #000000;\">Tot i que l\u2019Ajuntament de la Bisbal del Pened\u00e8s no compta amb una ordenan\u00e7a espec\u00edfica sobre terrasses, els ha plantejat que -si ho consideren oport\u00fa- poden ampliar l\u2019espai que ocupen les seves terrasses sempre que aix\u00f2 no suposi un impediment o un obstacle per al tr\u00e0nsit de vianants o per al tr\u00e0nsit de vehicles.<\/span><\/p>\n<p style=\"text-align: justify;\"><span style=\"color: #000000;\">La regidora de Comer\u00e7, Judith Vidal, ha explicat que \u201cmoltes botigues i empreses del municipi han estat fent un gran esfor\u00e7 durant les darreres setmanes perqu\u00e8 els ve\u00efns de la Bisbal pogu\u00e9ssim fer les nostres compres als seus establiments o amb servei a domicili, i esperem que segueixin treballant. Per\u00f2 els establiments que han deixat de treballar tamb\u00e9 han hagut de fer un gran esfor\u00e7 econ\u00f2mic per poder tirar endavant. Esperem que tinguin molta feina i els envio un missatge d\u2019\u00e0nim\u201d. Judith Vidal ha afegit que \u201cen aquests moments, m\u00e9s que mai, hem d\u2019estar al costat dels nostres comer\u00e7os locals, bars i restaurants. Per aix\u00f2, durant tot el confinament hem treballat per fer arribar a la ciutadania els serveis que han anat oferint els comer\u00e7os que han pogut continuar treballant i, el proper dilluns, est\u00e0 previst que s\u2019aprovin els ajuts per als aut\u00f2noms i les petites empreses locals. Tamb\u00e9 dilluns engegarem les III Setmanes de l\u2019Empresa i l\u2019Ocupaci\u00f3 que ha organitzat la Regidoria d\u2019Ocupaci\u00f3 amb l\u2019objectiu d\u2019ajudar i facilitar el m\u00e0xim d\u2019informaci\u00f3 a tots els col\u00b7lectius afectats econ\u00f2micament per aquesta situaci\u00f3\u201d.<\/span><\/p>\n<p style=\"text-align: justify;\"><span style=\"color: #000000;\">Per a m\u00e9s informaci\u00f3 sobre les III Setmanes de l\u2019Empresa i l\u2019Ocupaci\u00f3\u00a0 podeu entrar al seg\u00fcent enlla\u00e7:<\/span><\/p>\n<p style=\"text-align: justify;\"><a href=\"https:\/\/bisbalpenedes.com\/web\/2020\/05\/07\/la-bisbal-del-penedes-celebrara-les-iii-setmanes-de-lempresa-i-locupacio-de-l11-al-29-de-maig\/\">https:\/\/bisbalpenedes.com\/web\/2020\/05\/07\/la-bisbal-del-penedes-celebrara-les-iii-setmanes-de-lempresa-i-locupacio-de-l11-al-29-de-maig\/<\/a><\/p>\n<p style=\"text-align: justify;\"><span style=\"color: #000000;\">En aquest altre enlla\u00e7 podreu consultar l\u2019ordre del dia del Ple extraordinari previst per al dilluns 11 de maig a les 9h:<\/span><\/p>\n<p style=\"text-align: justify;\"><a href=\"https:\/\/bisbalpenedes.com\/web\/2020\/05\/06\/sha-convocat-un-ple-extraordinari-telematic-per-al-dilluns-11-de-maig-a-les-9h\/\">https:\/\/bisbalpenedes.com\/web\/2020\/05\/06\/sha-convocat-un-ple-extraordinari-telematic-per-al-dilluns-11-de-maig-a-les-9h\/<\/a><\/p>\n<hr \/>\n<p style=\"text-align: justify;\"><span style=\"color: #000000;\"><strong>CASTELLANO |<\/strong> Ante la aproximaci\u00f3n de la fecha de apertura de los bares y restaurantes locales -en el marco del proceso de desescalada gradual de las medidas extraordinarias de restricci\u00f3n de la movilidad y del contacto social adoptadas hasta la fecha- y teniendo en cuenta las restricciones que deben cumplir los comercios locales, la concejala de Comercio, Judith Vidal, ha mantenido conversaciones con todos los establecimientos de restauraci\u00f3n del municipio que, a causa de la situaci\u00f3n\u00a0que ha generado el Covid-19, ver\u00e1n limitadas sus capacidades cuando vuelvan a abrir.<\/span><\/p>\n<p style=\"text-align: justify;\"><span style=\"color: #000000;\">Aunque el Ayuntamiento de la Bisbal del Pened\u00e8s no cuenta con una ordenanza espec\u00edfica sobre\u00a0 terrazas, les ha planteado que -si lo consideran oportuno- pueden ampliar el espacio que ocupan sus terrazas siempre que esto no suponga un impedimento o un obst\u00e1culo para el tr\u00e1fico de peatones o el tr\u00e1fico de veh\u00edculos.<\/span><\/p>\n<p style=\"text-align: justify;\"><span style=\"color: #000000;\">La concejala de Comercio, Judith Vidal, ha explicado que \u201cmuchas tiendas y empresas del municipio han estado haciendo un gran esfuerzo durante las \u00faltimas semanas para que los vecinos de la Bisbal pudi\u00e9ramos hacer nuestras compras en sus establecimientos o con servicio a domicilio, y esperamos que sigan trabajando. Pero los establecimientos que han dejado de trabajar tambi\u00e9n han tenido que hacer un gran esfuerzo econ\u00f3mico para poder salir adelante. Esperamos que tengan mucho trabajo y les mando un mensaje de \u00e1nimo\u201d. Judith Vidal ha a\u00f1adido que \u201cen estos momentos, m\u00e1s que nunca, debemos apoyar a nuestros comercios locales, bares y restaurantes. Por ese motivo, durante todo el confinamiento hemos trabajado para hacer llegar a la ciudadan\u00eda los servicios que han ido ofreciendo los comercios que han podido continuar trabajando y, el pr\u00f3ximo lunes, est\u00e1 previsto que se aprueben las ayudas para los aut\u00f3nomos y las peque\u00f1as empresas locales. Tambi\u00e9n el lunes pondremos en marcha las III Semanas de la Empresa y la Ocupaci\u00f3n que ha organizado la Concejal\u00eda de Ocupaci\u00f3n con el objetivo de ayudar y facilitar el m\u00e1ximo de informaci\u00f3n a todos los colectivos afectados econ\u00f3micamente por esta situaci\u00f3n\u201d.<\/span><\/p>\n<p style=\"text-align: justify;\"><span style=\"color: #000000;\">Para m\u00e1s informaci\u00f3n sobre las III Semanas de la Empresa y la Ocupaci\u00f3n pod\u00e9is entrar en el siguiente enlace:<\/span><\/p>\n<p style=\"text-align: justify;\"><a href=\"https:\/\/bisbalpenedes.com\/web\/2020\/05\/07\/la-bisbal-del-penedes-celebrara-les-iii-setmanes-de-lempresa-i-locupacio-de-l11-al-29-de-maig\/\">https:\/\/bisbalpenedes.com\/web\/2020\/05\/07\/la-bisbal-del-penedes-celebrara-les-iii-setmanes-de-lempresa-i-locupacio-de-l11-al-29-de-maig\/<\/a><\/p>\n<p style=\"text-align: justify;\"><span style=\"color: #000000;\">En este otro enlace podr\u00e9is consultar el orden del d\u00eda del Pleno extraordinario previsto para el lunes 11 de mayo a las 9h:<\/span><\/p>\n<p style=\"text-align: justify;\"><a href=\"https:\/\/bisbalpenedes.com\/web\/2020\/05\/06\/sha-convocat-un-ple-extraordinari-telematic-per-al-dilluns-11-de-maig-a-les-9h\/\">https:\/\/bisbalpenedes.com\/web\/2020\/05\/06\/sha-convocat-un-ple-extraordinari-telematic-per-al-dilluns-11-de-maig-a-les-9h\/<\/a><\/p>\n<p>&nbsp;<\/p>\n","protected":false},"excerpt":{"rendered":"<p>Davant l\u2019aproximaci\u00f3 de la data d\u2019obertura dels bars i restaurants locals -en el marc del proc\u00e9s de desescalada gradual de les mesures extraordin\u00e0ries de restricci\u00f3 de la mobilitat i del &hellip; <a href=\"https:\/\/bisbalpenedes.com\/web\/2020\/05\/08\/els-bars-i-restaurants-de-la-bisbal-del-penedes-podran-ampliar-les-seves-terrasses-quan-tornin-a-obrir\/\" class=\"more-link\">Read More<\/a><\/p>\n","protected":false},"author":4,"featured_media":5683,"comment_status":"closed","ping_status":"closed","sticky":false,"template":"","format":"standard","meta":[],"categories":[3126,8],"tags":[259,163,3562,417,329,3789,162,3563,102],"_links":{"self":[{"href":"https:\/\/bisbalpenedes.com\/web\/wp-json\/wp\/v2\/posts\/13280"}],"collection":[{"href":"https:\/\/bisbalpenedes.com\/web\/wp-json\/wp\/v2\/posts"}],"about":[{"href":"https:\/\/bisbalpenedes.com\/web\/wp-json\/wp\/v2\/types\/post"}],"author":[{"embeddable":true,"href":"https:\/\/bisbalpenedes.com\/web\/wp-json\/wp\/v2\/users\/4"}],"replies":[{"embeddable":true,"href":"https:\/\/bisbalpenedes.com\/web\/wp-json\/wp\/v2\/comments?post=13280"}],"version-history":[{"count":3,"href":"https:\/\/bisbalpenedes.com\/web\/wp-json\/wp\/v2\/posts\/13280\/revisions"}],"predecessor-version":[{"id":13283,"href":"https:\/\/bisbalpenedes.com\/web\/wp-json\/wp\/v2\/posts\/13280\/revisions\/13283"}],"wp:featuredmedia":[{"embeddable":true,"href":"https:\/\/bisbalpenedes.com\/web\/wp-json\/wp\/v2\/media\/5683"}],"wp:attachment":[{"href":"https:\/\/bisbalpenedes.com\/web\/wp-json\/wp\/v2\/media?parent=13280"}],"wp:term":[{"taxonomy":"category","embeddable":true,"href":"https:\/\/bisbalpenedes.com\/web\/wp-json\/wp\/v2\/categories?post=13280"},{"taxonomy":"post_tag","embeddable":true,"href":"https:\/\/bisbalpenedes.com\/web\/wp-json\/wp\/v2\/tags?post=13280"}],"curies":[{"name":"wp","href":"https:\/\/api.w.org\/{rel}","templated":true}]}}