{"id":13273,"date":"2020-05-08T09:10:43","date_gmt":"2020-05-08T08:10:43","guid":{"rendered":"http:\/\/bisbalpenedes.com\/web\/?p=13273"},"modified":"2020-05-08T09:12:42","modified_gmt":"2020-05-08T08:12:42","slug":"nova-entrega-de-les-pindoles-bisbalenques-els-enterraments-a-lesglesia","status":"publish","type":"post","link":"https:\/\/bisbalpenedes.com\/web\/2020\/05\/08\/nova-entrega-de-les-pindoles-bisbalenques-els-enterraments-a-lesglesia\/","title":{"rendered":"Nova entrega de les P\u00edndoles Bisbalenques: els enterraments a l&#8217;esgl\u00e9sia"},"content":{"rendered":"<p style=\"text-align: justify;\"><span style=\"color: #000000;\">Sab\u00edeu que dins l\u2019esgl\u00e9sia de la Bisbal, en ocasions especials, s\u2019hi han enterrat persones?<\/span><\/p>\n<p style=\"text-align: justify;\"><span style=\"color: #000000;\">Avui us parlem d\u2019aquests singulars enterraments i sobre qui tenia aquest privilegi\u2026 una hist\u00f2ria que porta cua!<\/span><\/p>\n<p style=\"text-align: justify;\"><span style=\"color: #000000;\">Per saber-ne m\u00e9s, podeu consultar el llibre de Benjam\u00ed Catal\u00e0 Benach \u201cLa Bisbal el llarg batec d\u2019un poble al Pened\u00e8s\u201d, aix\u00ed com tamb\u00e9 l\u2019obra de Salvador Ferr\u00e9 Mir\u00f3 \u201cEl llinatge bisbalenc dels Salb\u00e0\u201d, en el qual informa de les diferents ubicacions al llarg i ample de Catalunya on foren sepultats alguns dels membres m\u00e9s destacats d\u2019aquest llinatge.<\/span><\/p>\n<hr \/>\n<p style=\"text-align: justify;\"><span style=\"color: #000000;\"><strong>CASTELLANO |<\/strong> \u00bfSab\u00edais que dentro de la iglesia de la Bisbal, en ocasiones especiales, se han enterrado personas?<\/span><\/p>\n<p style=\"text-align: justify;\"><span style=\"color: #000000;\">Hoy os hablamos de estos singulares entierros y sobre qui\u00e9n ten\u00eda este privilegio\u2026 \u00a1Una historia que trae cola!<\/span><\/p>\n<p style=\"text-align: justify;\"><span style=\"color: #000000;\">Para saber m\u00e1s sobre este tema, pod\u00e9is consultar el libro de Benjam\u00ed Catal\u00e0 Benach \u201cLa Bisbal el llarg batec d\u2019un poble al Pened\u00e8s\u201d, as\u00ed como tambi\u00e9n la obra de Salvador Ferr\u00e9 Mir\u00f3 \u201cEl llinatge bisbalenc dels Salb\u00e0\u201d, en el que informa de las distintas ubicaciones a lo largo y ancho de Catalunya donde fueron sepultados algunos de los miembros m\u00e1s destacados de este linaje.<\/span><\/p>\n<p style=\"text-align: justify;\"><a href=\"http:\/\/bisbalpenedes.com\/web\/wp-content\/uploads\/2020\/05\/68.png\"><img loading=\"lazy\" class=\"aligncenter size-large wp-image-13274\" src=\"http:\/\/bisbalpenedes.com\/web\/wp-content\/uploads\/2020\/05\/68-1024x1024.png\" alt=\"68\" width=\"630\" height=\"630\" srcset=\"https:\/\/bisbalpenedes.com\/web\/wp-content\/uploads\/2020\/05\/68-1024x1024.png 1024w, https:\/\/bisbalpenedes.com\/web\/wp-content\/uploads\/2020\/05\/68-300x300.png 300w, https:\/\/bisbalpenedes.com\/web\/wp-content\/uploads\/2020\/05\/68-100x100.png 100w, https:\/\/bisbalpenedes.com\/web\/wp-content\/uploads\/2020\/05\/68-600x600.png 600w, https:\/\/bisbalpenedes.com\/web\/wp-content\/uploads\/2020\/05\/68-150x150.png 150w, https:\/\/bisbalpenedes.com\/web\/wp-content\/uploads\/2020\/05\/68-768x768.png 768w, https:\/\/bisbalpenedes.com\/web\/wp-content\/uploads\/2020\/05\/68.png 1080w\" sizes=\"(max-width: 630px) 100vw, 630px\" \/><\/a> <a href=\"http:\/\/bisbalpenedes.com\/web\/wp-content\/uploads\/2020\/05\/69.png\"><img loading=\"lazy\" class=\"aligncenter size-large wp-image-13275\" src=\"http:\/\/bisbalpenedes.com\/web\/wp-content\/uploads\/2020\/05\/69-1024x1024.png\" alt=\"69\" width=\"630\" height=\"630\" srcset=\"https:\/\/bisbalpenedes.com\/web\/wp-content\/uploads\/2020\/05\/69-1024x1024.png 1024w, https:\/\/bisbalpenedes.com\/web\/wp-content\/uploads\/2020\/05\/69-300x300.png 300w, https:\/\/bisbalpenedes.com\/web\/wp-content\/uploads\/2020\/05\/69-100x100.png 100w, https:\/\/bisbalpenedes.com\/web\/wp-content\/uploads\/2020\/05\/69-600x600.png 600w, https:\/\/bisbalpenedes.com\/web\/wp-content\/uploads\/2020\/05\/69-150x150.png 150w, https:\/\/bisbalpenedes.com\/web\/wp-content\/uploads\/2020\/05\/69-768x768.png 768w, https:\/\/bisbalpenedes.com\/web\/wp-content\/uploads\/2020\/05\/69.png 1080w\" sizes=\"(max-width: 630px) 100vw, 630px\" \/><\/a> <a href=\"http:\/\/bisbalpenedes.com\/web\/wp-content\/uploads\/2020\/05\/70.png\"><img loading=\"lazy\" class=\"aligncenter size-large wp-image-13276\" src=\"http:\/\/bisbalpenedes.com\/web\/wp-content\/uploads\/2020\/05\/70-1024x1024.png\" alt=\"70\" width=\"630\" height=\"630\" srcset=\"https:\/\/bisbalpenedes.com\/web\/wp-content\/uploads\/2020\/05\/70-1024x1024.png 1024w, https:\/\/bisbalpenedes.com\/web\/wp-content\/uploads\/2020\/05\/70-300x300.png 300w, https:\/\/bisbalpenedes.com\/web\/wp-content\/uploads\/2020\/05\/70-100x100.png 100w, https:\/\/bisbalpenedes.com\/web\/wp-content\/uploads\/2020\/05\/70-600x600.png 600w, https:\/\/bisbalpenedes.com\/web\/wp-content\/uploads\/2020\/05\/70-150x150.png 150w, https:\/\/bisbalpenedes.com\/web\/wp-content\/uploads\/2020\/05\/70-768x768.png 768w, https:\/\/bisbalpenedes.com\/web\/wp-content\/uploads\/2020\/05\/70.png 1080w\" sizes=\"(max-width: 630px) 100vw, 630px\" \/><\/a> <a href=\"http:\/\/bisbalpenedes.com\/web\/wp-content\/uploads\/2020\/05\/71.png\"><img loading=\"lazy\" class=\"aligncenter size-large wp-image-13277\" src=\"http:\/\/bisbalpenedes.com\/web\/wp-content\/uploads\/2020\/05\/71-1024x1024.png\" alt=\"71\" width=\"630\" height=\"630\" srcset=\"https:\/\/bisbalpenedes.com\/web\/wp-content\/uploads\/2020\/05\/71-1024x1024.png 1024w, https:\/\/bisbalpenedes.com\/web\/wp-content\/uploads\/2020\/05\/71-300x300.png 300w, https:\/\/bisbalpenedes.com\/web\/wp-content\/uploads\/2020\/05\/71-100x100.png 100w, https:\/\/bisbalpenedes.com\/web\/wp-content\/uploads\/2020\/05\/71-600x600.png 600w, https:\/\/bisbalpenedes.com\/web\/wp-content\/uploads\/2020\/05\/71-150x150.png 150w, https:\/\/bisbalpenedes.com\/web\/wp-content\/uploads\/2020\/05\/71-768x768.png 768w, https:\/\/bisbalpenedes.com\/web\/wp-content\/uploads\/2020\/05\/71.png 1080w\" sizes=\"(max-width: 630px) 100vw, 630px\" \/><\/a><\/p>\n<p>&nbsp;<\/p>\n","protected":false},"excerpt":{"rendered":"<p>Sab\u00edeu que dins l\u2019esgl\u00e9sia de la Bisbal, en ocasions especials, s\u2019hi han enterrat persones? Avui us parlem d\u2019aquests singulars enterraments i sobre qui tenia aquest privilegi\u2026 una hist\u00f2ria que porta &hellip; <a href=\"https:\/\/bisbalpenedes.com\/web\/2020\/05\/08\/nova-entrega-de-les-pindoles-bisbalenques-els-enterraments-a-lesglesia\/\" class=\"more-link\">Read More<\/a><\/p>\n","protected":false},"author":4,"featured_media":13274,"comment_status":"closed","ping_status":"closed","sticky":false,"template":"","format":"standard","meta":[],"categories":[13],"tags":[225,3788,1113,1548,3585],"_links":{"self":[{"href":"https:\/\/bisbalpenedes.com\/web\/wp-json\/wp\/v2\/posts\/13273"}],"collection":[{"href":"https:\/\/bisbalpenedes.com\/web\/wp-json\/wp\/v2\/posts"}],"about":[{"href":"https:\/\/bisbalpenedes.com\/web\/wp-json\/wp\/v2\/types\/post"}],"author":[{"embeddable":true,"href":"https:\/\/bisbalpenedes.com\/web\/wp-json\/wp\/v2\/users\/4"}],"replies":[{"embeddable":true,"href":"https:\/\/bisbalpenedes.com\/web\/wp-json\/wp\/v2\/comments?post=13273"}],"version-history":[{"count":1,"href":"https:\/\/bisbalpenedes.com\/web\/wp-json\/wp\/v2\/posts\/13273\/revisions"}],"predecessor-version":[{"id":13278,"href":"https:\/\/bisbalpenedes.com\/web\/wp-json\/wp\/v2\/posts\/13273\/revisions\/13278"}],"wp:featuredmedia":[{"embeddable":true,"href":"https:\/\/bisbalpenedes.com\/web\/wp-json\/wp\/v2\/media\/13274"}],"wp:attachment":[{"href":"https:\/\/bisbalpenedes.com\/web\/wp-json\/wp\/v2\/media?parent=13273"}],"wp:term":[{"taxonomy":"category","embeddable":true,"href":"https:\/\/bisbalpenedes.com\/web\/wp-json\/wp\/v2\/categories?post=13273"},{"taxonomy":"post_tag","embeddable":true,"href":"https:\/\/bisbalpenedes.com\/web\/wp-json\/wp\/v2\/tags?post=13273"}],"curies":[{"name":"wp","href":"https:\/\/api.w.org\/{rel}","templated":true}]}}