{"id":13269,"date":"2020-05-08T09:12:50","date_gmt":"2020-05-08T08:12:50","guid":{"rendered":"http:\/\/bisbalpenedes.com\/web\/?p=13269"},"modified":"2020-05-08T09:12:50","modified_gmt":"2020-05-08T08:12:50","slug":"la-fegp-obre-una-plataforma-en-linia-per-fer-mes-visibles-les-empreses-i-professionals-del-territori","status":"publish","type":"post","link":"https:\/\/bisbalpenedes.com\/web\/2020\/05\/08\/la-fegp-obre-una-plataforma-en-linia-per-fer-mes-visibles-les-empreses-i-professionals-del-territori\/","title":{"rendered":"La FEGP obre una plataforma en l\u00ednia per fer m\u00e9s visibles les empreses i professionals del territori"},"content":{"rendered":"<figure id=\"attachment_13271\" aria-describedby=\"caption-attachment-13271\" style=\"width: 630px\" class=\"wp-caption aligncenter\"><a href=\"http:\/\/bisbalpenedes.com\/web\/wp-content\/uploads\/2020\/05\/CAPTURA-AQUIDAQUI-2.png\"><img loading=\"lazy\" class=\"wp-image-13271 size-large\" src=\"http:\/\/bisbalpenedes.com\/web\/wp-content\/uploads\/2020\/05\/CAPTURA-AQUIDAQUI-2-1024x634.png\" alt=\"CAPTURA AQUIDAQUI 2\" width=\"630\" height=\"390\" srcset=\"https:\/\/bisbalpenedes.com\/web\/wp-content\/uploads\/2020\/05\/CAPTURA-AQUIDAQUI-2-1024x634.png 1024w, https:\/\/bisbalpenedes.com\/web\/wp-content\/uploads\/2020\/05\/CAPTURA-AQUIDAQUI-2-600x371.png 600w, https:\/\/bisbalpenedes.com\/web\/wp-content\/uploads\/2020\/05\/CAPTURA-AQUIDAQUI-2-300x186.png 300w, https:\/\/bisbalpenedes.com\/web\/wp-content\/uploads\/2020\/05\/CAPTURA-AQUIDAQUI-2-768x475.png 768w, https:\/\/bisbalpenedes.com\/web\/wp-content\/uploads\/2020\/05\/CAPTURA-AQUIDAQUI-2.png 1223w\" sizes=\"(max-width: 630px) 100vw, 630px\" \/><\/a><figcaption id=\"caption-attachment-13271\" class=\"wp-caption-text\">Captura de la p\u00e0gina per cercar una demanda<\/figcaption><\/figure>\n<p style=\"text-align: justify;\"><span style=\"color: #000000;\">La Federaci\u00f3 Empresarial del Gran Pened\u00e8s (FEGP) ha presentat la plataforma \u2018Aqu\u00ed d\u2019aqu\u00ed\u2019 amb l\u2019objectiu de fer m\u00e9s visibles els projectes i la v\u00e0lua de les empreses i els professionals del Pened\u00e8s i el Garraf i, alhora, crear vincles comercials que podrien contribuir a la recuperaci\u00f3 econ\u00f2mica en un moment cabdal com l\u2019actual, en el qual moltes empreses i professionals s\u2019han vist afectats per la situaci\u00f3 generada per la pand\u00e8mia de Covid-19.<\/span><\/p>\n<p style=\"text-align: justify;\"><a href=\"http:\/\/www.aquidaqui.cat\/\">\u2018Aqu\u00ed d\u2019aqu\u00ed\u2019<\/a> <span style=\"color: #000000;\">\u00e9s una plataforma en l\u00ednia que cont\u00e9 uns formularis molt f\u00e0cils d\u2019utilitzar i que permeten a les empreses introduir serveis i productes o contactar amb altres empreses per a necessitats espec\u00edfiques.<\/span><\/p>\n<p style=\"text-align: justify;\"><span style=\"color: #000000;\">Segons expliquen des de la FEGP, \u201cLa iniciativa es va gestar unes setmanes abans de fer-se evident la pand\u00e8mia. <strong>La riquesa i diversitat de les comarques del Pened\u00e8s i el Garraf, millorar-ne el teixit econ\u00f2mic o potenciar el valor d\u2019empreses locals van s\u00f3n els motius d\u2019iniciar el projecte<\/strong>. La campanya de l\u2019<strong>Aqu\u00ed d\u2019aqu\u00ed<\/strong> t\u00e9 previst ser un servei prolongat per refor\u00e7ar la competitivitat del territori, establir xarxes de proximitat professionals i potenciar el consum de Km0 i, ara, per la situaci\u00f3 donada amb la crisi sanit\u00e0ria,\u00a0pot pal\u00b7liar els efectes econ\u00f2mics negatius de l\u2019epid\u00e8mia de Covid 19\u201d.<\/span><\/p>\n<p style=\"text-align: justify;\"><span style=\"color: #000000;\">Per a m\u00e9s informaci\u00f3 podeu accedir al web<\/span> <a href=\"http:\/\/www.aquidaqui.cat\">www.aquidaqui.cat<\/a><\/p>\n<hr \/>\n<p style=\"text-align: justify;\"><span style=\"color: #000000;\"><strong>CASTELLANO |<\/strong> La Federaci\u00f3 Empresarial del Gran Pened\u00e8s (FEGP) ha presentado la plataforma \u2018Aqu\u00ed d\u2019aqu\u00ed\u2019 con el objetivo de hacer m\u00e1s visibles los proyectos y el valor de las empresas y profesionales del Pened\u00e8s y el Garraf y, a la vez, crear v\u00ednculos comerciales que podr\u00edan contribuir a la recuperaci\u00f3n econ\u00f3mica en un momento caudal como el actual, el que muchas empresas y profesionales se han visto afectados por la situaci\u00f3n generada por la pandemia del Covid-19.<\/span><\/p>\n<p style=\"text-align: justify;\">\u2018<a href=\"http:\/\/www.aquidaqui.cat\/\">Aqu\u00ed d\u2019aqu\u00ed\u2019<\/a> <span style=\"color: #000000;\">es una plataforma en l\u00ednea que contiene unos formularios muy f\u00e1ciles de utilizar y que permiten a las empresas introducir servicios y productos o contactar con otras empresas para necesidades espec\u00edficas.<\/span><\/p>\n<p style=\"text-align: justify;\"><span style=\"color: #000000;\">Seg\u00fan explican desde la FEGP, \u201cLa iniciativa se gest\u00f3 unas semanas antes de hacerse evidente la pandemia. La riqueza y diversidad de las comarcas del Pened\u00e8s y el Garraf, mejorar el tejido econ\u00f3mico o potenciar el valor de las empresas fueron los motivos que nos llevaron a iniciar el proyecto. La campa\u00f1a de \u2018Aqu\u00ed d\u2019aqu\u00ed\u2019 tiene previsto ser un servicio prolongado para reforzar la competitividad del territorio, establecer redes de proximidad profesionales y potenciar el consumo Km0 y, en estos momentos, para la situaci\u00f3n que se ha dado con la crisis sanitaria, puede mitigar los efectos econ\u00f3micos negativos de la epidemia de Covid 19\u201d.<\/span><\/p>\n<p style=\"text-align: justify;\"><span style=\"color: #000000;\">Pera m\u00e1s informaci\u00f3n pod\u00e9is acceder a la web<\/span> <a href=\"http:\/\/www.aquidaqui.cat\">www.aquidaqui.cat<\/a><\/p>\n<p>&nbsp;<\/p>\n","protected":false},"excerpt":{"rendered":"<p>La Federaci\u00f3 Empresarial del Gran Pened\u00e8s (FEGP) ha presentat la plataforma \u2018Aqu\u00ed d\u2019aqu\u00ed\u2019 amb l\u2019objectiu de fer m\u00e9s visibles els projectes i la v\u00e0lua de les empreses i els professionals &hellip; <a href=\"https:\/\/bisbalpenedes.com\/web\/2020\/05\/08\/la-fegp-obre-una-plataforma-en-linia-per-fer-mes-visibles-les-empreses-i-professionals-del-territori\/\" class=\"more-link\">Read More<\/a><\/p>\n","protected":false},"author":4,"featured_media":13270,"comment_status":"closed","ping_status":"closed","sticky":false,"template":"","format":"standard","meta":[],"categories":[3239,8,9],"tags":[3786,162,3787,1327,40],"_links":{"self":[{"href":"https:\/\/bisbalpenedes.com\/web\/wp-json\/wp\/v2\/posts\/13269"}],"collection":[{"href":"https:\/\/bisbalpenedes.com\/web\/wp-json\/wp\/v2\/posts"}],"about":[{"href":"https:\/\/bisbalpenedes.com\/web\/wp-json\/wp\/v2\/types\/post"}],"author":[{"embeddable":true,"href":"https:\/\/bisbalpenedes.com\/web\/wp-json\/wp\/v2\/users\/4"}],"replies":[{"embeddable":true,"href":"https:\/\/bisbalpenedes.com\/web\/wp-json\/wp\/v2\/comments?post=13269"}],"version-history":[{"count":1,"href":"https:\/\/bisbalpenedes.com\/web\/wp-json\/wp\/v2\/posts\/13269\/revisions"}],"predecessor-version":[{"id":13272,"href":"https:\/\/bisbalpenedes.com\/web\/wp-json\/wp\/v2\/posts\/13269\/revisions\/13272"}],"wp:featuredmedia":[{"embeddable":true,"href":"https:\/\/bisbalpenedes.com\/web\/wp-json\/wp\/v2\/media\/13270"}],"wp:attachment":[{"href":"https:\/\/bisbalpenedes.com\/web\/wp-json\/wp\/v2\/media?parent=13269"}],"wp:term":[{"taxonomy":"category","embeddable":true,"href":"https:\/\/bisbalpenedes.com\/web\/wp-json\/wp\/v2\/categories?post=13269"},{"taxonomy":"post_tag","embeddable":true,"href":"https:\/\/bisbalpenedes.com\/web\/wp-json\/wp\/v2\/tags?post=13269"}],"curies":[{"name":"wp","href":"https:\/\/api.w.org\/{rel}","templated":true}]}}