{"id":13261,"date":"2020-05-06T13:31:31","date_gmt":"2020-05-06T12:31:31","guid":{"rendered":"http:\/\/bisbalpenedes.com\/web\/?p=13261"},"modified":"2020-05-07T11:15:27","modified_gmt":"2020-05-07T10:15:27","slug":"aquesta-setmana-shan-comencat-a-repartir-les-notificacions-als-beneficiaris-i-no-beneficiaris-de-les-subvencions-de-llibres-escolars","status":"publish","type":"post","link":"https:\/\/bisbalpenedes.com\/web\/2020\/05\/06\/aquesta-setmana-shan-comencat-a-repartir-les-notificacions-als-beneficiaris-i-no-beneficiaris-de-les-subvencions-de-llibres-escolars\/","title":{"rendered":"Aquesta setmana s\u2019han comen\u00e7at a repartir les notificacions als beneficiaris i no beneficiaris de les subvencions de llibres escolars"},"content":{"rendered":"<p style=\"text-align: justify;\"><span style=\"color: #000000;\">Aquest dimarts s\u2019han comen\u00e7at a repartir les notificacions dels beneficiaris i dels no beneficiaris de les subvencions de llibres escolars de l\u2019Escola Ull de Vent i l\u2019Institut Coster de la Torre amb les mesures de dist\u00e0ncies, seguretat i higiene corresponents.<\/span><\/p>\n<p style=\"text-align: justify;\"><span style=\"color: #000000;\">La Junta de Govern del 9 de mar\u00e7 va aprovar els beneficiaris i no beneficiaris de les subvencions de llibres escolars de l\u2019escola i l\u2019insitut per\u00f2, a causa de la situaci\u00f3 d\u2019estat d\u2019alarma generada per la Covid-19, no s\u2019havien repartit les notificacions per prevenci\u00f3. A m\u00e9s, com que quan es va elevar la situaci\u00f3 a estat d\u2019alarma es van suspendre els terminis, fins que no s\u2019aixequi aquesta suspensi\u00f3 no es podr\u00e0 iniciar el per\u00edode d&#8217;un mes d\u2019acceptaci\u00f3 de la subvenci\u00f3 o al\u00b7legacions sobre aquestes.<\/span><\/p>\n<p style=\"text-align: justify;\"><span style=\"color: #000000;\">Tanmateix, amb vista a les fases de desconfinament previstes per les autoritats sanit\u00e0ries, l\u2019Ajuntament de la Bisbal del Pened\u00e8s ha decidit comen\u00e7ar a repartir les notificacions prenent les mesures de dist\u00e0ncies, seguretat i higiene corresponents perqu\u00e8 les fam\u00edlies benefici\u00e0ries puguin preparar el document i presentar-lo de forma telem\u00e0tica -un pas que es podria fer en el moment actual- o tenir-lo a punt per a quan es pugui presentar de forma f\u00edsica a l\u2019Ajuntament.<\/span><\/p>\n<p style=\"text-align: justify;\"><span style=\"color: #000000;\"><strong><span style=\"text-decoration: underline;\">IMPORTANT:<\/span><\/strong>\u00a0Les fam\u00edlies benefici\u00e0ries que han rebut la notificaci\u00f3 i el full d\u2019acceptaci\u00f3 de la sol\u00b7licitud, l\u2019<strong>han de retornar, emplenat, a l\u2019Ajuntament de la Bisbal del Pened\u00e8s mitjan\u00e7ant Registre d\u2019entrada.<\/strong>\u00a0Com que en l\u2019actualitat els terminis estan suspesos, el mes per presentar al\u00b7legacions o acceptar la subvenci\u00f3 comen\u00e7aran un cop s\u2019hagi aixecat l\u2019estat d\u2019alarma.\u00a0<strong>\u00c9s imprescindible que els beneficiaris entrin per registre el document d\u2019acceptaci\u00f3 de la subvenci\u00f3.<\/strong>\u00a0Si no, no es podr\u00e0 rebre la subvenci\u00f3. Aquest tr\u00e0mit es pot fer de forma telem\u00e0tica en l\u2019actualitat, encara que no hagi comen\u00e7at el termini d&#8217;un mes, o es pot fer de forma presencial o telem\u00e0tica quan les oficines estiguin obertes f\u00edsicament.<\/span><\/p>\n<p style=\"text-align: justify;\"><span style=\"color: #000000;\">Una vegada finalitzi tot el procediment es podran aprovar els pagaments.<\/span><\/p>\n<hr \/>\n<p style=\"text-align: justify;\"><span style=\"color: #000000;\"><strong>CASTELLANO |<\/strong>\u00a0Este martes se han empezado a repartir las notificaciones de los beneficiarios y de los no beneficiarios de las subvenciones de libros escolares de la Escuela Ull de Vent y el Instituto Coster de la Torre con las medidas de distancias, seguridad e higiene correspondientes.<\/span><\/p>\n<p style=\"text-align: justify;\"><span style=\"color: #000000;\">La Junta de Gobierno del 9 de marzo aprob\u00f3 los beneficiarios y no beneficiarios de las subvenciones de libros escolares de la escuela y el instituto pero, a causa de la situaci\u00f3n de estado de alarma generada por el Covid-19, no se hab\u00edan repartido las notificaciones por prevenci\u00f3n. Adem\u00e1s, como cuando se elev\u00f3 la situaci\u00f3n a estado de alarma se suspendieron los plazos, hasta que no se levante esta suspensi\u00f3n no se podr\u00e1 iniciar el periodo de un mes de aceptaci\u00f3n de la subvenci\u00f3n o alegaciones sobre estas.<\/span><\/p>\n<p style=\"text-align: justify;\"><span style=\"color: #000000;\">No obstante, con vista a las fases de desconfinamiento previstas por las autoridades sanitarias, el Ayuntamiento de la Bisbal del Pened\u00e8s ha decidido empezar a repartir las notificaciones tomando las medidas de distancias, seguridad e higiene correspondientes para que las familias beneficiarias puedan preparar el documento y presentarlo de forma telem\u00e1tica \u2013 un paso que se podr\u00eda hacer en el momento actual \u2013 o tenerlo preparado para cuando se pueda presentar de forma f\u00edsica en el Ayuntamiento.<\/span><\/p>\n<p style=\"text-align: justify;\"><span style=\"color: #000000;\"><span style=\"text-decoration: underline;\"><strong>IMPORTANTE:<\/strong><\/span>\u00a0Las familias beneficiarias que han recibido la notificaci\u00f3n y la hoja de aceptaci\u00f3n de la solicitud,\u00a0<strong>la tienen que devolver, rellenada, al Ayuntamiento de la Bisbal del Pened\u00e8s mediante Registro de entrada.<\/strong>\u00a0Como en la actualidad los plazos est\u00e1n suspendidos, un mes para presentar alegaciones o aceptar la subvenci\u00f3n empezar\u00e1n una vez se haya levantado el estado de alarma.\u00a0<strong>Es imprescindible que los beneficiarios entren por registro el documento de aceptaci\u00f3n de la subvenci\u00f3n.\u00a0<\/strong>Si no, no se podr\u00e1 recibir la subvenci\u00f3n. Este tr\u00e1mite se puede hacer de forma telem\u00e1tica en la actualidad, aunque no haya empezado el plazo de un mes, o se puede hacer de forma presencial o telem\u00e1tica cuando las oficinas est\u00e9n abiertas f\u00edsicamente.<\/span><\/p>\n<p style=\"text-align: justify;\"><span style=\"color: #000000;\">Una vez finalizado el procedimiento se podr\u00e1n aprobar los pagos.<\/span><\/p>\n","protected":false},"excerpt":{"rendered":"<p>Aquest dimarts s\u2019han comen\u00e7at a repartir les notificacions dels beneficiaris i dels no beneficiaris de les subvencions de llibres escolars de l\u2019Escola Ull de Vent i l\u2019Institut Coster de la &hellip; <a href=\"https:\/\/bisbalpenedes.com\/web\/2020\/05\/06\/aquesta-setmana-shan-comencat-a-repartir-les-notificacions-als-beneficiaris-i-no-beneficiaris-de-les-subvencions-de-llibres-escolars\/\" class=\"more-link\">Read More<\/a><\/p>\n","protected":false},"author":4,"featured_media":12172,"comment_status":"closed","ping_status":"closed","sticky":false,"template":"","format":"standard","meta":[],"categories":[2397,8],"tags":[259,1015,383,148,3781,102],"_links":{"self":[{"href":"https:\/\/bisbalpenedes.com\/web\/wp-json\/wp\/v2\/posts\/13261"}],"collection":[{"href":"https:\/\/bisbalpenedes.com\/web\/wp-json\/wp\/v2\/posts"}],"about":[{"href":"https:\/\/bisbalpenedes.com\/web\/wp-json\/wp\/v2\/types\/post"}],"author":[{"embeddable":true,"href":"https:\/\/bisbalpenedes.com\/web\/wp-json\/wp\/v2\/users\/4"}],"replies":[{"embeddable":true,"href":"https:\/\/bisbalpenedes.com\/web\/wp-json\/wp\/v2\/comments?post=13261"}],"version-history":[{"count":2,"href":"https:\/\/bisbalpenedes.com\/web\/wp-json\/wp\/v2\/posts\/13261\/revisions"}],"predecessor-version":[{"id":13267,"href":"https:\/\/bisbalpenedes.com\/web\/wp-json\/wp\/v2\/posts\/13261\/revisions\/13267"}],"wp:featuredmedia":[{"embeddable":true,"href":"https:\/\/bisbalpenedes.com\/web\/wp-json\/wp\/v2\/media\/12172"}],"wp:attachment":[{"href":"https:\/\/bisbalpenedes.com\/web\/wp-json\/wp\/v2\/media?parent=13261"}],"wp:term":[{"taxonomy":"category","embeddable":true,"href":"https:\/\/bisbalpenedes.com\/web\/wp-json\/wp\/v2\/categories?post=13261"},{"taxonomy":"post_tag","embeddable":true,"href":"https:\/\/bisbalpenedes.com\/web\/wp-json\/wp\/v2\/tags?post=13261"}],"curies":[{"name":"wp","href":"https:\/\/api.w.org\/{rel}","templated":true}]}}