{"id":13258,"date":"2020-05-06T13:10:00","date_gmt":"2020-05-06T12:10:00","guid":{"rendered":"http:\/\/bisbalpenedes.com\/web\/?p=13258"},"modified":"2020-05-07T09:05:48","modified_gmt":"2020-05-07T08:05:48","slug":"sha-convocat-un-ple-extraordinari-telematic-per-al-dilluns-11-de-maig-a-les-9h","status":"publish","type":"post","link":"https:\/\/bisbalpenedes.com\/web\/2020\/05\/06\/sha-convocat-un-ple-extraordinari-telematic-per-al-dilluns-11-de-maig-a-les-9h\/","title":{"rendered":"S\u2019ha convocat un Ple extraordinari telem\u00e0tic per al dilluns 11 de maig a les 9h"},"content":{"rendered":"<p><span style=\"color: #000000;\">El proper dilluns 11 de maig, a les 9h, se celebrar\u00e0 un Ple extraordinari a l\u2019Ajuntament de la Bisbal del Pened\u00e8s. Els membres del Ple hi assistiran de forma telem\u00e0tica a trav\u00e9s de l\u2019aplicatiu Localretmeet i el Ple s\u2019emetr\u00e0 en directe a trav\u00e9s de Youtube.<\/span><\/p>\n<p><span style=\"color: #000000;\">Com que \u00e9s la primera vegada que es fa servir aquesta modalitat per fer i emetre el Ple, aquest divendres 8 de maig es far\u00e0 una prova perqu\u00e8 tots els membres del consistori coneguin el funcionament de l\u2019aplicatiu de cara al Ple, en directe, del pr\u00f2xim dilluns.<\/span><\/p>\n<p><span style=\"color: #000000;\">Al Ple extraordinari, s\u2019hi abordaran els punts seg\u00fcents:<\/span><\/p>\n<p><span style=\"color: #000000;\"><strong>Punt 1. Celebraci\u00f3 a dist\u00e0ncia de les sessions dels \u00f2rgans col\u00b7legiats. <\/strong><\/span><\/p>\n<p><span style=\"color: #000000;\">L\u2019aprovaci\u00f3 d\u2019aquest primer punt de l\u2019ordre del dia \u00e9s necess\u00e0ria per poder celebrar el Ple de forma telem\u00e0tica.<\/span><\/p>\n<p><span style=\"color: #000000;\">Es proposa al Ple l\u2019aprovaci\u00f3 dels seg\u00fcents acords:<\/span><\/p>\n<p style=\"padding-left: 30px;\"><span style=\"color: #000000;\"><strong>PRIMER.<\/strong> Aprovar la constituci\u00f3, celebraci\u00f3 i adopci\u00f3 dels acords a dist\u00e0ncia, mitjan\u00e7ant videoconfer\u00e8ncia, dels \u00f2rgans col\u00b7legiats durant l\u2019actual situaci\u00f3 excepcional d\u2019estat d\u2019alarma.<\/span><\/p>\n<p style=\"padding-left: 30px;\"><span style=\"color: #000000;\"><strong>SEGON<\/strong>. Aprovar les instruccions de funcionament i desenvolupament de les sessions plen\u00e0ries que se celebrin telem\u00e0ticament, d\u2019acord amb l\u2019article 46.3 de la Llei 7\/1985, del 2 d\u2019abril, reguladora de les bases del r\u00e8gim local, i la disposici\u00f3 addicional tercera del Decret llei 7\/2020, del 17 de mar\u00e7.<\/span><\/p>\n<p style=\"padding-left: 30px;\"><span style=\"color: #000000;\"><strong>TERCER.<\/strong> Aprovar les anteriors instruccions per a la resta d\u2019\u00f2rgans col\u00b7legiats de la Corporaci\u00f3, en all\u00f2 que els resulti d\u2019aplicaci\u00f3 (Junta de Govern Local i Comissi\u00f3 de Comptes.<\/span><\/p>\n<p><span style=\"color: #000000;\"><strong>Punt 2. Modificaci\u00f3 del Reglament Org\u00e0nic Municipal<\/strong><\/span><\/p>\n<p><span style=\"color: #000000;\">El Reglament Org\u00e0nic Municipal, aprovat el juny de 2017, no contempla l\u2019opci\u00f3 de poder celebrar els plens de forma telem\u00e0tica i, tenint en compte la situaci\u00f3 generada per la Covid-19, es fa necessari prendre mesures per evitar possibles contagis. Per aix\u00f2 es proposa celebrar els plens de forma telem\u00e0tica per\u00f2, per fer-ho, cal que es modifiqui el ROM. La proposta contempla l\u2019aprovaci\u00f3 inicial de la modificaci\u00f3 dels articles 100, 117 i 121 del Reglament Org\u00e0nic Municipal amb l\u2019objectiu d\u2019incloure que, \u201cen situacions excepcionals de for\u00e7a major, de greu risc col\u00b7lectiu o cat\u00e0strofes p\u00fabliques que impedeixin o dificultin de manera desproporcionada el normal funcionament del r\u00e8gim presencial de les sessions del Ple, Junta de govern o Comissi\u00f3 de Comptes de la Corporaci\u00f3, es podran constituir, celebrar i adoptar acords a dist\u00e0ncia, per mitjans electr\u00f2nics i telem\u00e0tics, sempre que els seus membres participants es trobin en territori espanyol i quedi acreditada la seva identitat\u201d. Tamb\u00e9 s\u2019estableix la regulaci\u00f3 del funcionament de les sessions dels \u00f2rgans col\u00b7legiats a dist\u00e0ncia.<\/span><\/p>\n<p><span style=\"color: #000000;\"><strong>Punt 3. Modificaci\u00f3 de cr\u00e8dit per aplicaci\u00f3 del super\u00e0vit 2019. Ratificaci\u00f3 de Decret d\u2019alcaldia.<\/strong><\/span><\/p>\n<p><span style=\"color: #000000;\">El pressupost municipal de 2020 no contemplava\u00a0 mesures d\u2019ajudes per pal\u00b7liar els efectes de la Covid-19. Dins de les mesures urgents extraordin\u00e0ries per fer front a l\u2019impacte econ\u00f2mic i social de la Covid-19, la llei permet destinar un 20% del super\u00e0vit de 2019 a despeses socials, complint una s\u00e8rie de requisits. Aquest import, en el cas de l\u2019Ajuntament de la Bisbal del Pened\u00e8s, ascendeix a 28.201,46\u20ac.<\/span><\/p>\n<p><span style=\"color: #000000;\">El passat 5 de maig l\u2019alcaldessa de la Bisbal del Pened\u00e8s, Agn\u00e8s Ferr\u00e9, va signar un Decret d\u2019alcaldia per crear una partida al pressupost 2020 amb el nom \u201cSubvencions a fam\u00edlies afectades per la Covid-19\u201d i amb un import de 28.201,46\u20ac provinents del super\u00e0vit de 2019.<\/span><\/p>\n<p><span style=\"color: #000000;\">Com que a la convocat\u00f2ria de subvencions s\u2019hi destinen un total de 30.000\u20ac, els 1.798,54\u20ac restants sortiran de la vinculaci\u00f3 d\u2019altres partides del pressupost 2020.<\/span><\/p>\n<p><span style=\"color: #000000;\">Al ple es presenta la proposta de ratificar el Decret d\u2019alcaldia del passat 5 de maig.<\/span><\/p>\n<p><span style=\"color: #000000;\"><strong>Punt 4. Modificaci\u00f3 de cr\u00e8dit per aplicaci\u00f3 del fons de conting\u00e8ncia. Ratificaci\u00f3 de Decret d\u2019alcaldia.<\/strong><\/span><\/p>\n<p><span style=\"color: #000000;\">Per aprovar els ajuts a les persones aut\u00f2nomes i petites empreses afectades per l\u2019estat d\u2019alarma de la Covid- 19 s\u2019ha de crear una partida al pressupost i dotar-la d\u2019un import. Aquesta modificaci\u00f3 de cr\u00e8dit del pressupost vigent ha estat aprovada, mitjan\u00e7ant Decret d\u2019alcaldia del 6 de maig de 2020, en la modalitat de cr\u00e8dits extraordin\u00e0ris, per aplicaci\u00f3 del fons de conting\u00e8ncia.<\/span><\/p>\n<p><span style=\"color: #000000;\">Aix\u00ed, el decret que es proposa ratificar \u00e9s el de la modificaci\u00f3 de cr\u00e8dit per la creaci\u00f3 de la partida \u201cajudes a les persones aut\u00f2nomes i petites empreses afectades per l\u2019estat d\u2019alarma de la Covid-19\u201d per un import de 21.485,12\u20ac, que s\u2019extreu de la partida del pressupost 2020 \u201cFons de conting\u00e8ncia\u201d. La resta de l\u2019import, fins arribar als 30.000\u20ac que est\u00e0 previst que es destinin a aquesta subvenci\u00f3, vindr\u00e0 \u2013 per vinculaci\u00f3 \u2013 d\u2019altres partides.<\/span><\/p>\n<p><span style=\"color: #000000;\">El fons de conting\u00e8ncia t\u00e9 com a finalitat cobrir necessitats imprevistes inajornables i no discrecionals que es puguin presentar al llarg de l\u2019exercici i per a les quals no existeixi cr\u00e8dit pressupostari o el previst resulti insuficient. Tenint en compte la situaci\u00f3 imprevista generada per la Covid-19, s\u2019ha optat per proposar utilitzar els diners d\u2019aquesta partida per als ajuts anteriorment esmentats.<\/span><\/p>\n<p><span style=\"color: #000000;\">Al ple es presenta la proposta de ratificar el Decret d\u2019alcaldia del 6 de maig.<\/span><\/p>\n<p style=\"text-align: justify;\"><span style=\"color: #000000;\"><strong>Punt 5. Bases reguladores i convocat\u00f2ria de les subvencions a persones i unitats familiars o de conviv\u00e8ncia afectades per la crisi sanit\u00e0ria ocasionada per la Covid-19<\/strong><\/span><\/p>\n<p style=\"text-align: justify;\"><span style=\"color: #000000;\">Es proposa l\u2019aprovaci\u00f3 de les bases reguladores i la convocat\u00f2ria de les subvencions amb la finalitat d\u2019ajudar les persones i unitats familiars o de conviv\u00e8ncia afectades per la situaci\u00f3 generada per la Covid-19, per fer front a les despeses derivades del lloguer o de la hipoteca de l\u2019habitatge habitual, dels subministraments b\u00e0sics (llum i aigua) i de l\u2019adquisici\u00f3 de productes d\u2019alimentaci\u00f3 i farm\u00e0cia.<\/span><\/p>\n<p style=\"text-align: justify;\"><span style=\"color: #000000;\">S\u2019hi destinar\u00e0 una partida del pressupost municipal de 30.000\u20ac<\/span><\/p>\n<p style=\"text-align: justify;\"><span style=\"color: #000000;\">La quantia individualitzada de la subvenci\u00f3 ser\u00e0 de 500\u20ac per beneficiari\/\u00e0ria. Es concedir\u00e0 una \u00fanica subvenci\u00f3 per unitat familiar o de conviv\u00e8ncia i aquesta s\u2019haur\u00e0 de destinar a fer front a les despeses derivades del lloguer o de la hipoteca de l\u2019habitatge habitual, dels subministraments b\u00e0sics (llum i aigua) i de l\u2019adquisici\u00f3 de productes d\u2019alimentaci\u00f3 i farm\u00e0cia.<\/span><\/p>\n<p style=\"text-align: justify;\"><span style=\"color: #000000;\"><strong>Punt 6. Bases reguladores i convocat\u00f2ria per subvencions a persones aut\u00f2nomes i petites empreses de la Bisbal del Pened\u00e8s afectades per la situaci\u00f3 generada per la Covid-19.<\/strong><\/span><\/p>\n<p style=\"text-align: justify;\"><span style=\"color: #000000;\">Es proposa l\u2019aprovaci\u00f3 de les bases reguladores i la convocat\u00f2ria d\u2019unes subvencions amb la finalitat de donar suport a persones aut\u00f2nomes, comer\u00e7os, establiments de restauraci\u00f3 i petites empreses de fins a 10 treballadors\/es del municipi que hagin hagut de suspendre la seva activitat econ\u00f2mica o que hagin vist redu\u00efda la seva facturaci\u00f3, com a conseq\u00fc\u00e8ncia de la situaci\u00f3 generada per la Covid-19, i que continuen fent front a les despeses ordin\u00e0ries derivades del funcionament dels seus negocis.<\/span><\/p>\n<p style=\"text-align: justify;\"><span style=\"color: #000000;\">S\u2019hi destinar\u00e0 una partida del pressupost municipal de 30.000\u20ac<\/span><\/p>\n<p style=\"text-align: justify;\"><span style=\"color: #000000;\">La quantia individualitzada de la subvenci\u00f3 per haver susp\u00e8s l\u2019activitat per la Covid-19 ser\u00e0 de:<\/span><\/p>\n<p style=\"padding-left: 30px; text-align: justify;\"><span style=\"color: #000000;\">-700\u20ac sense treballadors\/es contractats\/des<\/span><\/p>\n<p style=\"padding-left: 30px; text-align: justify;\"><span style=\"color: #000000;\">-800\u20ac amb treballadors\/es contractats\/des<\/span><\/p>\n<p style=\"text-align: justify;\"><span style=\"color: #000000;\">La quantia individualitzada de la subvenci\u00f3 si han registrat una reducci\u00f3 en la seva facturaci\u00f3 del 1r trimestre de 2020 en comparaci\u00f3 amb el 1r trimestre de 2019 del 25% o superior, a conseq\u00fc\u00e8ncia de l\u2019aplicaci\u00f3 de l\u2019estat d\u2019alarma (en cas que l\u2019activitat tingui una antiguitat inferior a un any, la comparaci\u00f3 ser\u00e0 amb la facturaci\u00f3 mitjana mensual del 2019):<\/span><\/p>\n<table width=\"567\">\n<tbody>\n<tr>\n<td width=\"198\"><span style=\"color: #000000;\"><em>% de reducci\u00f3 d\u2019ingressos<\/em><\/span><\/td>\n<td width=\"189\"><span style=\"color: #000000;\"><em>Sense treballadors\/es contractats\/des<\/em><\/span><\/td>\n<td width=\"180\"><span style=\"color: #000000;\"><em>Amb treballadors\/es contractats\/des<\/em><\/span><\/td>\n<\/tr>\n<tr>\n<td width=\"198\"><span style=\"color: #000000;\"><em>Entre el 25 i el 50 %<\/em><\/span><\/td>\n<td width=\"189\"><span style=\"color: #000000;\">300,00 \u20ac<\/span><\/td>\n<td width=\"180\"><span style=\"color: #000000;\">400,00 \u20ac<\/span><\/td>\n<\/tr>\n<tr>\n<td width=\"198\"><span style=\"color: #000000;\"><em>M\u00e9s del 50 %<\/em><\/span><\/td>\n<td width=\"189\"><span style=\"color: #000000;\">500,00 \u20ac<\/span><\/td>\n<td width=\"180\"><span style=\"color: #000000;\">600,00 \u20ac<\/span><\/td>\n<\/tr>\n<\/tbody>\n<\/table>\n<p style=\"text-align: justify;\"><span style=\"color: #000000;\">Es concedir\u00e0 una \u00fanica subvenci\u00f3 per sol\u00b7licitant i les sol\u00b7licituds s\u2019hauran de presentar de forma electr\u00f2nica al Registre d\u2019entrada de l\u2019Ajuntament en el termini de 20 dies h\u00e0bils a comptar des de l\u2019endem\u00e0 de la publicaci\u00f3 de l\u2019extracte de la convocat\u00f2ria al Butllet\u00ed Oficial de la Prov\u00edncia de Tarragona (BOPT).<\/span><\/p>\n<hr \/>\n<p style=\"text-align: justify;\"><span style=\"color: #000000;\"><strong>CASTELLANO |\u00a0<\/strong>El pr\u00f3ximo lunes 11 de mayo, a las 9h, se celebrar\u00e1 un Pleno extraordinario en el Ayuntamiento de la Bisbal del Pened\u00e8s. Los miembros del Pleno asistir\u00e1n a este de forma telem\u00e1tica a trav\u00e9s de la aplicaci\u00f3n Localretmeet y el Pleno se emitir\u00e1 en directo a trav\u00e9s de Youtube.<\/span><\/p>\n<p><span style=\"color: #000000;\">Como es la primera vez que se emplea esta modalidad para hacer y emitir el Pleno, este viernes 8 de mayo se har\u00e1 una prueba para que todos los miembros del consistorio conozcan el funcionamiento de la aplicaci\u00f3n de cara al Pleno, en directo, del pr\u00f3ximo lunes.<\/span><\/p>\n<p><span style=\"color: #000000;\">En el Pleno extraordinario se abordar\u00e1n los puntos siguientes:<\/span><\/p>\n<p><span style=\"color: #000000;\"><strong>Punto 1. Celebraci\u00f3n a distancia de las sesiones de los \u00f3rganos colegiados.<\/strong><\/span><\/p>\n<p><span style=\"color: #000000;\">La aprobaci\u00f3n de este primer punto del orden del d\u00eda es necesaria para poder celebrar el Pleno de forma telem\u00e1tica.<\/span><\/p>\n<p><span style=\"color: #000000;\">Se propone al Pleno la aprobaci\u00f3n de los siguientes acuerdos:<\/span><\/p>\n<p style=\"padding-left: 30px;\"><span style=\"color: #000000;\"><strong>PRIMERO.<\/strong> Aprobar la constituci\u00f3n, celebraci\u00f3n y adopci\u00f3n de los acuerdos a distancia, mediante videoconferencia, de los \u00f3rganos colegiados durante la actual situaci\u00f3n excepcional de estado de alarma.<\/span><\/p>\n<p style=\"padding-left: 30px;\"><span style=\"color: #000000;\"><strong>SEGUNDO.<\/strong> Aprobar las instrucciones de funcionamiento y desarrollo de las sesiones plenarias que se celebren telem\u00e1ticamente, de acuerdo con el art\u00edculo 46.3 de la Ley 7\/1985, del 2 de abril, reguladora de las bases del r\u00e9gimen local, y la disposici\u00f3n adicional tercera del Decreto ley 7\/2020, del 17 de marzo.<\/span><\/p>\n<p style=\"padding-left: 30px;\"><span style=\"color: #000000;\"><strong>TERCERO.<\/strong> Aprobar las anteriores instrucciones para el resto de \u00f3rganos colegiados de la Corporaci\u00f3n, en aquello que les resulte de aplicaci\u00f3n (Junta de Gobierno Local y Comisi\u00f3n de Cuentas).<\/span><\/p>\n<p><span style=\"color: #000000;\"><strong>Punto 2. Modificaci\u00f3n del Reglamento Org\u00e1nico Municipal.<\/strong><\/span><\/p>\n<p><span style=\"color: #000000;\">El Reglamento Org\u00e1nico Municipal, aprobado en junio de 2017, no contempla la opci\u00f3n de poder celebrar los plenos de forma telem\u00e1tica y, teniendo en cuenta la situaci\u00f3n generada por el Covid-19, se hace necesario tomar medidas para evitar posibles contagios. Por eso se propone celebrar los plenos de forma telem\u00e1tica pero, para hacerlo, es necesario que se modifique el ROM. La propuesta contempla la aprobaci\u00f3n inicial de la modificaci\u00f3n de los art\u00edculos 100, 117 y 121 del Reglamento Org\u00e1nico Municipal con el objetivo de incluir que, \u201cen situaciones excepcionales de fuerza mayor, de grave riesgo colectivo o cat\u00e1strofes p\u00fablicas que impidan o dificulten de forma desproporcionada el normal funcionamiento del r\u00e9gimen presencial de las sesiones del Pleno, Junta de gobierno o Comisi\u00f3n de Cuentas de la Corporaci\u00f3n, se podr\u00e1n constituir, celebrar y adoptar acuerdos a distancia, por medios electr\u00f3nicos y telem\u00e1ticos, siempre que sus miembros participantes se encuentren en territorio espa\u00f1ol y quede acreditada su identidad\u201d. Tambi\u00e9n se establece la regulaci\u00f3n del funcionamiento de las sesiones de los \u00f3rganos colegiados a distancia.<\/span><\/p>\n<p><span style=\"color: #000000;\"><strong>Punto 3. Modificaci\u00f3n de cr\u00e9dito para aplicaci\u00f3n del super\u00e1vit 2019. Ratificaci\u00f3n de Decreto de alcald\u00eda.<\/strong><\/span><\/p>\n<p><span style=\"color: #000000;\">El presupuesto municipal de 2020 no contemplaba medidas de ayudas para mitigar los efectos del Covid-19. Dentro de las medidas urgentes extraordinarias para hacer frente al impacto econ\u00f3mico y social del Covid-19, la ley permite destinar un 20% del super\u00e1vit del 2019 a gastos sociales, cumpliendo una serie de requisitos. Este importe, en el caso del Ayuntamiento de la Bisbal del Pened\u00e8s, asciende a 28.201,46\u20acj.<\/span><\/p>\n<p><span style=\"color: #000000;\">El pasado 5 de mayo la alcaldesa de la Bisbal del Pened\u00e8s, Agn\u00e8s Ferr\u00e9, firm\u00f3 un Decreto de alcald\u00eda para crear una partida de presupuesto 2020 con el nombre \u201cSubvenciones a familias afectadas por el Covid-19\u201d y con un importe de 28.201,46\u20ac provenientes del super\u00e1vit del 2019.<\/span><\/p>\n<p><span style=\"color: #000000;\">Como a la convocatoria de subvenciones se destinan un total de 30.000\u20ac, los 1.798,54\u20ac restantes saldr\u00e1n de la vinculaci\u00f3n de otras partidas del presupuesto 2020.<\/span><\/p>\n<p><span style=\"color: #000000;\">En el pleno se presenta la propuesta de ratificar el Decreto de alcald\u00eda del pasado 5 de mayo.<\/span><\/p>\n<p><span style=\"color: #000000;\"><strong>Punto 4. Modificaci\u00f3n de cr\u00e9dito para aplicaci\u00f3n del fondo de contingencia. Ratificaci\u00f3n de Decreto de alcald\u00eda.<\/strong><\/span><\/p>\n<p><span style=\"color: #000000;\">Para aprobar las ayudas a las personas aut\u00f3nomas y peque\u00f1as empresas afectadas por el estado de alarma del Covid-19 se tiene que crear una partida de presupuesto y dotarla de un importe. Esta modificaci\u00f3n de cr\u00e9dito del presupuesto vigente ha sido aprobada, mediante Decreto de alcald\u00eda del 6 de mayo de 2020, en la modalidad de cr\u00e9ditos extraordinarios, para aplicaci\u00f3n del fondo de contingencia.<\/span><\/p>\n<p><span style=\"color: #000000;\">As\u00ed, el decreto que se propone ratificar es el de la modificaci\u00f3n de cr\u00e9dito para la creaci\u00f3n de la partida \u201cayudas a las personas aut\u00f3nomas y peque\u00f1as empresas afectadas por el estado de alarma del Covid-19\u201d por un importe de 21.485,12\u20ac, que se extrae de la partida del presupuesto 2020 \u201cFondo de contingencia\u201d. El resto del importe, hasta llegar a los 30.000\u20ac que est\u00e1 previsto que se destinen a esta subvenci\u00f3n, vendr\u00e1 -por vinculaci\u00f3n \u2013 de otras partidas.<\/span><\/p>\n<p><span style=\"color: #000000;\">El fondo de contingencia tiene como finalidad cubrir necesidades imprevistas inaplazables y no discrecionales que se puedan presentar a lo largo del ejercicio y para las cuales no exista cr\u00e9dito presupuestario o el previsto resulte insuficiente. Teniendo en cuenta la situaci\u00f3n imprevista generada por el Covid-19, se ha optado por proponer utilizar el dinero de esta partida para las ayudas citadas anteriormente.<\/span><\/p>\n<p><span style=\"color: #000000;\">En el pleno se presenta la propuesta de ratificar el Decreto de alcald\u00eda del 6 de mayo.<\/span><\/p>\n<p style=\"text-align: justify;\"><span style=\"color: #000000;\"><strong>Punto 5. Bases reguladoras y convocatoria de las subvenciones a personas y unidades familiares o de convivencia afectadas por la crisis sanitaria ocasionada por el Covid-19.<\/strong><\/span><\/p>\n<p style=\"text-align: justify;\"><span style=\"color: #000000;\">Se propone la aprobaci\u00f3n de las bases reguladoras y la convocatoria de las subvenciones con la finalidad de ayudar a las personas y unidades familiares o de convivencia afectadas por la situaci\u00f3n generada por el Covid-19, para hacer frente a los gastos derivados del alquiler o de la hipoteca de la vivienda habitual, de los suministros b\u00e1sicos (luz y agua) y de la adquisici\u00f3n de productos de alimentaci\u00f3n y farmacia.<\/span><\/p>\n<p style=\"text-align: justify;\"><span style=\"color: #000000;\">Se destinar\u00e1 una partida del presupuesto municipal de 30.000\u20ac.<\/span><\/p>\n<p style=\"text-align: justify;\"><span style=\"color: #000000;\">La cantidad individualizada de la subvenci\u00f3n ser\u00e1 de 500\u20ac por beneficiario\/a. Se conceder\u00e1 una \u00fanica subvenci\u00f3n por unidad familiar o de convivencia y esta se deber\u00e1 destinar a hacer frente a los gastos derivados del alquiler o de la hipoteca de la vivienda habitual, de los suministros b\u00e1sicos (luz y agua) y de la adquisici\u00f3n de productos de alimentaci\u00f3n y farmacia.<\/span><\/p>\n<p style=\"text-align: justify;\"><span style=\"color: #000000;\"><strong><span style=\"color: #000000;\">Punto 6. Bases reguladoras y convocatoria para las subvenciones a perso<\/span>nas aut\u00f3nomas y peque\u00f1as empresas de la Bisbal del Pened\u00e8s afectadas por la situaci\u00f3n generada por el Covid-19.<\/strong><\/span><\/p>\n<p style=\"text-align: justify;\"><span style=\"color: #000000;\">Se propone la aprobaci\u00f3n de las bases reguladoras y la convocatoria de unas subvenciones con la finalidad de apoyar a las personas aut\u00f3nomas, comercios, establecimientos de restauraci\u00f3n y peque\u00f1as empresas de hasta 10 trabajadores\/as del municipio que hayan tenido que suspender su actividad econ\u00f3mica o que hayan visto reducida su facturaci\u00f3n, como consecuencia de la situaci\u00f3n generada por el Covid-19, y que contin\u00faen haciendo frente a los gastos ordinarios derivados del funcionamiento de sus negocios.<\/span><\/p>\n<p style=\"text-align: justify;\"><span style=\"color: #000000;\">Se destinar\u00e1 una partida del presupuesto municipal de 30.000\u20ac.<\/span><\/p>\n<p style=\"text-align: justify;\"><span style=\"color: #000000;\">La cuant\u00eda individualizada de la subvenci\u00f3n por haber suspendido la actividad por el Covid-19 ser\u00e1 de:<\/span><\/p>\n<p style=\"text-align: justify;\"><span style=\"color: #000000;\">\u00a0\u00a0\u00a0\u00a0\u00a0\u00a0\u00a0\u00a0 -700\u20ac sin trabajadores\/as contratados\/as<\/span><\/p>\n<p style=\"text-align: justify;\"><span style=\"color: #000000;\">\u00a0\u00a0\u00a0\u00a0\u00a0\u00a0\u00a0\u00a0 -800\u20ac con trabajadores\/as contratados\/as<\/span><\/p>\n<p style=\"text-align: justify;\"><span style=\"color: #000000;\">La quant\u00eda individualizada de la subvenci\u00f3n si han registrado una reducci\u00f3n en su facturaci\u00f3n del 1\u00ba trimestre de 2020 en comparaci\u00f3n con el 1\u00ba trimestre del 2019 del 25% o superior, a consecuencia de la aplicaci\u00f3n del estado de alarma (en el caso que la actividad tenga una antig\u00fcedad inferior a un a\u00f1o, la comparaci\u00f3n ser\u00e1 con la facturaci\u00f3n mediana mensual del 2019):<\/span><\/p>\n<table width=\"567\">\n<tbody>\n<tr>\n<td width=\"198\"><span style=\"color: #000000;\"><em>% de reducci\u00f3n de ingresos<\/em><\/span><\/td>\n<td width=\"189\"><span style=\"color: #000000;\"><em>Sin trabajadores\/as contratados\/as<\/em><\/span><\/td>\n<td width=\"180\"><span style=\"color: #000000;\"><em>Con trabajadores\/as<\/em><\/span><\/p>\n<p><span style=\"color: #000000;\"><em>Contratados\/as<\/em><\/span><\/td>\n<\/tr>\n<tr>\n<td width=\"198\"><span style=\"color: #000000;\"><em>Entre el 25 y el 50 %<\/em><\/span><\/td>\n<td width=\"189\"><span style=\"color: #000000;\">300,00 \u20ac<\/span><\/td>\n<td width=\"180\"><span style=\"color: #000000;\">400,00 \u20ac<\/span><\/td>\n<\/tr>\n<tr>\n<td width=\"198\"><span style=\"color: #000000;\"><em>M\u00e1s del 50 %<\/em><\/span><\/td>\n<td width=\"189\"><span style=\"color: #000000;\">500,00 \u20ac<\/span><\/td>\n<td width=\"180\"><span style=\"color: #000000;\">600,00 \u20ac<\/span><\/td>\n<\/tr>\n<\/tbody>\n<\/table>\n<p style=\"text-align: justify;\"><span style=\"color: #000000;\">Se conceder\u00e1 una \u00fanica subvenci\u00f3n por solicitante y las solicitudes se deber\u00e1n presentar de forma electr\u00f3nica mediante Registro de entrada del Ayuntamiento en el plazo de 20 d\u00edas h\u00e1biles a contar desde el d\u00eda siguiente a la publicaci\u00f3n del extracto de la convocatoria en el Bolet\u00edn Oficial de la Provincia de Tarragona (BOPT).<\/span><\/p>\n<p>&nbsp;<\/p>\n<p>&nbsp;<\/p>\n","protected":false},"excerpt":{"rendered":"<p>El proper dilluns 11 de maig, a les 9h, se celebrar\u00e0 un Ple extraordinari a l\u2019Ajuntament de la Bisbal del Pened\u00e8s. Els membres del Ple hi assistiran de forma telem\u00e0tica &hellip; <a href=\"https:\/\/bisbalpenedes.com\/web\/2020\/05\/06\/sha-convocat-un-ple-extraordinari-telematic-per-al-dilluns-11-de-maig-a-les-9h\/\" class=\"more-link\">Read More<\/a><\/p>\n","protected":false},"author":4,"featured_media":8717,"comment_status":"closed","ping_status":"closed","sticky":false,"template":"","format":"standard","meta":[],"categories":[8,2250],"tags":[3780,259,163,3559,227,139,3779,423,102,749],"_links":{"self":[{"href":"https:\/\/bisbalpenedes.com\/web\/wp-json\/wp\/v2\/posts\/13258"}],"collection":[{"href":"https:\/\/bisbalpenedes.com\/web\/wp-json\/wp\/v2\/posts"}],"about":[{"href":"https:\/\/bisbalpenedes.com\/web\/wp-json\/wp\/v2\/types\/post"}],"author":[{"embeddable":true,"href":"https:\/\/bisbalpenedes.com\/web\/wp-json\/wp\/v2\/users\/4"}],"replies":[{"embeddable":true,"href":"https:\/\/bisbalpenedes.com\/web\/wp-json\/wp\/v2\/comments?post=13258"}],"version-history":[{"count":2,"href":"https:\/\/bisbalpenedes.com\/web\/wp-json\/wp\/v2\/posts\/13258\/revisions"}],"predecessor-version":[{"id":13260,"href":"https:\/\/bisbalpenedes.com\/web\/wp-json\/wp\/v2\/posts\/13258\/revisions\/13260"}],"wp:featuredmedia":[{"embeddable":true,"href":"https:\/\/bisbalpenedes.com\/web\/wp-json\/wp\/v2\/media\/8717"}],"wp:attachment":[{"href":"https:\/\/bisbalpenedes.com\/web\/wp-json\/wp\/v2\/media?parent=13258"}],"wp:term":[{"taxonomy":"category","embeddable":true,"href":"https:\/\/bisbalpenedes.com\/web\/wp-json\/wp\/v2\/categories?post=13258"},{"taxonomy":"post_tag","embeddable":true,"href":"https:\/\/bisbalpenedes.com\/web\/wp-json\/wp\/v2\/tags?post=13258"}],"curies":[{"name":"wp","href":"https:\/\/api.w.org\/{rel}","templated":true}]}}