{"id":13246,"date":"2020-05-05T20:51:00","date_gmt":"2020-05-05T19:51:00","guid":{"rendered":"http:\/\/bisbalpenedes.com\/web\/?p=13246"},"modified":"2020-05-05T20:51:00","modified_gmt":"2020-05-05T19:51:00","slug":"aquest-dimarts-shan-comencat-a-repartir-els-paquets-de-material-escolar-per-als-infants-del-municipi","status":"publish","type":"post","link":"https:\/\/bisbalpenedes.com\/web\/2020\/05\/05\/aquest-dimarts-shan-comencat-a-repartir-els-paquets-de-material-escolar-per-als-infants-del-municipi\/","title":{"rendered":"Aquest dimarts s&#8217;han comen\u00e7at a repartir els paquets de material escolar per als infants del municipi"},"content":{"rendered":"<p style=\"text-align: justify;\"><span style=\"color: #000000;\">Avui, la Regidoria d\u2019Ensenyament ha comen\u00e7at a repartir els paquets de material escolar per als infants empadronats al municipi que el van sol\u00b7licitar fins al 30 d\u2019abril.<\/span><br \/>\n<span style=\"color: #000000;\">Els nens i nenes de la Bisbal esteu fent moltes activitats i molts deures des de casa vostra i, com que esteu treballant molt i us esteu portant molt b\u00e9, des de l\u2019Ajuntament de la Bisbal del Pened\u00e8s hem pensat en fer-vos arribar un paquet amb material escolar que inclou dibuixos per pintar de l\u2019artista local Zara (Zaranoias).\u00a0Esperem que us agradi.<\/span><\/p>\n<hr \/>\n<p style=\"text-align: justify;\"><span style=\"color: #000000;\"><strong>CASTELLANO |<\/strong> Hoy, la Concejal\u00eda de Educaci\u00f3n ha empezado a repartir los paquetes de material escolar para los ni\u00f1os empadronados en el municipio que lo solicitaron hasta el 30 de abril.<\/span><br \/>\n<span style=\"color: #000000;\">Los ni\u00f1os y ni\u00f1as de la Bisbal est\u00e1is haciendo muchas actividades y muchos deberes desde vuestra casa y, como est\u00e1is trabajando mucho y os est\u00e1is portando muy bien, desde el Ayuntamiento de la Bisbal del Pened\u00e8s hemos pensado en haceros llegar un paquete con material escolar que incluye dibujos para pintar de la artista local Zara (Zaranoias). Esperamos que os guste.<\/span><\/p>\n<p style=\"line-height: 14.25pt; background: white; text-align: center;\"><a href=\"http:\/\/bisbalpenedes.com\/web\/wp-content\/uploads\/2020\/05\/FOTO-LOT-1.jpeg\"><img loading=\"lazy\" class=\"alignnone size-large wp-image-13247\" src=\"http:\/\/bisbalpenedes.com\/web\/wp-content\/uploads\/2020\/05\/FOTO-LOT-1-768x1024.jpeg\" alt=\"FOTO LOT 1\" width=\"630\" height=\"840\" srcset=\"https:\/\/bisbalpenedes.com\/web\/wp-content\/uploads\/2020\/05\/FOTO-LOT-1-768x1024.jpeg 768w, https:\/\/bisbalpenedes.com\/web\/wp-content\/uploads\/2020\/05\/FOTO-LOT-1-600x800.jpeg 600w, https:\/\/bisbalpenedes.com\/web\/wp-content\/uploads\/2020\/05\/FOTO-LOT-1-225x300.jpeg 225w, https:\/\/bisbalpenedes.com\/web\/wp-content\/uploads\/2020\/05\/FOTO-LOT-1.jpeg 1536w\" sizes=\"(max-width: 630px) 100vw, 630px\" \/><\/a><\/p>\n<p style=\"line-height: 14.25pt; background: white; text-align: center;\"><a href=\"http:\/\/bisbalpenedes.com\/web\/wp-content\/uploads\/2020\/05\/FOTO-LOT-2.jpeg\"><img loading=\"lazy\" class=\"aligncenter size-large wp-image-13248\" src=\"http:\/\/bisbalpenedes.com\/web\/wp-content\/uploads\/2020\/05\/FOTO-LOT-2-1024x768.jpeg\" alt=\"FOTO LOT 2\" width=\"630\" height=\"473\" srcset=\"https:\/\/bisbalpenedes.com\/web\/wp-content\/uploads\/2020\/05\/FOTO-LOT-2-1024x768.jpeg 1024w, https:\/\/bisbalpenedes.com\/web\/wp-content\/uploads\/2020\/05\/FOTO-LOT-2-600x450.jpeg 600w, https:\/\/bisbalpenedes.com\/web\/wp-content\/uploads\/2020\/05\/FOTO-LOT-2-300x225.jpeg 300w, https:\/\/bisbalpenedes.com\/web\/wp-content\/uploads\/2020\/05\/FOTO-LOT-2-768x576.jpeg 768w, https:\/\/bisbalpenedes.com\/web\/wp-content\/uploads\/2020\/05\/FOTO-LOT-2.jpeg 2048w\" sizes=\"(max-width: 630px) 100vw, 630px\" \/><\/a><\/p>\n","protected":false},"excerpt":{"rendered":"<p>Avui, la Regidoria d\u2019Ensenyament ha comen\u00e7at a repartir els paquets de material escolar per als infants empadronats al municipi que el van sol\u00b7licitar fins al 30 d\u2019abril. Els nens i &hellip; <a href=\"https:\/\/bisbalpenedes.com\/web\/2020\/05\/05\/aquest-dimarts-shan-comencat-a-repartir-els-paquets-de-material-escolar-per-als-infants-del-municipi\/\" class=\"more-link\">Read More<\/a><\/p>\n","protected":false},"author":4,"featured_media":13247,"comment_status":"closed","ping_status":"closed","sticky":false,"template":"","format":"standard","meta":[],"categories":[2397],"tags":[862,181,3776,606],"_links":{"self":[{"href":"https:\/\/bisbalpenedes.com\/web\/wp-json\/wp\/v2\/posts\/13246"}],"collection":[{"href":"https:\/\/bisbalpenedes.com\/web\/wp-json\/wp\/v2\/posts"}],"about":[{"href":"https:\/\/bisbalpenedes.com\/web\/wp-json\/wp\/v2\/types\/post"}],"author":[{"embeddable":true,"href":"https:\/\/bisbalpenedes.com\/web\/wp-json\/wp\/v2\/users\/4"}],"replies":[{"embeddable":true,"href":"https:\/\/bisbalpenedes.com\/web\/wp-json\/wp\/v2\/comments?post=13246"}],"version-history":[{"count":2,"href":"https:\/\/bisbalpenedes.com\/web\/wp-json\/wp\/v2\/posts\/13246\/revisions"}],"predecessor-version":[{"id":13250,"href":"https:\/\/bisbalpenedes.com\/web\/wp-json\/wp\/v2\/posts\/13246\/revisions\/13250"}],"wp:featuredmedia":[{"embeddable":true,"href":"https:\/\/bisbalpenedes.com\/web\/wp-json\/wp\/v2\/media\/13247"}],"wp:attachment":[{"href":"https:\/\/bisbalpenedes.com\/web\/wp-json\/wp\/v2\/media?parent=13246"}],"wp:term":[{"taxonomy":"category","embeddable":true,"href":"https:\/\/bisbalpenedes.com\/web\/wp-json\/wp\/v2\/categories?post=13246"},{"taxonomy":"post_tag","embeddable":true,"href":"https:\/\/bisbalpenedes.com\/web\/wp-json\/wp\/v2\/tags?post=13246"}],"curies":[{"name":"wp","href":"https:\/\/api.w.org\/{rel}","templated":true}]}}