{"id":13224,"date":"2020-05-04T06:35:01","date_gmt":"2020-05-04T05:35:01","guid":{"rendered":"http:\/\/bisbalpenedes.com\/web\/?p=13224"},"modified":"2020-05-04T06:35:08","modified_gmt":"2020-05-04T05:35:08","slug":"preguntes-frequents-sobre-lus-de-transport-public","status":"publish","type":"post","link":"https:\/\/bisbalpenedes.com\/web\/2020\/05\/04\/preguntes-frequents-sobre-lus-de-transport-public\/","title":{"rendered":"Preguntes freq\u00fcents sobre l&#8217;\u00fas del transport p\u00fablic"},"content":{"rendered":"<div class=\"\" data-block=\"true\" data-editor=\"1nu5j\" data-offset-key=\"8mmk-0-0\">\n<div class=\"_1mf _1mj\" data-offset-key=\"8mmk-0-0\"><span style=\"color: #000000;\" data-offset-key=\"8mmk-4-0\">Heu de viatjar en transport p\u00fablic? <\/span><\/div>\n<div class=\"_1mf _1mj\" data-offset-key=\"8mmk-0-0\"><span data-offset-key=\"8mmk-4-0\"><span style=\"color: #000000;\">Si teniu dubtes sobre com heu de procedir o sobre el seu funcionament, consulteu les preguntes freq\u00fcents per a l&#8217;\u00fas del transport p\u00fablic aqu\u00ed:<\/span> <a href=\"http:\/\/territori.gencat.cat\/ca\/inici\/coronavirus\/mobilitat\/faqs\/\" target=\"_blank\">http:\/\/territori.gencat.cat\/ca\/inici\/coronavirus\/mobilitat\/faqs\/<\/a><\/span><\/div>\n<\/div>\n<div class=\"\" data-block=\"true\" data-editor=\"1nu5j\" data-offset-key=\"ba7st-0-0\">\n<div class=\"_1mf _1mj\" data-offset-key=\"ba7st-0-0\">\n<hr \/>\n<\/div>\n<\/div>\n<div class=\"\" data-block=\"true\" data-editor=\"1nu5j\" data-offset-key=\"alfk8-0-0\">\n<div class=\"_1mf _1mj\" data-offset-key=\"alfk8-0-0\"><span style=\"color: #000000;\"><strong>CASTELLANO |<\/strong> \u00bfTen\u00e9is que viajar en transporte p\u00fablico?<\/span><\/div>\n<\/div>\n<div class=\"\" data-block=\"true\" data-editor=\"1nu5j\" data-offset-key=\"dvuh5-0-0\">\n<div class=\"_1mf _1mj\" data-offset-key=\"dvuh5-0-0\"><span style=\"color: #000000;\" data-offset-key=\"dvuh5-0-0\">Si ten\u00e9is dudas sobre c\u00f3mo ten\u00e9is que proceder o sobre su funcionamiento, consultad las preguntas frecuentes para el uso del transporte p\u00fablico aqu\u00ed:<\/span><\/div>\n<\/div>\n<div class=\"\" data-block=\"true\" data-editor=\"1nu5j\" data-offset-key=\"hi5p-0-0\">\n<div class=\"_1mf _1mj\" data-offset-key=\"hi5p-0-0\"><span data-offset-key=\"hi5p-0-0\">h<a href=\"ttp:\/\/territori.gencat.cat\/ca\/inici\/coronavirus\/mobilitat\/faqs\/\" target=\"_blank\">ttp:\/\/territori.gencat.cat\/ca\/inici\/coronavirus\/mobilitat\/faqs\/<\/a><\/span><\/div>\n<\/div>\n<div class=\"\" data-block=\"true\" data-editor=\"1nu5j\" data-offset-key=\"dgs-0-0\"><\/div>\n","protected":false},"excerpt":{"rendered":"<p>Heu de viatjar en transport p\u00fablic? Si teniu dubtes sobre com heu de procedir o sobre el seu funcionament, consulteu les preguntes freq\u00fcents per a l&#8217;\u00fas del transport p\u00fablic aqu\u00ed: &hellip; <a href=\"https:\/\/bisbalpenedes.com\/web\/2020\/05\/04\/preguntes-frequents-sobre-lus-de-transport-public\/\" class=\"more-link\">Read More<\/a><\/p>\n","protected":false},"author":4,"featured_media":13225,"comment_status":"closed","ping_status":"closed","sticky":false,"template":"","format":"standard","meta":[],"categories":[3636],"tags":[727,3724,3580,825,2767,3771],"_links":{"self":[{"href":"https:\/\/bisbalpenedes.com\/web\/wp-json\/wp\/v2\/posts\/13224"}],"collection":[{"href":"https:\/\/bisbalpenedes.com\/web\/wp-json\/wp\/v2\/posts"}],"about":[{"href":"https:\/\/bisbalpenedes.com\/web\/wp-json\/wp\/v2\/types\/post"}],"author":[{"embeddable":true,"href":"https:\/\/bisbalpenedes.com\/web\/wp-json\/wp\/v2\/users\/4"}],"replies":[{"embeddable":true,"href":"https:\/\/bisbalpenedes.com\/web\/wp-json\/wp\/v2\/comments?post=13224"}],"version-history":[{"count":2,"href":"https:\/\/bisbalpenedes.com\/web\/wp-json\/wp\/v2\/posts\/13224\/revisions"}],"predecessor-version":[{"id":13227,"href":"https:\/\/bisbalpenedes.com\/web\/wp-json\/wp\/v2\/posts\/13224\/revisions\/13227"}],"wp:featuredmedia":[{"embeddable":true,"href":"https:\/\/bisbalpenedes.com\/web\/wp-json\/wp\/v2\/media\/13225"}],"wp:attachment":[{"href":"https:\/\/bisbalpenedes.com\/web\/wp-json\/wp\/v2\/media?parent=13224"}],"wp:term":[{"taxonomy":"category","embeddable":true,"href":"https:\/\/bisbalpenedes.com\/web\/wp-json\/wp\/v2\/categories?post=13224"},{"taxonomy":"post_tag","embeddable":true,"href":"https:\/\/bisbalpenedes.com\/web\/wp-json\/wp\/v2\/tags?post=13224"}],"curies":[{"name":"wp","href":"https:\/\/api.w.org\/{rel}","templated":true}]}}