{"id":13221,"date":"2020-05-03T20:50:22","date_gmt":"2020-05-03T19:50:22","guid":{"rendered":"http:\/\/bisbalpenedes.com\/web\/?p=13221"},"modified":"2020-05-03T20:50:22","modified_gmt":"2020-05-03T19:50:22","slug":"aquest-dilluns-podran-reobrir-diversos-establiments-i-locals-minoristes-prenent-les-mesures-que-shan-publicat-al-boe","status":"publish","type":"post","link":"https:\/\/bisbalpenedes.com\/web\/2020\/05\/03\/aquest-dilluns-podran-reobrir-diversos-establiments-i-locals-minoristes-prenent-les-mesures-que-shan-publicat-al-boe\/","title":{"rendered":"Aquest dilluns podran reobrir diversos establiments i locals minoristes prenent les mesures que s&#8217;han publicat al BOE"},"content":{"rendered":"<p><span style=\"color: #000000;\">Aquest dilluns podran reobrir aquells establiments i locals comercials minoristes i d\u2019activitats de serveis professionals que van suspendre la seva activitat rere la declaraci\u00f3 de l\u2019estat d\u2019alarma.<\/span><\/p>\n<p style=\"padding-left: 30px;\"><span style=\"color: #000000;\">-S\u2019haur\u00e0 d\u2019establir un sistema de cita pr\u00e8via<\/span><\/p>\n<p style=\"padding-left: 30px;\"><span style=\"color: #000000;\">-Es garantir\u00e0 l\u2019atenci\u00f3 individualitzada al client amb la separaci\u00f3 f\u00edsica pertinent<\/span><\/p>\n<p style=\"padding-left: 30px;\"><span style=\"color: #000000;\">-S\u2019establir\u00e0 un horari d\u2019atenci\u00f3 preferent per a majors de 65 anys<\/span><\/p>\n<p><span style=\"color: #000000;\">Podeu consultar totes les mesures que s\u2019han de seguir en aquest enlla\u00e7 a l\u2019ordre SND\/388\/2020 de 3 de maig publicada al BOE:<\/span><\/p>\n<p><a href=\"https:\/\/www.boe.es\/boe\/dias\/2020\/05\/03\/pdfs\/BOE-A-2020-4793.pdf\">https:\/\/www.boe.es\/boe\/dias\/2020\/05\/03\/pdfs\/BOE-A-2020-4793.pdf<\/a><\/p>\n<hr \/>\n<p><span style=\"color: #000000;\"><strong>CASTELLANO |<\/strong> Este lunes podr\u00e1n reabrir aquellos establecimientos y locales comerciales minoristas y de actividades y servicios profesionales que suspendieron su actividad tras la declaraci\u00f3n del estado de alarma.<\/span><\/p>\n<p style=\"padding-left: 30px;\"><span style=\"color: #000000;\">-Se deber\u00e1 establecer un sistema de cita previa.<\/span><\/p>\n<p style=\"padding-left: 30px;\"><span style=\"color: #000000;\">-Se garantizar\u00e1 la atenci\u00f3n individualizada al cliente con la separaci\u00f3n f\u00edsica correspondiente.<\/span><\/p>\n<p style=\"padding-left: 30px;\"><span style=\"color: #000000;\">-Se establecer\u00e1 un horario de atenci\u00f3n preferente para mayores de 65 a\u00f1os<\/span><\/p>\n<p><span style=\"color: #000000;\">Pod\u00e9is consultar todas las medidas que hay que seguir en el enlace a la orden SND\/388\/2020 de 3 de mayor publicada en el BOE:<\/span><\/p>\n<p><a href=\"https:\/\/www.boe.es\/boe\/dias\/2020\/05\/03\/pdfs\/BOE-A-2020-4793.pdf\">https:\/\/www.boe.es\/boe\/dias\/2020\/05\/03\/pdfs\/BOE-A-2020-4793.pdf<\/a><\/p>\n<p><a href=\"http:\/\/bisbalpenedes.com\/web\/wp-content\/uploads\/2020\/05\/REOBERTURA-COMERcOS.jpg\"><img loading=\"lazy\" class=\"aligncenter size-large wp-image-13222\" src=\"http:\/\/bisbalpenedes.com\/web\/wp-content\/uploads\/2020\/05\/REOBERTURA-COMERcOS-725x1024.jpg\" alt=\"REOBERTURA COMERcOS\" width=\"630\" height=\"890\" srcset=\"https:\/\/bisbalpenedes.com\/web\/wp-content\/uploads\/2020\/05\/REOBERTURA-COMERcOS-725x1024.jpg 725w, https:\/\/bisbalpenedes.com\/web\/wp-content\/uploads\/2020\/05\/REOBERTURA-COMERcOS-600x848.jpg 600w, https:\/\/bisbalpenedes.com\/web\/wp-content\/uploads\/2020\/05\/REOBERTURA-COMERcOS-212x300.jpg 212w, https:\/\/bisbalpenedes.com\/web\/wp-content\/uploads\/2020\/05\/REOBERTURA-COMERcOS-768x1085.jpg 768w, https:\/\/bisbalpenedes.com\/web\/wp-content\/uploads\/2020\/05\/REOBERTURA-COMERcOS.jpg 1241w\" sizes=\"(max-width: 630px) 100vw, 630px\" \/><\/a><\/p>\n","protected":false},"excerpt":{"rendered":"<p>Aquest dilluns podran reobrir aquells establiments i locals comercials minoristes i d\u2019activitats de serveis professionals que van suspendre la seva activitat rere la declaraci\u00f3 de l\u2019estat d\u2019alarma. -S\u2019haur\u00e0 d\u2019establir un &hellip; <a href=\"https:\/\/bisbalpenedes.com\/web\/2020\/05\/03\/aquest-dilluns-podran-reobrir-diversos-establiments-i-locals-minoristes-prenent-les-mesures-que-shan-publicat-al-boe\/\" class=\"more-link\">Read More<\/a><\/p>\n","protected":false},"author":4,"featured_media":13222,"comment_status":"closed","ping_status":"closed","sticky":false,"template":"","format":"standard","meta":[],"categories":[3636],"tags":[419,3569,162,3770,3769],"_links":{"self":[{"href":"https:\/\/bisbalpenedes.com\/web\/wp-json\/wp\/v2\/posts\/13221"}],"collection":[{"href":"https:\/\/bisbalpenedes.com\/web\/wp-json\/wp\/v2\/posts"}],"about":[{"href":"https:\/\/bisbalpenedes.com\/web\/wp-json\/wp\/v2\/types\/post"}],"author":[{"embeddable":true,"href":"https:\/\/bisbalpenedes.com\/web\/wp-json\/wp\/v2\/users\/4"}],"replies":[{"embeddable":true,"href":"https:\/\/bisbalpenedes.com\/web\/wp-json\/wp\/v2\/comments?post=13221"}],"version-history":[{"count":1,"href":"https:\/\/bisbalpenedes.com\/web\/wp-json\/wp\/v2\/posts\/13221\/revisions"}],"predecessor-version":[{"id":13223,"href":"https:\/\/bisbalpenedes.com\/web\/wp-json\/wp\/v2\/posts\/13221\/revisions\/13223"}],"wp:featuredmedia":[{"embeddable":true,"href":"https:\/\/bisbalpenedes.com\/web\/wp-json\/wp\/v2\/media\/13222"}],"wp:attachment":[{"href":"https:\/\/bisbalpenedes.com\/web\/wp-json\/wp\/v2\/media?parent=13221"}],"wp:term":[{"taxonomy":"category","embeddable":true,"href":"https:\/\/bisbalpenedes.com\/web\/wp-json\/wp\/v2\/categories?post=13221"},{"taxonomy":"post_tag","embeddable":true,"href":"https:\/\/bisbalpenedes.com\/web\/wp-json\/wp\/v2\/tags?post=13221"}],"curies":[{"name":"wp","href":"https:\/\/api.w.org\/{rel}","templated":true}]}}