{"id":13218,"date":"2020-05-03T20:39:57","date_gmt":"2020-05-03T19:39:57","guid":{"rendered":"http:\/\/bisbalpenedes.com\/web\/?p=13218"},"modified":"2020-05-03T20:39:57","modified_gmt":"2020-05-03T19:39:57","slug":"a-partir-daquest-dilluns-sera-obligatori-lus-de-mascareta-al-transport-public","status":"publish","type":"post","link":"https:\/\/bisbalpenedes.com\/web\/2020\/05\/03\/a-partir-daquest-dilluns-sera-obligatori-lus-de-mascareta-al-transport-public\/","title":{"rendered":"A partir d&#8217;aquest dilluns ser\u00e0 obligatori l&#8217;\u00fas de mascareta al transport p\u00fablic"},"content":{"rendered":"<p><span style=\"color: #000000;\">A partir d\u2019aquest dilluns 4 de maig de 2020 ser\u00e0 obligatori l\u2019\u00fas de mascaretes que cobreixin nas i boca per a totes les persones usu\u00e0ries del transport p\u00fablic i per als treballadors dels serveis de transport que tinguin contacte directe amb els viatgers. Aquests \u00faltims tamb\u00e9 hauran de comptar amb solucions hidroalcoh\u00f2liques per practicar una higiene de mans freq\u00fcent.<\/span><\/p>\n<p><span style=\"color: #000000;\">Enlla\u00e7 a l\u2019Ordre TMA\/384\/2020 del BOE:<\/span> <a href=\"https:\/\/www.boe.es\/boe\/dias\/2020\/05\/03\/pdfs\/BOE-A-2020-4789.pdf\">https:\/\/www.boe.es\/boe\/dias\/2020\/05\/03\/pdfs\/BOE-A-2020-4789.pdf<\/a><\/p>\n<hr \/>\n<p><span style=\"color: #000000;\"><strong>CASTELLANO |<\/strong> A partir de este lunes 4 de mayo de 2020 ser\u00e1 obligatoria el uso de mascarillas que cubran nariz y boca para todas las personas usuarias del transporte p\u00fablico y para los trabajadores de los servicios de transporte que tengan contacto directo con los viajeros. Estos \u00faltimos tambi\u00e9n tendr\u00e1n que contar con soluciones hidroalcoh\u00f3licas para practicar una higiene de manos frecuente.<\/span><\/p>\n<p><span style=\"color: #000000;\">Enlace a la orden TMA\/384\/2020 del BOE:<\/span> \u00a0<a href=\"https:\/\/www.boe.es\/boe\/dias\/2020\/05\/03\/pdfs\/BOE-A-2020-4789.pdf\">https:\/\/www.boe.es\/boe\/dias\/2020\/05\/03\/pdfs\/BOE-A-2020-4789.pdf<\/a><\/p>\n","protected":false},"excerpt":{"rendered":"<p>A partir d\u2019aquest dilluns 4 de maig de 2020 ser\u00e0 obligatori l\u2019\u00fas de mascaretes que cobreixin nas i boca per a totes les persones usu\u00e0ries del transport p\u00fablic i per &hellip; <a href=\"https:\/\/bisbalpenedes.com\/web\/2020\/05\/03\/a-partir-daquest-dilluns-sera-obligatori-lus-de-mascareta-al-transport-public\/\" class=\"more-link\">Read More<\/a><\/p>\n","protected":false},"author":4,"featured_media":13219,"comment_status":"closed","ping_status":"closed","sticky":false,"template":"","format":"standard","meta":[],"categories":[3636],"tags":[3724,825],"_links":{"self":[{"href":"https:\/\/bisbalpenedes.com\/web\/wp-json\/wp\/v2\/posts\/13218"}],"collection":[{"href":"https:\/\/bisbalpenedes.com\/web\/wp-json\/wp\/v2\/posts"}],"about":[{"href":"https:\/\/bisbalpenedes.com\/web\/wp-json\/wp\/v2\/types\/post"}],"author":[{"embeddable":true,"href":"https:\/\/bisbalpenedes.com\/web\/wp-json\/wp\/v2\/users\/4"}],"replies":[{"embeddable":true,"href":"https:\/\/bisbalpenedes.com\/web\/wp-json\/wp\/v2\/comments?post=13218"}],"version-history":[{"count":1,"href":"https:\/\/bisbalpenedes.com\/web\/wp-json\/wp\/v2\/posts\/13218\/revisions"}],"predecessor-version":[{"id":13220,"href":"https:\/\/bisbalpenedes.com\/web\/wp-json\/wp\/v2\/posts\/13218\/revisions\/13220"}],"wp:featuredmedia":[{"embeddable":true,"href":"https:\/\/bisbalpenedes.com\/web\/wp-json\/wp\/v2\/media\/13219"}],"wp:attachment":[{"href":"https:\/\/bisbalpenedes.com\/web\/wp-json\/wp\/v2\/media?parent=13218"}],"wp:term":[{"taxonomy":"category","embeddable":true,"href":"https:\/\/bisbalpenedes.com\/web\/wp-json\/wp\/v2\/categories?post=13218"},{"taxonomy":"post_tag","embeddable":true,"href":"https:\/\/bisbalpenedes.com\/web\/wp-json\/wp\/v2\/tags?post=13218"}],"curies":[{"name":"wp","href":"https:\/\/api.w.org\/{rel}","templated":true}]}}