{"id":13199,"date":"2020-05-01T10:08:33","date_gmt":"2020-05-01T09:08:33","guid":{"rendered":"http:\/\/bisbalpenedes.com\/web\/?p=13199"},"modified":"2020-05-01T11:05:45","modified_gmt":"2020-05-01T10:05:45","slug":"a-partir-daquest-dissabte-podreu-sortir-a-fer-activitat-fisica-de-manera-individual","status":"publish","type":"post","link":"https:\/\/bisbalpenedes.com\/web\/2020\/05\/01\/a-partir-daquest-dissabte-podreu-sortir-a-fer-activitat-fisica-de-manera-individual\/","title":{"rendered":"A partir d&#8217;aquest dissabte podreu sortir a fer activitat f\u00edsica"},"content":{"rendered":"<p><span style=\"color: #000000;\">A partir de dem\u00e0 dissabte 2 de maig es podr\u00e0 sortir a practicar esport individual a l&#8217;aire lliure.<\/span><\/p>\n<p><span style=\"color: #000000;\">A partir d&#8217;aquest dissabte:<\/span><\/p>\n<p><span style=\"color: #000000;\">S&#8217;autoritzen sortides individuals per fer activitat f\u00edsica individual a majors de 14 anys. Les persones poden anar acompanyades\u00a0 d&#8217;una altra persona que convisqui amb elles.<\/span><\/p>\n<p><span style=\"color: #000000;\">Les persones que requereixin sortir acompanyades per motius de necessitat o les persones majors de 70 anys podran practicar esport i passejar acompanyades d&#8217;una persona cuidadora.<\/span><\/p>\n<p><span style=\"color: #000000;\">Les persones que presentin s\u00edmptomes o estiguin a\u00efllades al domicili o en quarantena per un possible diagn\u00f2stic de Covid-19 no poden sortir. Tampoc les persones residents en centres sociosanitaris de la gent gran.<\/span><\/p>\n<p><span style=\"color: #000000;\">Enlla\u00e7 a l&#8217;ordre ministerial publicada al BOE:<\/span>\u00a0<a href=\"https:\/\/www.boe.es\/boe\/dias\/2020\/05\/01\/pdfs\/BOE-A-2020-4767.pdf\" target=\"_blank\">boe.es<\/a><\/p>\n<hr \/>\n<p><span style=\"color: #000000;\"><strong>CASTELLANO |<\/strong> A partir de ma\u00f1ana s\u00e1bado 2 de mayo se podr\u00e1 salir a practicar deporte individual al aire libre.<\/span><\/p>\n<p><span style=\"color: #000000;\">A partir de este s\u00e1bado:<\/span><\/p>\n<p><span style=\"color: #000000;\">Se autorizan las salidas individuales para hacer actividad f\u00edsica individual a los mayores de 14 a\u00f1os. Las personas pueden ir acompa\u00f1adas de otra persona que conviva con ellas.<\/span><\/p>\n<p><span style=\"color: #000000;\">Las personas que requieran salir acompa\u00f1adas por motivos de necesidad o las personas mayores de 70 a\u00f1os podr\u00e1n practicar deporte y pasear acompa\u00f1adas de una persona cuidadora.<\/span><\/p>\n<p><span style=\"color: #000000;\">Las personas que presenten s\u00edntomas o que est\u00e9n aisladas en el domicilio o en cuarentena por un posible diagn\u00f3stico de Covid-19 no pueden salir. Tampoco las personas residentes en centros sociosanitarios de mayores.<\/span><\/p>\n<p><span style=\"color: #000000;\">Enlace a la orden ministerial publicada en el BOE:\u00a0<\/span><a href=\"https:\/\/www.boe.es\/boe\/dias\/2020\/05\/01\/pdfs\/BOE-A-2020-4767.pdf\" target=\"_blank\">boe.es<\/a><\/p>\n<p><a href=\"http:\/\/bisbalpenedes.com\/web\/wp-content\/uploads\/2020\/05\/6FB2E5EC-7292-4227-B71E-08721A92CCA2.jpeg\"><img loading=\"lazy\" class=\"aligncenter size-large wp-image-13200\" src=\"http:\/\/bisbalpenedes.com\/web\/wp-content\/uploads\/2020\/05\/6FB2E5EC-7292-4227-B71E-08721A92CCA2-724x1024.jpeg\" alt=\"6FB2E5EC-7292-4227-B71E-08721A92CCA2\" width=\"630\" height=\"891\" srcset=\"https:\/\/bisbalpenedes.com\/web\/wp-content\/uploads\/2020\/05\/6FB2E5EC-7292-4227-B71E-08721A92CCA2-724x1024.jpeg 724w, https:\/\/bisbalpenedes.com\/web\/wp-content\/uploads\/2020\/05\/6FB2E5EC-7292-4227-B71E-08721A92CCA2-600x848.jpeg 600w, https:\/\/bisbalpenedes.com\/web\/wp-content\/uploads\/2020\/05\/6FB2E5EC-7292-4227-B71E-08721A92CCA2-212x300.jpeg 212w, https:\/\/bisbalpenedes.com\/web\/wp-content\/uploads\/2020\/05\/6FB2E5EC-7292-4227-B71E-08721A92CCA2-768x1086.jpeg 768w, https:\/\/bisbalpenedes.com\/web\/wp-content\/uploads\/2020\/05\/6FB2E5EC-7292-4227-B71E-08721A92CCA2.jpeg 1132w\" sizes=\"(max-width: 630px) 100vw, 630px\" \/><\/a><\/p>\n","protected":false},"excerpt":{"rendered":"<p>A partir de dem\u00e0 dissabte 2 de maig es podr\u00e0 sortir a practicar esport individual a l&#8217;aire lliure. A partir d&#8217;aquest dissabte: S&#8217;autoritzen sortides individuals per fer activitat f\u00edsica individual &hellip; <a href=\"https:\/\/bisbalpenedes.com\/web\/2020\/05\/01\/a-partir-daquest-dissabte-podreu-sortir-a-fer-activitat-fisica-de-manera-individual\/\" class=\"more-link\">Read More<\/a><\/p>\n","protected":false},"author":4,"featured_media":13200,"comment_status":"closed","ping_status":"closed","sticky":false,"template":"","format":"standard","meta":[],"categories":[3636,14],"tags":[306,3764,1299],"_links":{"self":[{"href":"https:\/\/bisbalpenedes.com\/web\/wp-json\/wp\/v2\/posts\/13199"}],"collection":[{"href":"https:\/\/bisbalpenedes.com\/web\/wp-json\/wp\/v2\/posts"}],"about":[{"href":"https:\/\/bisbalpenedes.com\/web\/wp-json\/wp\/v2\/types\/post"}],"author":[{"embeddable":true,"href":"https:\/\/bisbalpenedes.com\/web\/wp-json\/wp\/v2\/users\/4"}],"replies":[{"embeddable":true,"href":"https:\/\/bisbalpenedes.com\/web\/wp-json\/wp\/v2\/comments?post=13199"}],"version-history":[{"count":6,"href":"https:\/\/bisbalpenedes.com\/web\/wp-json\/wp\/v2\/posts\/13199\/revisions"}],"predecessor-version":[{"id":13206,"href":"https:\/\/bisbalpenedes.com\/web\/wp-json\/wp\/v2\/posts\/13199\/revisions\/13206"}],"wp:featuredmedia":[{"embeddable":true,"href":"https:\/\/bisbalpenedes.com\/web\/wp-json\/wp\/v2\/media\/13200"}],"wp:attachment":[{"href":"https:\/\/bisbalpenedes.com\/web\/wp-json\/wp\/v2\/media?parent=13199"}],"wp:term":[{"taxonomy":"category","embeddable":true,"href":"https:\/\/bisbalpenedes.com\/web\/wp-json\/wp\/v2\/categories?post=13199"},{"taxonomy":"post_tag","embeddable":true,"href":"https:\/\/bisbalpenedes.com\/web\/wp-json\/wp\/v2\/tags?post=13199"}],"curies":[{"name":"wp","href":"https:\/\/api.w.org\/{rel}","templated":true}]}}