{"id":13193,"date":"2020-04-30T19:11:28","date_gmt":"2020-04-30T18:11:28","guid":{"rendered":"http:\/\/bisbalpenedes.com\/web\/?p=13193"},"modified":"2020-04-30T19:11:28","modified_gmt":"2020-04-30T18:11:28","slug":"lalcaldessa-ha-fet-arribar-les-propostes-de-subvencions-per-a-persones-afectades-per-la-covid-19-a-tots-els-grups-municipals-perque-puguin-fer-les-seves-aportacions-abans-que-es-convoqui-el-p","status":"publish","type":"post","link":"https:\/\/bisbalpenedes.com\/web\/2020\/04\/30\/lalcaldessa-ha-fet-arribar-les-propostes-de-subvencions-per-a-persones-afectades-per-la-covid-19-a-tots-els-grups-municipals-perque-puguin-fer-les-seves-aportacions-abans-que-es-convoqui-el-p\/","title":{"rendered":"L\u2019alcaldessa ha fet arribar les propostes de subvencions per a persones afectades per la Covid-19 a tots els grups municipals perqu\u00e8 puguin fer les seves aportacions abans que es convoqui el Ple extraordinari"},"content":{"rendered":"<p style=\"text-align: justify;\"><span style=\"color: #000000;\">L\u2019alcaldessa Agn\u00e8s Ferr\u00e9 ha fet arribar una comunicaci\u00f3 a tots els grups municipals del consistori amb les propostes d\u2019ajuts econ\u00f2mics per a aut\u00f2noms, petites empreses i treballadors afectats per la Covid-19 que ha preparat l\u2019equip de govern amb l\u2019objectiu d\u2019elevar-les al Ple pr\u00f2ximament. \u00a0Les propostes de subvencions s\u00f3n due<\/span>s:<\/p>\n<p style=\"text-align: justify; padding-left: 30px;\"><span style=\"color: #000000;\">-Bases reguladores i convocat\u00f2ria de subvencions a les persones aut\u00f2nomes i petites empreses de La Bisbal del Pened\u00e8s, afectades per la situaci\u00f3 generada per la Covid-19.<\/span><\/p>\n<p style=\"text-align: justify; padding-left: 30px;\"><span style=\"color: #000000;\">-Bases reguladores i convocat\u00f2ria de subvencions\u00a0 a les persones i unitats familiars afectades per la crisi sanit\u00e0ria ocasionada per la Covid-19.<\/span><\/p>\n<p style=\"text-align: justify;\"><span style=\"color: #000000;\">L\u2019alcaldessa Agn\u00e8s Ferr\u00e9 ha volgut fer arribar aquestes propostes als portaveus dels grups municipals de l\u2019Ajuntament de la Bisbal del Pened\u00e8s abans de convocar el Ple perqu\u00e8, fins al dilluns, puguin revisar la documentaci\u00f3 i fer les seves aportacions i comentaris. A partir del dilluns, l\u2019equip de govern revisar\u00e0, analitzar\u00e0 i respondr\u00e0 els plantejaments i la documentaci\u00f3 que hagi rebut durant aquests quatre dies per part dels diferents grups municipals i preparar\u00e0 la convocat\u00f2ria del Ple extraordinari.<\/span><\/p>\n<p style=\"text-align: justify;\"><span style=\"color: #000000;\">A la vila de la Bisbal del Pened\u00e8s hi viu un nombre rellevant de persones que s\u00f3n treballadores aut\u00f2nomes o que tenen petites empreses. Aquests bisbalencs suposen una font de generaci\u00f3 de riquesa i ocupaci\u00f3 al\u00a0 municipi i ara, atesa la situaci\u00f3 que estem vivint, s\u2019han vist obligades a suspendre la seva activitat empresarial o professional o han registrat una reducci\u00f3 de la seva facturaci\u00f3, havent-se quedat -en alguns casos- en una situaci\u00f3 econ\u00f2mica for\u00e7a dif\u00edcil. M\u00e9s enll\u00e0 dels instruments de foment de l\u2019ocupaci\u00f3 i lluita contra l\u2019atur amb qu\u00e8 ja treballa l\u2019Ajuntament de forma habitual, en un context com l\u2019actual es fa necessari comptar amb una l\u00ednia de subvencions espec\u00edfica per pal\u00b7liar els danys econ\u00f2mics que est\u00e0 generant aquesta situaci\u00f3 i poder ajudar les persones treballadores aut\u00f2nomes i petites empreses del municipi que s\u2019hagin vist afectades per l\u2019actual crisi sanit\u00e0ria.<\/span><\/p>\n<p style=\"text-align: justify;\"><span style=\"color: #000000;\">D\u2019altra banda, davant la situaci\u00f3 de vulnerabilitat econ\u00f2mica que viuen moltes persones i fam\u00edlies que es troben en un ERTO o han perdut la feina per causa de la situaci\u00f3 de la Covid-19, l\u2019Ajuntament de la Bisbal del Pened\u00e8s ha decidit afegir a les eines i instruments ja existents, en mat\u00e8ria de serveis socials, una l\u00ednia de subvencions espec\u00edfica per a persones i fam\u00edlies afectades per la situaci\u00f3 generada per la Covid-19.<\/span><\/p>\n<hr \/>\n<p style=\"text-align: justify;\"><span style=\"color: #000000;\"><strong>CASTELLANO <\/strong>| La alcaldesa Agn\u00e8s Ferr\u00e9 ha hecho llegar una comunicaci\u00f3n a todos los grupos municipales del consistorio con las propuestas de ayudas econ\u00f3micas para aut\u00f3nomos, peque\u00f1as empresas y trabajadores afectados por el Covid-19 que ha preparado el equipo de gobierno con el objetivo de elevarlas al Pleno pr\u00f3ximamente. Las propuestas de subvenciones son dos:<\/span><\/p>\n<p style=\"text-align: justify; padding-left: 30px;\"><span style=\"color: #000000;\">-Bases reguladoras y convocatoria de subvenciones a las personas aut\u00f3nomas y peque\u00f1as empresas de la Bisbal del Pened\u00e8s, afectadas por la situaci\u00f3n generada por el Covid-19.<\/span><\/p>\n<p style=\"text-align: justify; padding-left: 30px;\"><span style=\"color: #000000;\">-Bases reguladoras y convocatoria de subvenciones a las personas y unidades familiares afectadas por la crisis sanitaria ocasionada por el Covid-19.<\/span><\/p>\n<p style=\"text-align: justify;\"><span style=\"color: #000000;\">La alcaldesa Agn\u00e8s Ferr\u00e9 ha querido hacer llegar estas propuestas a los portavoces de los grupos municipales del Ayuntamiento de la Bisbal del Pened\u00e8s antes de convocar el Pleno para que, hasta el lunes, puedan revisar la documentaci\u00f3n y hacer sus aportaciones y comentarios. A partir del lunes, el quipo de gobierno revisar\u00e1, analizar\u00e1 y responder\u00e1 los planteamientos y la documentaci\u00f3n que haya recibido durante estos cuatro d\u00edas por parte de los distintos grupos municipales y preparar\u00e1 la convocatoria del Pleno extraordinario.<\/span><\/p>\n<p style=\"text-align: justify;\"><span style=\"color: #000000;\">En la villa de la Bisbal del Pened\u00e8s vive un n\u00famero relevante de personas que son trabajadoras aut\u00f3nomas o que tienen peque\u00f1as empresas. Estos bisbalenses suponen una fuente de generaci\u00f3n de riqueza y ocupaci\u00f3n en el municipio y ahora, dada la situaci\u00f3n que estamos viviendo, se han visto obligadas a suspender su actividad empresarial o profesional o han registrado una reducci\u00f3n de su facturaci\u00f3n, habi\u00e9ndose quedado \u2013 en algunos casos- en una situaci\u00f3n econ\u00f3mica bastante dif\u00edcil. M\u00e1s all\u00e1 de los instrumentos de fomento de la ocupaci\u00f3n y lucha contra el paro con los que ya trabaja el Ayuntamiento de forma habitual, en un contexto como el actual se hace necesario contar con una l\u00ednea de subvenciones espec\u00edfica para paliar los da\u00f1os econ\u00f3micos que est\u00e1 generando esta situaci\u00f3n y poder ayudar a las personas trabajadoras aut\u00f3nomas y peque\u00f1as empresas del municipio que se hayan visto afectadas por la actual crisis sanitaria.<\/span><\/p>\n<p style=\"text-align: justify;\"><span style=\"color: #000000;\">Por otro lado, ante la situaci\u00f3n de vulnerabilidad econ\u00f3mica que viven muchas personas y familias que se encuentran en un ERTO o han perdido el trabajo por causa de la situaci\u00f3n del Covid-19, el Ayuntamiento de la Bisbal del Pened\u00e8s ha decidido a\u00f1adir a las herramientas e instrumentos ya existentes, en materia de servicios sociales, una l\u00ednea de subvenciones espec\u00edfica para personas y familias afectadas por la situaci\u00f3n generada por el Covid-19.<\/span><\/p>\n<p>&nbsp;<\/p>\n","protected":false},"excerpt":{"rendered":"<p>L\u2019alcaldessa Agn\u00e8s Ferr\u00e9 ha fet arribar una comunicaci\u00f3 a tots els grups municipals del consistori amb les propostes d\u2019ajuts econ\u00f2mics per a aut\u00f2noms, petites empreses i treballadors afectats per la &hellip; <a href=\"https:\/\/bisbalpenedes.com\/web\/2020\/04\/30\/lalcaldessa-ha-fet-arribar-les-propostes-de-subvencions-per-a-persones-afectades-per-la-covid-19-a-tots-els-grups-municipals-perque-puguin-fer-les-seves-aportacions-abans-que-es-convoqui-el-p\/\" class=\"more-link\">Read More<\/a><\/p>\n","protected":false},"author":4,"featured_media":11077,"comment_status":"closed","ping_status":"closed","sticky":false,"template":"","format":"standard","meta":[],"categories":[2057,3636],"tags":[259,3763,3308,139,282,102],"_links":{"self":[{"href":"https:\/\/bisbalpenedes.com\/web\/wp-json\/wp\/v2\/posts\/13193"}],"collection":[{"href":"https:\/\/bisbalpenedes.com\/web\/wp-json\/wp\/v2\/posts"}],"about":[{"href":"https:\/\/bisbalpenedes.com\/web\/wp-json\/wp\/v2\/types\/post"}],"author":[{"embeddable":true,"href":"https:\/\/bisbalpenedes.com\/web\/wp-json\/wp\/v2\/users\/4"}],"replies":[{"embeddable":true,"href":"https:\/\/bisbalpenedes.com\/web\/wp-json\/wp\/v2\/comments?post=13193"}],"version-history":[{"count":3,"href":"https:\/\/bisbalpenedes.com\/web\/wp-json\/wp\/v2\/posts\/13193\/revisions"}],"predecessor-version":[{"id":13197,"href":"https:\/\/bisbalpenedes.com\/web\/wp-json\/wp\/v2\/posts\/13193\/revisions\/13197"}],"wp:featuredmedia":[{"embeddable":true,"href":"https:\/\/bisbalpenedes.com\/web\/wp-json\/wp\/v2\/media\/11077"}],"wp:attachment":[{"href":"https:\/\/bisbalpenedes.com\/web\/wp-json\/wp\/v2\/media?parent=13193"}],"wp:term":[{"taxonomy":"category","embeddable":true,"href":"https:\/\/bisbalpenedes.com\/web\/wp-json\/wp\/v2\/categories?post=13193"},{"taxonomy":"post_tag","embeddable":true,"href":"https:\/\/bisbalpenedes.com\/web\/wp-json\/wp\/v2\/tags?post=13193"}],"curies":[{"name":"wp","href":"https:\/\/api.w.org\/{rel}","templated":true}]}}