{"id":13189,"date":"2020-04-30T11:53:47","date_gmt":"2020-04-30T10:53:47","guid":{"rendered":"http:\/\/bisbalpenedes.com\/web\/?p=13189"},"modified":"2020-04-30T11:53:47","modified_gmt":"2020-04-30T10:53:47","slug":"del-3-al-6-de-maig-podreu-veure-la-pellicula-els-dies-que-vindran-del-cicle-gaudi-a-www-filmin-cat","status":"publish","type":"post","link":"https:\/\/bisbalpenedes.com\/web\/2020\/04\/30\/del-3-al-6-de-maig-podreu-veure-la-pellicula-els-dies-que-vindran-del-cicle-gaudi-a-www-filmin-cat\/","title":{"rendered":"Del 3 al 6 de maig podreu veure la pel\u00b7l\u00edcula \u2018Els dies que vindran\u2019 del Cicle Gaud\u00ed a www.filmin.cat"},"content":{"rendered":"<p style=\"text-align: justify;\"><span style=\"color: #000000;\">Tal com us vam anunciar dies enrere, el Cicle Gaud\u00ed ha engegat una iniciativa en l\u00ednia que permet recuperar online els t\u00edtols que han passat per les sales del cicle i dialogar amb els seus creadors\/es i actors\/actrius protagonistes. Es tracta d\u2019una iniciativa que s\u2019ha engegat gr\u00e0cies a la col\u00b7laboraci\u00f3 de la plataforma FilminCAT i l\u2019Institut Catal\u00e0 de les Empreses Culturals amb l\u2019objectiu d\u2019apropar el cinema catal\u00e0 al m\u00e0xim de p\u00fablic possible durant el confinament.<\/span><\/p>\n<p style=\"text-align: justify;\"><span style=\"color: #000000;\">La primera cita amb el Cicle Gaud\u00ed online va tenir lloc del 19 al 22 d\u2019abril i la pel\u00b7l\u00edcula que es va poder veure va ser \u2018La hija de un ladr\u00f3n\u2019. El proper llargmetratge, que es podr\u00e0 veure del 3 al 6 de maig a les 19h, ser\u00e0 \u2018Els dies que vindran\u2019. A les 19h del dimarts 5 de maig es podr\u00e0 dialogar amb Carlos Marques-Marcet, Maria Rodr\u00edguez Soto i David Verdaguer -director, actriu i actor protagonista de la pel\u00b7l\u00edcula- a trav\u00e9s d\u2019un Instagram Live al canal de l\u2019Acad\u00e8mia @academiacinecat.<\/span><\/p>\n<p style=\"text-align: justify;\"><strong><span style=\"color: #000000;\">DETALLS SOBRE EL FUNCIONAMENT:<\/span><\/strong><\/p>\n<p style=\"text-align: justify; padding-left: 30px;\"><span style=\"color: #000000;\">-Entreu a\u00a0<strong>Filmin<\/strong>\u00a0<a style=\"color: #000000;\" href=\"https:\/\/www.filmin.cat\/\">https:\/\/www.filmin.cat<\/a>\u00a0i llogueu &#8220;<strong>Els dies que vindran<\/strong>&#8221; al seu preu habitual (3,95\u20ac) entre les\u00a000h\u00a0d&#8217;aquest diumenge i les 19h del\u00a0dimecres\u00a06 de maig.<\/span><\/p>\n<p style=\"text-align: justify; padding-left: 30px;\"><span style=\"color: #000000;\">-Si la llogueu durant aquests dies, guanyareu autom\u00e0ticament\u00a0<strong>un mes de subscripci\u00f3 gratu\u00eft a FilminCAT<\/strong>.<\/span><\/p>\n<p style=\"text-align: justify; padding-left: 30px;\"><span style=\"color: #000000;\">-A\u00a0les <strong>19h del dimarts 5 de maig<\/strong>\u00a0l&#8217;Acad\u00e8mia engegar\u00e0 un<strong>\u00a0Instagram Live\u00a0<\/strong>al canal<strong>\u00a0@academiacinecat\u00a0<\/strong>d\u2019Instagram<strong>\u00a0<\/strong>amb l&#8217;equip art\u00edstic de la pel\u00b7l\u00edcula,\u00a0on el p\u00fablic podr\u00e0 llan\u00e7ar les seves preguntes i fer comentaris.<\/span><\/p>\n<p style=\"text-align: justify; padding-left: 30px;\"><span style=\"color: #000000;\">-Per participar en aquestes trobades nom\u00e9s heu de visitar el <strong>canal d&#8217;Instagram<\/strong> de l&#8217;Acad\u00e8mia\u00a0<strong>@academiacinecat\u00a0<\/strong>i escriure les vostres preguntes i comentaris. A L&#8217;Instagram Live s&#8217;hi pot participar independentment del fet que h\u00e0giu llogat la pel\u00b7l\u00edcula o no.<\/span><\/p>\n<hr \/>\n<p style=\"text-align: justify;\"><span style=\"color: #000000;\"><strong>CASTELLANO |<\/strong> Tal como os anunciamos d\u00edas atr\u00e1s, el Cicle Gaud\u00ed lleva a cabo una iniciativa en l\u00ednea que permite recuperar online los t\u00edtulos que han pasado por las salas del ciclo y dialogar con sus creadores\/as y actores\/actrices protagonistas. Se trata de una iniciativa que se ha iniciado gracias a la colaboraci\u00f3n de la plataforma FilminCAT y el Institut Catal\u00e0 De les Empreses Culturals con el objetivo de acercar el cine catal\u00e1n al m\u00e1ximo de p\u00fablic posible durante el confinamiento.<\/span><\/p>\n<p style=\"text-align: justify;\"><span style=\"color: #000000;\">La primera cita con el Ciclo Gaud\u00ed online tuvo lugar del 19 al 22 de abril y la pel\u00edcula que se pudo ver fue \u2018La hija de un ladr\u00f3n\u2019. El pr\u00f3ximo largometraje, que se podr\u00e1 ver del 3 al 6 de mayo a las 19h, ser\u00e1 \u2018Els dies que vindran\u2019. A las 19h del martes 5 de mayo se podr\u00e1 dialogar con Carlos Marques-Marcet, Maria Rodr\u00edguez Soto y David Verdaguer \u2013 director, actriz y actor protagonista de la pel\u00edcula- a trav\u00e9s de un Instagram Live en el canal de la Academia ,@academiacinecat.<\/span><\/p>\n<p style=\"text-align: justify;\"><span style=\"color: #000000;\"><strong>DETALLES SOBRE EL FUNCIONAMIENTO<\/strong><\/span><\/p>\n<p style=\"padding-left: 30px;\"><span style=\"color: #000000;\">-Entrad en Filmin <a style=\"color: #000000;\" href=\"https:\/\/www.filmin.cat\">https:\/\/www.filmin.cat<\/a> y alquilad \u201cEls dies que vindran\u201d con su precio habitual (3,95\u20ac) entre las 00h de este domingo y las 19h del mi\u00e9rcoles 6 de mayo.<\/span><\/p>\n<p style=\"padding-left: 30px;\"><span style=\"color: #000000;\">-Si la alquil\u00e1is durante estos d\u00edas, ganar\u00e9is autom\u00e1ticamente un mes de suscripci\u00f3n gratuito en FilminCAT.<\/span><\/p>\n<p style=\"padding-left: 30px;\"><span style=\"color: #000000;\">-A las 19h del martes 5 de mayo la Academia iniciar\u00e1 un Instagram Live en el canal @academiacinecat de Instagram con el equipo art\u00edstico de la pel\u00edcula, donde el p\u00fablico podr\u00e1 lanzar sus preguntas y hacer comentarios.<\/span><\/p>\n<p style=\"padding-left: 30px;\"><span style=\"color: #000000;\">-Para participar en estos encuentros solamente ten\u00e9is que visitar el canal de Instagram de la Academia @academiacinecat y escribir vuestras preguntas y comentarios. Pod\u00e9is participar en Instagram Live independientemente de que hay\u00e1is alquilado la pel\u00edcula o no.<\/span><\/p>\n","protected":false},"excerpt":{"rendered":"<p>Tal com us vam anunciar dies enrere, el Cicle Gaud\u00ed ha engegat una iniciativa en l\u00ednia que permet recuperar online els t\u00edtols que han passat per les sales del cicle &hellip; <a href=\"https:\/\/bisbalpenedes.com\/web\/2020\/04\/30\/del-3-al-6-de-maig-podreu-veure-la-pellicula-els-dies-que-vindran-del-cicle-gaudi-a-www-filmin-cat\/\" class=\"more-link\">Read More<\/a><\/p>\n","protected":false},"author":4,"featured_media":13190,"comment_status":"closed","ping_status":"closed","sticky":false,"template":"","format":"standard","meta":[],"categories":[13],"tags":[3761,308,3203,3762],"_links":{"self":[{"href":"https:\/\/bisbalpenedes.com\/web\/wp-json\/wp\/v2\/posts\/13189"}],"collection":[{"href":"https:\/\/bisbalpenedes.com\/web\/wp-json\/wp\/v2\/posts"}],"about":[{"href":"https:\/\/bisbalpenedes.com\/web\/wp-json\/wp\/v2\/types\/post"}],"author":[{"embeddable":true,"href":"https:\/\/bisbalpenedes.com\/web\/wp-json\/wp\/v2\/users\/4"}],"replies":[{"embeddable":true,"href":"https:\/\/bisbalpenedes.com\/web\/wp-json\/wp\/v2\/comments?post=13189"}],"version-history":[{"count":1,"href":"https:\/\/bisbalpenedes.com\/web\/wp-json\/wp\/v2\/posts\/13189\/revisions"}],"predecessor-version":[{"id":13191,"href":"https:\/\/bisbalpenedes.com\/web\/wp-json\/wp\/v2\/posts\/13189\/revisions\/13191"}],"wp:featuredmedia":[{"embeddable":true,"href":"https:\/\/bisbalpenedes.com\/web\/wp-json\/wp\/v2\/media\/13190"}],"wp:attachment":[{"href":"https:\/\/bisbalpenedes.com\/web\/wp-json\/wp\/v2\/media?parent=13189"}],"wp:term":[{"taxonomy":"category","embeddable":true,"href":"https:\/\/bisbalpenedes.com\/web\/wp-json\/wp\/v2\/categories?post=13189"},{"taxonomy":"post_tag","embeddable":true,"href":"https:\/\/bisbalpenedes.com\/web\/wp-json\/wp\/v2\/tags?post=13189"}],"curies":[{"name":"wp","href":"https:\/\/api.w.org\/{rel}","templated":true}]}}