{"id":13185,"date":"2020-04-30T11:10:08","date_gmt":"2020-04-30T10:10:08","guid":{"rendered":"http:\/\/bisbalpenedes.com\/web\/?p=13185"},"modified":"2020-04-30T11:11:26","modified_gmt":"2020-04-30T10:11:26","slug":"es-retornen-a-la-junta-de-govern-local-les-competencies-que-van-ser-revocades-per-la-situacio-generada-per-la-covid-19","status":"publish","type":"post","link":"https:\/\/bisbalpenedes.com\/web\/2020\/04\/30\/es-retornen-a-la-junta-de-govern-local-les-competencies-que-van-ser-revocades-per-la-situacio-generada-per-la-covid-19\/","title":{"rendered":"Es retornen a la Junta de Govern Local les compet\u00e8ncies que van ser revocades per la situaci\u00f3 generada per la Covid-19"},"content":{"rendered":"<p style=\"text-align: justify;\"><a href=\"http:\/\/bisbalpenedes.com\/web\/wp-content\/uploads\/2020\/04\/PHOTO-2020-04-22-18-39-14.jpg\"><img loading=\"lazy\" class=\"aligncenter size-medium wp-image-13180\" src=\"http:\/\/bisbalpenedes.com\/web\/wp-content\/uploads\/2020\/04\/PHOTO-2020-04-22-18-39-14-300x225.jpg\" alt=\"agnes ferre teletreballant\" width=\"300\" height=\"225\" srcset=\"https:\/\/bisbalpenedes.com\/web\/wp-content\/uploads\/2020\/04\/PHOTO-2020-04-22-18-39-14-300x225.jpg 300w, https:\/\/bisbalpenedes.com\/web\/wp-content\/uploads\/2020\/04\/PHOTO-2020-04-22-18-39-14-600x450.jpg 600w, https:\/\/bisbalpenedes.com\/web\/wp-content\/uploads\/2020\/04\/PHOTO-2020-04-22-18-39-14-768x576.jpg 768w, https:\/\/bisbalpenedes.com\/web\/wp-content\/uploads\/2020\/04\/PHOTO-2020-04-22-18-39-14-1024x768.jpg 1024w, https:\/\/bisbalpenedes.com\/web\/wp-content\/uploads\/2020\/04\/PHOTO-2020-04-22-18-39-14.jpg 2016w\" sizes=\"(max-width: 300px) 100vw, 300px\" \/><\/a><\/p>\n<p style=\"text-align: justify;\"><span style=\"color: #000000;\">L\u2019alcaldessa Agn\u00e8s Ferr\u00e9 ha signat un decret, aquest dijous 30 d\u2019abril, per aixecar la suspensi\u00f3 de les sessions ordin\u00e0ries dels \u00f2rgans col\u00b7legiats de l\u2019Ajuntament de la Bisbal del Pened\u00e8s, aprovada per Decret d\u2019Alcaldia el 31 de mar\u00e7.<\/span><\/p>\n<p style=\"text-align: justify;\"><span style=\"color: #000000;\">Per tant, es retornen a la Junta de Govern Local totes les compet\u00e8ncies que van ser revocades mitjan\u00e7ant el Decret d\u2019Alcaldia el 31 de mar\u00e7, com a mesura preventiva per la Covid-19.<\/span><\/p>\n<p style=\"text-align: justify;\"><span style=\"color: #000000;\">Com que l\u2019Ajuntament de la Bisbal del Pened\u00e8s s\u2019ha adherit al servei de videoconfer\u00e8ncia Localretmeet, les Juntes de govern del mes de maig se celebraran a trav\u00e9s d\u2019aquesta plataforma.<\/span><\/p>\n<hr \/>\n<p style=\"text-align: justify;\"><span style=\"color: #000000;\"><strong>CASTELLANO |<\/strong> La alcaldesa Agn\u00e8s Ferr\u00e9 ha firmado un decreto, este jueves 30 de abril, para levantar la suspensi\u00f3n de las sesiones ordinarias de los \u00f3rganos colegiados del Ayuntamiento de la Bisbal del Pened\u00e8s, aprobada mediante el Decreto de Alcald\u00eda el 31 de marzo.<\/span><\/p>\n<p style=\"text-align: justify;\"><span style=\"color: #000000;\">Por lo tanto, se devuelven a la Junta de Gobierno Local todas las competencias que fueron revocadas mediante el Decreto de Alcald\u00eda el 31 de marzo, como medida preventiva por el Covid-19.<\/span><\/p>\n<p style=\"text-align: justify;\"><span style=\"color: #000000;\">Como el Ayuntamiento de la Bisbal del Pened\u00e8s se ha adherido al servicio de videoconferencia Localretmeet, las Juntas de gobierno del mes de mayo se celebrar\u00e1n a trav\u00e9s de esta plataforma.<\/span><\/p>\n","protected":false},"excerpt":{"rendered":"<p>L\u2019alcaldessa Agn\u00e8s Ferr\u00e9 ha signat un decret, aquest dijous 30 d\u2019abril, per aixecar la suspensi\u00f3 de les sessions ordin\u00e0ries dels \u00f2rgans col\u00b7legiats de l\u2019Ajuntament de la Bisbal del Pened\u00e8s, aprovada &hellip; <a href=\"https:\/\/bisbalpenedes.com\/web\/2020\/04\/30\/es-retornen-a-la-junta-de-govern-local-les-competencies-que-van-ser-revocades-per-la-situacio-generada-per-la-covid-19\/\" class=\"more-link\">Read More<\/a><\/p>\n","protected":false},"author":4,"featured_media":13180,"comment_status":"closed","ping_status":"closed","sticky":false,"template":"","format":"standard","meta":[],"categories":[2057,3636],"tags":[1503,686,3605],"_links":{"self":[{"href":"https:\/\/bisbalpenedes.com\/web\/wp-json\/wp\/v2\/posts\/13185"}],"collection":[{"href":"https:\/\/bisbalpenedes.com\/web\/wp-json\/wp\/v2\/posts"}],"about":[{"href":"https:\/\/bisbalpenedes.com\/web\/wp-json\/wp\/v2\/types\/post"}],"author":[{"embeddable":true,"href":"https:\/\/bisbalpenedes.com\/web\/wp-json\/wp\/v2\/users\/4"}],"replies":[{"embeddable":true,"href":"https:\/\/bisbalpenedes.com\/web\/wp-json\/wp\/v2\/comments?post=13185"}],"version-history":[{"count":1,"href":"https:\/\/bisbalpenedes.com\/web\/wp-json\/wp\/v2\/posts\/13185\/revisions"}],"predecessor-version":[{"id":13186,"href":"https:\/\/bisbalpenedes.com\/web\/wp-json\/wp\/v2\/posts\/13185\/revisions\/13186"}],"wp:featuredmedia":[{"embeddable":true,"href":"https:\/\/bisbalpenedes.com\/web\/wp-json\/wp\/v2\/media\/13180"}],"wp:attachment":[{"href":"https:\/\/bisbalpenedes.com\/web\/wp-json\/wp\/v2\/media?parent=13185"}],"wp:term":[{"taxonomy":"category","embeddable":true,"href":"https:\/\/bisbalpenedes.com\/web\/wp-json\/wp\/v2\/categories?post=13185"},{"taxonomy":"post_tag","embeddable":true,"href":"https:\/\/bisbalpenedes.com\/web\/wp-json\/wp\/v2\/tags?post=13185"}],"curies":[{"name":"wp","href":"https:\/\/api.w.org\/{rel}","templated":true}]}}