{"id":1318,"date":"2015-11-16T18:03:30","date_gmt":"2015-11-16T12:03:30","guid":{"rendered":"http:\/\/bisbalpenedes.com\/web\/?p=1318"},"modified":"2015-11-16T18:03:30","modified_gmt":"2015-11-16T12:03:30","slug":"borsa-de-treball-convocatoria-netejador-i-tecnic-llar-infants","status":"publish","type":"post","link":"https:\/\/bisbalpenedes.com\/web\/2015\/11\/16\/borsa-de-treball-convocatoria-netejador-i-tecnic-llar-infants\/","title":{"rendered":"Borsa de treball. Convocatoria netejador i t\u00e8cnic Llar Infants"},"content":{"rendered":"<p>LA INSERCI\u00d3 LABORAL DE LES PERSONES DESOCUPADES:<br \/>\nL\u2019Equip de Govern basem la nostra gesti\u00f3 en l\u2019atenci\u00f3 directa a les necessitats dels ve\u00efns, i \u00e9s per aix\u00f2 que hem detectat la problem\u00e0tica de bona part de la poblaci\u00f3 a l\u2019hora de trobar feina i noves oportunitats.<br \/>\nDes de l\u2019Equip de Govern estem engegant diverses actuacions per fomentar l\u2019ocupaci\u00f3 a les persones desocupades que viuen a la Bisbal.<\/p>\n<p><strong>Nou servei d\u2019ocupaci\u00f3 a La Bisbal del Pened\u00e8s<\/strong><br \/>\nEns complau poder comunicar-vos que l\u2019Ajuntament inicia aquest mes de novembre un nou Servei d\u2019Ocupaci\u00f3, per facilitar i augmentar notablement aquestes expectatives professionals i personals en la recerca activa de feina.<br \/>\nAquest nou servei el presentarem de manera oficial el dijous 26 de novembre a les 11:00 del mat\u00ed, a l\u2019auditori del Centre Municipal de Cultura (CMC).<br \/>\nUs hi convidem per con\u00e8ixer de primera m\u00e0 aquesta nova oportunitat que posem a la vostra disposici\u00f3. Dins aquesta presentaci\u00f3 us convidem tamb\u00e9 a la xerrada  \u201cProgrames i Serveis del SOC\u201d, a c\u00e0rrec de l\u2019equip del SOC del Vendrell i del Consell Comarcal del Baix Pened\u00e8s.<\/p>\n<p> CONVOCAT\u00d2RIES<br \/>\n<a href='http:\/\/bisbalpenedes.com\/web\/?attachment_id=1319' rel='attachment wp-att-1319'>CONVOCAT\u00d2RIA D\u2019UNA BORSA DE TREBALL PER SELECCIONAR T\u00c8CNIC\/QUES DE LLAR D\u2019INFANTS DE L\u2019AJUNTAMENT DE LA BISBAL DEL PENED\u00c8S.<\/a><\/p>\n<p><a href='http:\/\/bisbalpenedes.com\/web\/?attachment_id=1320' rel='attachment wp-att-1320'>CONVOCAT\u00d2RIA D\u2019UNA BORSA DE TREBALL PER SELECCIONAR NETEJADORS\/ES  DE L\u2019AJUNTAMENT DE LA BISBAL DEL PENED\u00c8S<\/a><\/p>\n<p>Terminis i presentaci\u00f3 de sol.licitud i documentaci\u00f3<br \/>\nCaldr\u00e0 presentar, a les oficines municipals, una inst\u00e0ncia de sol\u2022licitud de participaci\u00f3 en la borsa de treball que us interessi. El termini m\u00e0xim de presentaci\u00f3 d\u2019inst\u00e0ncies \u00e9s el dia 04 de desembre de 2015. Passat aquest termini, no es podr\u00e0 optar a les borses de treball fins a nova convocat\u00f2ria.<\/p>\n<p>M\u00e9s informaci\u00f3 a l&#8217;Ajuntament de la Bisbal del Pened\u00e8s. 977688438<br \/>\n<a href=\"http:\/\/bisbalpenedes.com\/web\/wp-content\/uploads\/2015\/11\/PROGRAMA_OCUPACIO_2015_BDEF.jpg\"><img loading=\"lazy\" src=\"http:\/\/bisbalpenedes.com\/web\/wp-content\/uploads\/2015\/11\/PROGRAMA_OCUPACIO_2015_BDEF-724x1024.jpg\" alt=\"\" title=\"PROGRAMA_OCUPACIO_2015_BDEF\" width=\"630\" height=\"891\" class=\"alignleft size-large wp-image-1321\" srcset=\"https:\/\/bisbalpenedes.com\/web\/wp-content\/uploads\/2015\/11\/PROGRAMA_OCUPACIO_2015_BDEF-724x1024.jpg 724w, https:\/\/bisbalpenedes.com\/web\/wp-content\/uploads\/2015\/11\/PROGRAMA_OCUPACIO_2015_BDEF-600x848.jpg 600w, https:\/\/bisbalpenedes.com\/web\/wp-content\/uploads\/2015\/11\/PROGRAMA_OCUPACIO_2015_BDEF-212x300.jpg 212w, https:\/\/bisbalpenedes.com\/web\/wp-content\/uploads\/2015\/11\/PROGRAMA_OCUPACIO_2015_BDEF.jpg 827w\" sizes=\"(max-width: 630px) 100vw, 630px\" \/><\/a><\/p>\n","protected":false},"excerpt":{"rendered":"<p>LA INSERCI\u00d3 LABORAL DE LES PERSONES DESOCUPADES: L\u2019Equip de Govern basem la nostra gesti\u00f3 en l\u2019atenci\u00f3 directa a les necessitats dels ve\u00efns, i \u00e9s per aix\u00f2 que hem detectat la &hellip; <a href=\"https:\/\/bisbalpenedes.com\/web\/2015\/11\/16\/borsa-de-treball-convocatoria-netejador-i-tecnic-llar-infants\/\" class=\"more-link\">Read More<\/a><\/p>\n","protected":false},"author":1,"featured_media":1322,"comment_status":"closed","ping_status":"open","sticky":false,"template":"","format":"standard","meta":[],"categories":[8],"tags":[42,10,43],"_links":{"self":[{"href":"https:\/\/bisbalpenedes.com\/web\/wp-json\/wp\/v2\/posts\/1318"}],"collection":[{"href":"https:\/\/bisbalpenedes.com\/web\/wp-json\/wp\/v2\/posts"}],"about":[{"href":"https:\/\/bisbalpenedes.com\/web\/wp-json\/wp\/v2\/types\/post"}],"author":[{"embeddable":true,"href":"https:\/\/bisbalpenedes.com\/web\/wp-json\/wp\/v2\/users\/1"}],"replies":[{"embeddable":true,"href":"https:\/\/bisbalpenedes.com\/web\/wp-json\/wp\/v2\/comments?post=1318"}],"version-history":[{"count":1,"href":"https:\/\/bisbalpenedes.com\/web\/wp-json\/wp\/v2\/posts\/1318\/revisions"}],"predecessor-version":[{"id":1323,"href":"https:\/\/bisbalpenedes.com\/web\/wp-json\/wp\/v2\/posts\/1318\/revisions\/1323"}],"wp:featuredmedia":[{"embeddable":true,"href":"https:\/\/bisbalpenedes.com\/web\/wp-json\/wp\/v2\/media\/1322"}],"wp:attachment":[{"href":"https:\/\/bisbalpenedes.com\/web\/wp-json\/wp\/v2\/media?parent=1318"}],"wp:term":[{"taxonomy":"category","embeddable":true,"href":"https:\/\/bisbalpenedes.com\/web\/wp-json\/wp\/v2\/categories?post=1318"},{"taxonomy":"post_tag","embeddable":true,"href":"https:\/\/bisbalpenedes.com\/web\/wp-json\/wp\/v2\/tags?post=1318"}],"curies":[{"name":"wp","href":"https:\/\/api.w.org\/{rel}","templated":true}]}}