{"id":13179,"date":"2020-04-30T10:59:34","date_gmt":"2020-04-30T09:59:34","guid":{"rendered":"http:\/\/bisbalpenedes.com\/web\/?p=13179"},"modified":"2020-04-30T11:20:58","modified_gmt":"2020-04-30T10:20:58","slug":"decret-dalcaldia-per-ladhesio-al-servei-de-videoconferencia-de-localret","status":"publish","type":"post","link":"https:\/\/bisbalpenedes.com\/web\/2020\/04\/30\/decret-dalcaldia-per-ladhesio-al-servei-de-videoconferencia-de-localret\/","title":{"rendered":"L&#8217;Ajuntament s&#8217;adhereix al servei LocalretMeet per poder celebrar les sessions dels \u00f2rgans col\u00b7legiats per videoconfer\u00e8ncia"},"content":{"rendered":"<p style=\"text-align: justify;\"><a href=\"http:\/\/bisbalpenedes.com\/web\/wp-content\/uploads\/2020\/04\/localretmeet-300x276.jpg\"><img loading=\"lazy\" class=\"aligncenter size-full wp-image-13181\" src=\"http:\/\/bisbalpenedes.com\/web\/wp-content\/uploads\/2020\/04\/localretmeet-300x276.jpg\" alt=\"localretmeet-300x276\" width=\"300\" height=\"276\" \/><\/a><\/p>\n<p style=\"text-align: justify;\"><span style=\"color: #000000;\">L\u2019alcaldessa Agn\u00e8s Ferr\u00e9 ha signat un Decret d\u2019alcaldia, aquest dijous 30 d\u2019abril, per a l\u2019adhesi\u00f3 de l\u2019Ajuntament al servei Localretmeet, una plataforma per a la celebraci\u00f3 de les sessions dels \u00f2rgans col\u00b7legiats a dist\u00e0ncia mitjan\u00e7ant videoconfer\u00e8ncia segura i donant compliment a la normativa aplicable. Aquest programari, instal\u00b7lat en servidors d\u2019\u00fas exclusiu de Localret, permet la retransmissi\u00f3 de les sessions plen\u00e0ries utilitzant la plataforma Youtube.<\/span><\/p>\n<p style=\"text-align: justify;\"><span style=\"color: #000000;\">En el cas de la Bisbal del Pened\u00e8s, els \u00f2rgans col\u00b7legiats s\u00f3n els Plens, les Juntes de Govern i la Comissi\u00f3 Especial de Comptes. Aix\u00ed, es podran celebrar les sessions d\u2019aquests \u00f2rgans mitjan\u00e7ant l\u2019esmentada plataforma i aix\u00ed es podran complir les mesures de dist\u00e0ncies, higiene i prevenci\u00f3 de la Covid-19 amb total seguretat.<\/span><\/p>\n<p style=\"text-align: justify;\"><span style=\"color: #000000;\">L\u2019adhesi\u00f3 de l\u2019Ajuntament de la Bisbal del Pened\u00e8s a aquest servei tindr\u00e0 una vig\u00e8ncia de quatre mesos que no suposa cap cost per a l\u2019Ajuntament de la Bisbal del Pened\u00e8s perqu\u00e8 \u00e9s una entitat local consorciada des de l\u2019any 1997. Com que l\u2019Ajuntament s\u2019ha adherit a l\u2019\u00fas d\u2019aquesta plataforma, ha retornat les compet\u00e8ncies a la Junta de Govern local i, pr\u00f2ximament, tamb\u00e9 convocar\u00e0 un Ple extraordinari amb l\u2019objectiu d\u2019aprovar les bases i les convocat\u00f2ries dels ajuts per a fam\u00edlies afectades per un ERTO o que han perdut la feina i no poden fer front a les despeses mensuals; als comer\u00e7os que han tancat per l\u2019estat d\u2019alarma i, per tant, no obtenen cap ingr\u00e9s per\u00f2 s\u00ed que han de fer front a les despeses dels rebuts d\u2019aut\u00f2noms i subministraments; i als aut\u00f2noms que no poden fer la seva feina per l\u2019estat d\u2019alarma i que, per tant, no tenen ingressos ni subsidis per\u00f2 s\u00ed que han d\u2019assumir despeses.<\/span><\/p>\n<hr \/>\n<p style=\"text-align: justify;\"><span style=\"color: #000000;\"><strong>CASTELLANO |<\/strong> La alcaldesa Agn\u00e8s Ferr\u00e9 ha firmado un Decreto de alcald\u00eda, este jueves 30 de abril de 2020, para la adhesi\u00f3n del Ayuntamiento al servicio Localretmeet, una plataforma para la celebraci\u00f3n de las sesiones de los \u00f3rganos colegiados a distancia mediante videoconferencia segura y dando cumplimiento a la normativa aplicable. Este programa inform\u00e1tico, instalado en servidores de uso exclusivo de Localret, permite la retransmisi\u00f3n de las sesiones plenarias utilizando la plataforma Youtube.<\/span><\/p>\n<p style=\"text-align: justify;\"><span style=\"color: #000000;\">En el caso de la Bisbal del Pened\u00e8s, los \u00f3rganos colegiados son los Plenos, las Juntas de Gobierno y la Comisi\u00f3n Especial de Cuentas. As\u00ed, se podr\u00e1n celebrar las sesiones de estos \u00f3rganos mediante la citada plataforma y as\u00ed se podr\u00e1n cumplir las medidas de distancias, higiene y prevenci\u00f3n de la Covid-19 con total seguridad.<\/span><\/p>\n<p style=\"text-align: justify;\"><span style=\"color: #000000;\">La adhesi\u00f3n del Ayuntamiento de la Bisbal del Pened\u00e8s a este servicio tendr\u00e1 una vigencia de cuatro meses que no supone ning\u00fan coste para el Ayuntamiento de la Bisbal del Pened\u00e8s porqu\u00e9 es una entidad local consorciada desde el a\u00f1o 1997. Como el Ayuntamiento se ha adherido al uso de esta plataforma, ha retornado las competencias a la Junta de Gobierno local y, pr\u00f3ximamente, tambi\u00e9n convocar\u00e1 un Pleno extraordinario con el objetivo de aprobar las bases y las convocatorias de las ayudas para familias afectadas por un ERTO o que han perdido el trabajo y no pueden hacer frente a los gastos mensuales; los comercios que han cerrado por el estado de alarma y, por tanto, no obtienen ning\u00fan ingreso pero s\u00ed que deben hacer frente a los gastos de los recibos de aut\u00f3nomos y suministros; y a los aut\u00f3nomos que no pueden hacer su trabajo por el estado de alarma y que, por lo tanto, no tienen ingresos ni subsidios pero si que deben asumir gastos.<\/span><\/p>\n<p>&nbsp;<\/p>\n<p>&nbsp;<\/p>\n","protected":false},"excerpt":{"rendered":"<p>L\u2019alcaldessa Agn\u00e8s Ferr\u00e9 ha signat un Decret d\u2019alcaldia, aquest dijous 30 d\u2019abril, per a l\u2019adhesi\u00f3 de l\u2019Ajuntament al servei Localretmeet, una plataforma per a la celebraci\u00f3 de les sessions dels &hellip; <a href=\"https:\/\/bisbalpenedes.com\/web\/2020\/04\/30\/decret-dalcaldia-per-ladhesio-al-servei-de-videoconferencia-de-localret\/\" class=\"more-link\">Read More<\/a><\/p>\n","protected":false},"author":4,"featured_media":13181,"comment_status":"closed","ping_status":"closed","sticky":false,"template":"","format":"standard","meta":[],"categories":[2057,3636],"tags":[2077,686,3758,3759,2719,3760],"_links":{"self":[{"href":"https:\/\/bisbalpenedes.com\/web\/wp-json\/wp\/v2\/posts\/13179"}],"collection":[{"href":"https:\/\/bisbalpenedes.com\/web\/wp-json\/wp\/v2\/posts"}],"about":[{"href":"https:\/\/bisbalpenedes.com\/web\/wp-json\/wp\/v2\/types\/post"}],"author":[{"embeddable":true,"href":"https:\/\/bisbalpenedes.com\/web\/wp-json\/wp\/v2\/users\/4"}],"replies":[{"embeddable":true,"href":"https:\/\/bisbalpenedes.com\/web\/wp-json\/wp\/v2\/comments?post=13179"}],"version-history":[{"count":3,"href":"https:\/\/bisbalpenedes.com\/web\/wp-json\/wp\/v2\/posts\/13179\/revisions"}],"predecessor-version":[{"id":13184,"href":"https:\/\/bisbalpenedes.com\/web\/wp-json\/wp\/v2\/posts\/13179\/revisions\/13184"}],"wp:featuredmedia":[{"embeddable":true,"href":"https:\/\/bisbalpenedes.com\/web\/wp-json\/wp\/v2\/media\/13181"}],"wp:attachment":[{"href":"https:\/\/bisbalpenedes.com\/web\/wp-json\/wp\/v2\/media?parent=13179"}],"wp:term":[{"taxonomy":"category","embeddable":true,"href":"https:\/\/bisbalpenedes.com\/web\/wp-json\/wp\/v2\/categories?post=13179"},{"taxonomy":"post_tag","embeddable":true,"href":"https:\/\/bisbalpenedes.com\/web\/wp-json\/wp\/v2\/tags?post=13179"}],"curies":[{"name":"wp","href":"https:\/\/api.w.org\/{rel}","templated":true}]}}