{"id":13165,"date":"2020-04-28T08:28:22","date_gmt":"2020-04-28T07:28:22","guid":{"rendered":"http:\/\/bisbalpenedes.com\/web\/?p=13165"},"modified":"2020-04-28T08:30:29","modified_gmt":"2020-04-28T07:30:29","slug":"entreu-al-som-bisbal-per-coneixer-les-noves-ofertes-laborals-que-shan-incorporat-a-la-base-de-dades","status":"publish","type":"post","link":"https:\/\/bisbalpenedes.com\/web\/2020\/04\/28\/entreu-al-som-bisbal-per-coneixer-les-noves-ofertes-laborals-que-shan-incorporat-a-la-base-de-dades\/","title":{"rendered":"Entreu al SOM Bisbal per con\u00e8ixer les noves ofertes laborals que s&#8217;han incorporat a la base de dades"},"content":{"rendered":"<div class=\"\" data-block=\"true\" data-editor=\"crfme\" data-offset-key=\"cvn9a-0-0\">\n<div class=\"_1mf _1mj\" style=\"text-align: justify;\" data-offset-key=\"cvn9a-0-0\"><span style=\"color: #000000;\"><span data-offset-key=\"fk9f0-1-0\"><span data-text=\"true\">El <\/span><\/span><span class=\"_247o\" spellcheck=\"false\" data-offset-key=\"fk9f0-2-0\"><span data-offset-key=\"fk9f0-2-0\"><span data-text=\"true\">SOM Bisbal<\/span><\/span><\/span><span data-offset-key=\"fk9f0-3-0\"><span data-text=\"true\"> continua treballant per introduir les noves ofertes laborals que estan sorgint de les necessitats creades arran de la situaci\u00f3 que s\u2019est\u00e0 vivint pe la Covid-19.<\/span><\/span><\/span><\/div>\n<\/div>\n<div class=\"\" style=\"text-align: justify;\" data-block=\"true\" data-editor=\"crfme\" data-offset-key=\"cfqgq-0-0\">\n<div class=\"_1mf _1mj\" data-offset-key=\"cfqgq-0-0\"><span style=\"color: #000000;\" data-offset-key=\"cfqgq-1-0\"><span data-text=\"true\">Es tracta de feines en els sectors que treballen per abastir les necessitats actuals de la poblaci\u00f3 i que\u00a0compleixen les mesures per evitar contagis que han establert les autoritats sanit\u00e0ries. <\/span><\/span><\/div>\n<\/div>\n<div class=\"\" style=\"text-align: justify;\" data-block=\"true\" data-editor=\"crfme\" data-offset-key=\"cc2ld-0-0\">\n<div class=\"_1mf _1mj\" data-offset-key=\"cc2ld-0-0\"><span style=\"color: #000000;\" data-offset-key=\"cc2ld-1-0\"><span data-text=\"true\">Podeu accedir al Servei d\u2019Ocupaci\u00f3 Municipal a trav\u00e9s de l\u2019enlla\u00e7: <a href=\"https:\/\/bisbalpenedes.com\/web\/som-online\/\" target=\"_blank\">https:\/\/bisbalpenedes.com\/web\/som-online\/<\/a><\/span><\/span><\/div>\n<\/div>\n<div class=\"\" style=\"text-align: justify;\" data-block=\"true\" data-editor=\"crfme\" data-offset-key=\"9tta1-0-0\">\n<div class=\"_1mf _1mj\" data-offset-key=\"9tta1-0-0\">\n<hr \/>\n<\/div>\n<\/div>\n<div class=\"\" style=\"text-align: justify;\" data-block=\"true\" data-editor=\"crfme\" data-offset-key=\"bg6f7-0-0\">\n<div class=\"_1mf _1mj\" data-offset-key=\"bg6f7-0-0\"><span style=\"color: #000000;\" data-offset-key=\"bg6f7-1-0\"><span data-text=\"true\"><strong>CASTELLANO |<\/strong> El SOM Bisbal contin\u00faa trabajando para introducir las nuevas ofertas laborales que est\u00e1n surgiendo de las necesidades creadas a ra\u00edz de la situaci\u00f3n que se est\u00e1 viviendo por el Covid-19. <\/span><\/span><\/div>\n<\/div>\n<div class=\"\" style=\"text-align: justify;\" data-block=\"true\" data-editor=\"crfme\" data-offset-key=\"dkojp-0-0\">\n<div class=\"_1mf _1mj\" data-offset-key=\"dkojp-0-0\"><span style=\"color: #000000;\" data-offset-key=\"dkojp-1-0\"><span data-text=\"true\">Se trata de trabajos en los sectores que trabajan para abastecer las necesidades actuales de la poblaci\u00f3n y que\u00a0cumplen las medidas para evitar contagios que han establecido las autoridades sanitarias. <\/span><\/span><\/div>\n<\/div>\n<div class=\"\" data-block=\"true\" data-editor=\"crfme\" data-offset-key=\"8nlqc-0-0\">\n<div class=\"_1mf _1mj\" style=\"text-align: justify;\" data-offset-key=\"8nlqc-0-0\"><span style=\"color: #000000;\" data-offset-key=\"8nlqc-1-0\"><span data-text=\"true\">Pod\u00e9is acceder al Servei d\u2019Ocupaci\u00f3 Municipal a trav\u00e9s del enlace: <a href=\"https:\/\/bisbalpenedes.com\/web\/som-online\/\" target=\"_blank\">https:\/\/bisbalpenedes.com\/web\/som-online\/<\/a><\/span><\/span><\/div>\n<div class=\"_1mf _1mj\" style=\"text-align: justify;\" data-offset-key=\"8nlqc-0-0\"><\/div>\n<\/div>\n","protected":false},"excerpt":{"rendered":"<p>El SOM Bisbal continua treballant per introduir les noves ofertes laborals que estan sorgint de les necessitats creades arran de la situaci\u00f3 que s\u2019est\u00e0 vivint pe la Covid-19. Es tracta &hellip; <a href=\"https:\/\/bisbalpenedes.com\/web\/2020\/04\/28\/entreu-al-som-bisbal-per-coneixer-les-noves-ofertes-laborals-que-shan-incorporat-a-la-base-de-dades\/\" class=\"more-link\">Read More<\/a><\/p>\n","protected":false},"author":4,"featured_media":1415,"comment_status":"closed","ping_status":"closed","sticky":false,"template":"","format":"standard","meta":[],"categories":[9],"tags":[41,10,40,43],"_links":{"self":[{"href":"https:\/\/bisbalpenedes.com\/web\/wp-json\/wp\/v2\/posts\/13165"}],"collection":[{"href":"https:\/\/bisbalpenedes.com\/web\/wp-json\/wp\/v2\/posts"}],"about":[{"href":"https:\/\/bisbalpenedes.com\/web\/wp-json\/wp\/v2\/types\/post"}],"author":[{"embeddable":true,"href":"https:\/\/bisbalpenedes.com\/web\/wp-json\/wp\/v2\/users\/4"}],"replies":[{"embeddable":true,"href":"https:\/\/bisbalpenedes.com\/web\/wp-json\/wp\/v2\/comments?post=13165"}],"version-history":[{"count":2,"href":"https:\/\/bisbalpenedes.com\/web\/wp-json\/wp\/v2\/posts\/13165\/revisions"}],"predecessor-version":[{"id":13167,"href":"https:\/\/bisbalpenedes.com\/web\/wp-json\/wp\/v2\/posts\/13165\/revisions\/13167"}],"wp:featuredmedia":[{"embeddable":true,"href":"https:\/\/bisbalpenedes.com\/web\/wp-json\/wp\/v2\/media\/1415"}],"wp:attachment":[{"href":"https:\/\/bisbalpenedes.com\/web\/wp-json\/wp\/v2\/media?parent=13165"}],"wp:term":[{"taxonomy":"category","embeddable":true,"href":"https:\/\/bisbalpenedes.com\/web\/wp-json\/wp\/v2\/categories?post=13165"},{"taxonomy":"post_tag","embeddable":true,"href":"https:\/\/bisbalpenedes.com\/web\/wp-json\/wp\/v2\/tags?post=13165"}],"curies":[{"name":"wp","href":"https:\/\/api.w.org\/{rel}","templated":true}]}}