{"id":13140,"date":"2020-04-25T09:57:55","date_gmt":"2020-04-25T08:57:55","guid":{"rendered":"http:\/\/bisbalpenedes.com\/web\/?p=13140"},"modified":"2020-04-25T09:57:55","modified_gmt":"2020-04-25T08:57:55","slug":"a-partir-daquest-diumenge-26-dabril-es-podra-sortir-amb-nens-al-carrer","status":"publish","type":"post","link":"https:\/\/bisbalpenedes.com\/web\/2020\/04\/25\/a-partir-daquest-diumenge-26-dabril-es-podra-sortir-amb-nens-al-carrer\/","title":{"rendered":"A partir d&#8217;aquest diumenge 26 d&#8217;abril es podr\u00e0 sortir amb nens al carrer"},"content":{"rendered":"<p style=\"text-align: justify;\"><span style=\"color: #000000;\">S&#8217;ha publicat el BOE extraordinari amb l&#8217;ordre SND\/370\/2020, de 25 d&#8217;abril, sobre les condicions en qu\u00e8 s&#8217;han de desenvolupar els despla\u00e7aments per part de la poblaci\u00f3 infantil durant la situaci\u00f3 de crisi sanit\u00e0ria generada per la COVID-19. Podeu llegir-lo aqu\u00ed:<\/span>\u00a0<a href=\"https:\/\/l.facebook.com\/l.php?u=https%3A%2F%2Fwww.boe.es%2Fboe%2Fdias%2F2020%2F04%2F25%2Fpdfs%2FBOE-A-2020-4665.pdf%3Ffbclid%3DIwAR2p0GnO5D6EvYb_f4N4V6Vc5PjpSwawF1nwHEj8NjTFRwmjT7C3VSLfpiQ&amp;h=AT21hz4gmWdkNxrW7dXhlwCrHDL7ElDc3A1CCqRzW2hwAk-qqemPoN6rHFjXNE_3qdrCAi7otJQu3oQkywzrva3v2yCRarEPcfNzxmC6xtbd1xEnSNrzcuPHHQEMNrAD4fBoaf5PlxitWFojaSk923n_JyKndxXxjPbw4dautY1Zz9hziKFNy8lPJO86GW_eFC2MQR-ARks26AeFnHpntKw2P7usCr47XSQvZ3S_7fW7upNXMOnNcj9CpIkJnJ6PQUzEVD-qUnlmYWi9e4bd_OiVRNgq-QjRKCTDZj-ZM8TWhb_v3TyW4DZ0ijcLoP2Nq8HoVfrRBGcW2pY0pdfP0GAVVn6go-oJmeDHKVw1jdCQIIxDISlizchhhb6b2HMNk33zeqUNGrXZJLouu3NYjksnFKro53GMTFiHpcTks34609nLIQA8shzUWq5YCTjTwIm17TxY6omuxv9HTzI8uNKFkjdI83w3d49fdwMHalFsyA4Rsen_9OoJKrQYz-tlU7rdWVGj8tw1HygNYrVsLXmmBIC2pNPtpxjq-jxylBGvlp9c9ALdcyP-DenA0MiVPgbkV9dL9cPXbjjlIP2PoXwiepi527-NqNhzC0EVcv5vN2MQFr5fsWfbgKoTeB4jdLViGvo\" target=\"_blank\" rel=\"noopener nofollow\" data-ft=\"{&quot;tn&quot;:&quot;-U&quot;}\" data-lynx-mode=\"async\">https:\/\/www.boe.es\/\u2026\/di\u2026\/2020\/04\/25\/pdfs\/BOE-A-2020-4665.pdf<\/a><\/p>\n<p style=\"text-align: justify;\"><span style=\"color: #000000;\"><b>RECORDEU, SI HEU DE SORTIR AMB INFANTS:<\/b><\/span><\/p>\n<ul style=\"text-align: justify;\">\n<li><span style=\"color: #000000;\">Vig\u00e8ncia a partir del diumenge 26 d&#8217;abril<\/span><\/li>\n<li><span style=\"color: #000000;\">M\u00e0xim a 1 km de dist\u00e0ncia del domicili.<\/span><\/li>\n<li><span style=\"color: #000000;\">Fins a 3 menors amb 1 adult (progenitor, persona amb qui<span class=\"text_exposed_show\">\u00a0convisquin o persona a c\u00e0rrec)<\/span><\/span><\/li>\n<li><span class=\"text_exposed_show\" style=\"color: #000000;\">Entre les 9h i les 21h<br \/>\n<\/span><\/li>\n<li><span class=\"text_exposed_show\" style=\"color: #000000;\">S&#8217;haur\u00e0 de respectar la dist\u00e0ncia interpersonal amb tercers de 2 metres com a m\u00ednim.<br \/>\n<\/span><\/li>\n<li><span class=\"text_exposed_show\" style=\"color: #000000;\">Es podr\u00e0 circular per qualsevol via o espai p\u00fablic, incloses les zones verdes i espais naturals, sempre que estiguin autoritzades<br \/>\n<\/span><\/li>\n<li><span class=\"text_exposed_show\" style=\"color: #000000;\">No es perm\u00e9s l&#8217;acc\u00e9s a espais recreatius infantils a l&#8217;aire lliure, cap mena de parc infantil ni instal\u00b7lacions esportives<\/span><\/li>\n<\/ul>\n<div class=\"text_exposed_show\">\n<hr \/>\n<div style=\"text-align: justify;\"><span style=\"color: #000000;\"><strong>CASTELLANO |<\/strong> Se ha publicado el BOE extraordinario con la orden SND\/370\/2020, de 25 de abril, sobre las condiciones en las que deben desarrollarse los desplazamientos por parte de la poblaci\u00f3n infantil durante la situaci\u00f3n de crisis sanitaria ocasionada por el COVID-19.<\/span><\/div>\n<div style=\"text-align: justify;\"><span style=\"color: #000000;\">Pod\u00e9is leerlo aqu\u00ed:<\/span>\u00a0<a href=\"https:\/\/www.boe.es\/boe\/dias\/2020\/04\/25\/pdfs\/BOE-A-2020-4665.pdf?fbclid=IwAR0FLvRgmG0_TR1skA6Ns2KpszgwIa7R2wcxSdCpV9a4oYXZx6yXyXntfOM\" target=\"_blank\" rel=\"noopener nofollow\" data-ft=\"{&quot;tn&quot;:&quot;-U&quot;}\" data-lynx-mode=\"async\" data-lynx-uri=\"https:\/\/l.facebook.com\/l.php?u=https%3A%2F%2Fwww.boe.es%2Fboe%2Fdias%2F2020%2F04%2F25%2Fpdfs%2FBOE-A-2020-4665.pdf%3Ffbclid%3DIwAR0FLvRgmG0_TR1skA6Ns2KpszgwIa7R2wcxSdCpV9a4oYXZx6yXyXntfOM&amp;h=AT2cHiPH3x9yMuV0eN9yP7nWShcxaq8WE_5L-uEoY4pt8GWyw6KtGOHjx0VKn5ua9zIY2gdSr7kfh6xql93NDYuzz8HQeCtIW6_2drQrJD3ibxNWmeO5bCwOtHlDV189qyWGTa4z_9bG0iynxLDiPR9Q8QUBk1UYPMYQ9nUZwf9jfK30KHGcMes_dWS2lBiOst5pD0pTsYoZbw_kTkpaK3yW1vGSgj5IpMwPhIbFvQUqId5hr_9j15wmWL999kCx6GHbwTPS3ia9J1wtVp-Ci9BcUH-3DAS7vxcXW6aKgHitEDF67q8JjbkvRsnSe6rrZg8AbVr-ZYAAxkjigHKePJvVE7cTGFmJW0SAWOoVqi6-xdfw1vez5lsuBLVZ0sSyXQwy2Ajgl8zS28HS8W3AuJBqf2qewnl-l_w9ZU8vlQ661AuyBP167m2Ohol30hVoukIeibB84zEcUosyWk7JyQ37oWbgn1u0mpzHs5HFkVeFXrfJiVZD8qSvHm65pIX0YECfhcexB6PwjULXzDz4HzWV5rJaEhGHxNAy7lg1Lp1IupSTEL50wo2kidQur7z4yg3vW3bjFauR7wDvqzcl-Say0ev94b25eJnb7Dz4yEjN-6xY9CIjr-H4jmsgIliBuvdzDIg\">https:\/\/www.boe.es\/\u2026\/di\u2026\/2020\/04\/25\/pdfs\/BOE-A-2020-4665.pdf<\/a><\/div>\n<p style=\"text-align: justify;\"><span style=\"color: #000000;\"><b>RECORDAD, SI TEN\u00c9IS QUE SALIR CON NI\u00d1OS:<\/b><\/span><\/p>\n<ul>\n<li style=\"text-align: justify;\"><span style=\"color: #000000;\">Vig\u00e8ncia a partir del diumenge 26 d&#8217;abril<\/span><\/li>\n<li style=\"text-align: justify;\"><span style=\"color: #000000;\">M\u00e1ximo a 1 km de distancia del domicilio<\/span><\/li>\n<li style=\"text-align: justify;\"><span style=\"color: #000000;\">Hasta 3 menores con 1 adulto (progenitor, persona con la que convivan o persona a cargo)<\/span><\/li>\n<li style=\"text-align: justify;\"><span style=\"color: #000000;\">Entre las 9h y las 21h<\/span><\/li>\n<li style=\"text-align: justify;\"><span style=\"color: #000000;\">Se deber\u00e1 respetar la distancia interpersonal con terceros de 2 metros como m\u00ednimo<\/span><\/li>\n<li style=\"text-align: justify;\"><span style=\"color: #000000;\">Se podr\u00e1 circular por cualquier v\u00eda o espacio p\u00fablico, incluidas las zonas verdes y espacios naturales, siempre que est\u00e9n autorizadas<\/span><\/li>\n<li style=\"text-align: justify;\"><span style=\"color: #000000;\">No est\u00e1 permitido el acceso a espacios recreativos infantiles al aire libre, ning\u00fan tipo de parque infantil ni instalaciones deportivas<\/span><\/li>\n<\/ul>\n<\/div>\n","protected":false},"excerpt":{"rendered":"<p>S&#8217;ha publicat el BOE extraordinari amb l&#8217;ordre SND\/370\/2020, de 25 d&#8217;abril, sobre les condicions en qu\u00e8 s&#8217;han de desenvolupar els despla\u00e7aments per part de la poblaci\u00f3 infantil durant la situaci\u00f3 &hellip; <a href=\"https:\/\/bisbalpenedes.com\/web\/2020\/04\/25\/a-partir-daquest-diumenge-26-dabril-es-podra-sortir-amb-nens-al-carrer\/\" class=\"more-link\">Read More<\/a><\/p>\n","protected":false},"author":4,"featured_media":13141,"comment_status":"closed","ping_status":"closed","sticky":false,"template":"","format":"standard","meta":[],"categories":[3636],"tags":[528,3559,82,1389,3743],"_links":{"self":[{"href":"https:\/\/bisbalpenedes.com\/web\/wp-json\/wp\/v2\/posts\/13140"}],"collection":[{"href":"https:\/\/bisbalpenedes.com\/web\/wp-json\/wp\/v2\/posts"}],"about":[{"href":"https:\/\/bisbalpenedes.com\/web\/wp-json\/wp\/v2\/types\/post"}],"author":[{"embeddable":true,"href":"https:\/\/bisbalpenedes.com\/web\/wp-json\/wp\/v2\/users\/4"}],"replies":[{"embeddable":true,"href":"https:\/\/bisbalpenedes.com\/web\/wp-json\/wp\/v2\/comments?post=13140"}],"version-history":[{"count":1,"href":"https:\/\/bisbalpenedes.com\/web\/wp-json\/wp\/v2\/posts\/13140\/revisions"}],"predecessor-version":[{"id":13142,"href":"https:\/\/bisbalpenedes.com\/web\/wp-json\/wp\/v2\/posts\/13140\/revisions\/13142"}],"wp:featuredmedia":[{"embeddable":true,"href":"https:\/\/bisbalpenedes.com\/web\/wp-json\/wp\/v2\/media\/13141"}],"wp:attachment":[{"href":"https:\/\/bisbalpenedes.com\/web\/wp-json\/wp\/v2\/media?parent=13140"}],"wp:term":[{"taxonomy":"category","embeddable":true,"href":"https:\/\/bisbalpenedes.com\/web\/wp-json\/wp\/v2\/categories?post=13140"},{"taxonomy":"post_tag","embeddable":true,"href":"https:\/\/bisbalpenedes.com\/web\/wp-json\/wp\/v2\/tags?post=13140"}],"curies":[{"name":"wp","href":"https:\/\/api.w.org\/{rel}","templated":true}]}}