{"id":13129,"date":"2020-04-24T17:23:33","date_gmt":"2020-04-24T16:23:33","guid":{"rendered":"http:\/\/bisbalpenedes.com\/web\/?p=13129"},"modified":"2020-04-24T17:37:30","modified_gmt":"2020-04-24T16:37:30","slug":"la-biblioteca-publica-de-la-bisbal-del-penedes-dona-suport-al-sector-editorial-i-llibreter-amb-ladquisicio-de-nous-llibres","status":"publish","type":"post","link":"https:\/\/bisbalpenedes.com\/web\/2020\/04\/24\/la-biblioteca-publica-de-la-bisbal-del-penedes-dona-suport-al-sector-editorial-i-llibreter-amb-ladquisicio-de-nous-llibres\/","title":{"rendered":"La Biblioteca p\u00fablica de la Bisbal del Pened\u00e8s dona suport al sector editorial i llibreter amb l\u2019adquisici\u00f3 de nous llibres"},"content":{"rendered":"<p style=\"text-align: justify;\"><span style=\"color: #000000;\">La Biblioteca p\u00fablica de la Bisbal del Pened\u00e8s far\u00e0 efectives diverses compres de llibres, per un valor de 5.000\u20ac, durant el mes d\u2019abril. D\u2019aquesta manera vol ajudar el sector editorial i llibreter en uns moments de gran dificultat, tenint en compte que els establiments han hagut de tancar les seves portes de forma temporal i que, enguany, passarem la Diada de Sant Jordi confinats.\u00a0\u00a0<\/span><\/p>\n<p style=\"text-align: justify;\"><span style=\"color: #000000;\">Els 5.000\u20ac que s\u2019invertiran des de la Regidoria de Cultura corresponen als 4.000\u20ac de la subvenci\u00f3 per esp\u00e8cie de tot el 2020 per a l\u2019adquisici\u00f3 de novetats editorials i a 1.000\u20ac provinents de subvencions i partides municipals que es destinaran a la compra en llibreries de proximitat.<\/span><\/p>\n<p style=\"text-align: justify;\"><span style=\"color: #000000;\">La compra se centrar\u00e0 en l\u2019adquisici\u00f3 de novetats dels g\u00e8neres de novel\u00b7la, llibres infantils, llibres juvenils i llibres de coneixements i tamb\u00e9 servir\u00e0 per ampliar el fons de ci\u00e8ncies pures i crear un petit fons de llengua estrangera. Tots els llibres adquirits s\u2019aniran incorporant de forma progressiva i restaran a disposici\u00f3 dels usuaris per tal que es puguin endur les obres, en pr\u00e9stec, quan es pugui tornar a obrir la Biblioteca.<\/span><\/p>\n<p style=\"text-align: justify;\"><span style=\"color: #000000;\"><strong>QUINS LLIBRES VOLDR\u00cdEU TROBAR A LA BIBLIOTECA?<\/strong><\/span><\/p>\n<p style=\"text-align: justify;\"><a href=\"http:\/\/bisbalpenedes.com\/web\/wp-content\/uploads\/2020\/04\/cartell-llibres-sant-jordi-bo.png\"><img loading=\"lazy\" class=\"aligncenter size-full wp-image-13131\" src=\"http:\/\/bisbalpenedes.com\/web\/wp-content\/uploads\/2020\/04\/cartell-llibres-sant-jordi-bo.png\" alt=\"cartell llibres sant jordi bo\" width=\"940\" height=\"788\" srcset=\"https:\/\/bisbalpenedes.com\/web\/wp-content\/uploads\/2020\/04\/cartell-llibres-sant-jordi-bo.png 940w, https:\/\/bisbalpenedes.com\/web\/wp-content\/uploads\/2020\/04\/cartell-llibres-sant-jordi-bo-600x503.png 600w, https:\/\/bisbalpenedes.com\/web\/wp-content\/uploads\/2020\/04\/cartell-llibres-sant-jordi-bo-300x251.png 300w, https:\/\/bisbalpenedes.com\/web\/wp-content\/uploads\/2020\/04\/cartell-llibres-sant-jordi-bo-768x644.png 768w\" sizes=\"(max-width: 940px) 100vw, 940px\" \/><\/a><\/p>\n<p style=\"text-align: justify;\"><span style=\"color: #000000;\">Com sabeu, la pand\u00e8mia de la Covid-19 ha obligat a tancar la Biblioteca al p\u00fablic. Per aquest motiu us proposem que, fins al 30 d\u2019abril, suggeriu tots aquells t\u00edtols que us agradaria trobar a la Biblioteca comentant el cartell que publicarem a les xarxes socials. Totes les propostes seran recollides i escoltades i, en la mesura del possible, procurarem incloure-les en els processos de selecci\u00f3 de noves adquisicions que ja ha iniciat el personal t\u00e8cnic de la Biblioteca.<\/span><\/p>\n<hr \/>\n<p style=\"text-align: justify;\"><span style=\"color: #000000;\"><strong>CASTELLANO |<\/strong> La Biblioteca p\u00fablica de la Bisbal del Pened\u00e8s har\u00e1 efectivas varias compras de libros, por un valor de 5.000\u20ac, durante el mes de abril. De esta forma quiere ayudar al sector editorial y librero en unos momentos de gran dificultad, teniendo en cuenta que los establecimientos han tenido que cerrar sus puertas de forma temporal y que, este a\u00f1o, pasaremos la Diada de Sant Jordi confinados.<\/span><\/p>\n<p style=\"text-align: justify;\"><span style=\"color: #000000;\">Los 5.000\u20ac que se invertir\u00e1n desde la Concejal\u00eda de Cultura corresponden a los 4.000\u20ac de la subvenci\u00f3n por especie de todo el 2020 para la adquisici\u00f3n de novedades editoriales y a 1.000\u20ac provenientes de subvenciones y partidas municipales que se destinar\u00e1n a la compra en librer\u00edas de proximidad.<\/span><\/p>\n<p style=\"text-align: justify;\"><span style=\"color: #000000;\">La compra se centrar\u00e1 en la adquisici\u00f3n de novedades de los g\u00e9neros de novela, libros infantiles, libros juveniles y libros de conocimientos y tambi\u00e9n servir\u00e1 para ampliar el fondo de ciencias puras y crear un peque\u00f1o fondo de lengua extranjera. Todos los libros adquiridos se ir\u00e1n incorporando de forma progresiva y quedar\u00e1n a disposici\u00f3n de los usuarios por tal que se puedan llevar las obras, prestadas, cuando se pueda volver a abrir la Biblioteca.<\/span><\/p>\n<p style=\"text-align: center;\"><span style=\"color: #000000;\"><strong>\u00bfQU\u00c9 LIBROS QUERR\u00cdAIS ENCONTRAR EN LA BIBLIOTECA?<\/strong><\/span><\/p>\n<p style=\"text-align: justify;\"><a href=\"http:\/\/bisbalpenedes.com\/web\/wp-content\/uploads\/2020\/04\/cartell-llibres-sant-jordi-bo.png\"><img loading=\"lazy\" class=\"aligncenter size-full wp-image-13131\" src=\"http:\/\/bisbalpenedes.com\/web\/wp-content\/uploads\/2020\/04\/cartell-llibres-sant-jordi-bo.png\" alt=\"cartell llibres sant jordi bo\" width=\"940\" height=\"788\" srcset=\"https:\/\/bisbalpenedes.com\/web\/wp-content\/uploads\/2020\/04\/cartell-llibres-sant-jordi-bo.png 940w, https:\/\/bisbalpenedes.com\/web\/wp-content\/uploads\/2020\/04\/cartell-llibres-sant-jordi-bo-600x503.png 600w, https:\/\/bisbalpenedes.com\/web\/wp-content\/uploads\/2020\/04\/cartell-llibres-sant-jordi-bo-300x251.png 300w, https:\/\/bisbalpenedes.com\/web\/wp-content\/uploads\/2020\/04\/cartell-llibres-sant-jordi-bo-768x644.png 768w\" sizes=\"(max-width: 940px) 100vw, 940px\" \/><\/a><\/p>\n<p style=\"text-align: justify;\"><span style=\"color: #000000;\">C\u00f3mo sab\u00e9is, la pandemia del Covid-19 ha obligado a cerrar la Biblioteca al p\u00fablico. Por este motivo os proponemos que, hasta el 30 de abril, sugir\u00e1is todos aquellos t\u00edtulos que os gustar\u00eda encontrar en la Biblioteca comentando el cartel que publicaremos en las redes sociales. Todas las propuestas ser\u00e1n recogidas y escuchadas y, en la medida de lo posible, procuraremos incluirlas en los procesos de selecci\u00f3n de nuevas adquisiciones que ya ha iniciado el personal t\u00e9cnico de la Biblioteca.<\/span><\/p>\n<p style=\"text-align: justify;\"><span style=\"color: #000000;\"><strong>\u00a0<\/strong><\/span><\/p>\n<p style=\"text-align: justify;\"><span style=\"color: #000000;\">\u00a0<\/span><\/p>\n","protected":false},"excerpt":{"rendered":"<p>La Biblioteca p\u00fablica de la Bisbal del Pened\u00e8s far\u00e0 efectives diverses compres de llibres, per un valor de 5.000\u20ac, durant el mes d\u2019abril. D\u2019aquesta manera vol ajudar el sector editorial &hellip; <a href=\"https:\/\/bisbalpenedes.com\/web\/2020\/04\/24\/la-biblioteca-publica-de-la-bisbal-del-penedes-dona-suport-al-sector-editorial-i-llibreter-amb-ladquisicio-de-nous-llibres\/\" class=\"more-link\">Read More<\/a><\/p>\n","protected":false},"author":4,"featured_media":13131,"comment_status":"closed","ping_status":"closed","sticky":false,"template":"","format":"standard","meta":[],"categories":[2478,13],"tags":[3741,180,225,148,64],"_links":{"self":[{"href":"https:\/\/bisbalpenedes.com\/web\/wp-json\/wp\/v2\/posts\/13129"}],"collection":[{"href":"https:\/\/bisbalpenedes.com\/web\/wp-json\/wp\/v2\/posts"}],"about":[{"href":"https:\/\/bisbalpenedes.com\/web\/wp-json\/wp\/v2\/types\/post"}],"author":[{"embeddable":true,"href":"https:\/\/bisbalpenedes.com\/web\/wp-json\/wp\/v2\/users\/4"}],"replies":[{"embeddable":true,"href":"https:\/\/bisbalpenedes.com\/web\/wp-json\/wp\/v2\/comments?post=13129"}],"version-history":[{"count":2,"href":"https:\/\/bisbalpenedes.com\/web\/wp-json\/wp\/v2\/posts\/13129\/revisions"}],"predecessor-version":[{"id":13132,"href":"https:\/\/bisbalpenedes.com\/web\/wp-json\/wp\/v2\/posts\/13129\/revisions\/13132"}],"wp:featuredmedia":[{"embeddable":true,"href":"https:\/\/bisbalpenedes.com\/web\/wp-json\/wp\/v2\/media\/13131"}],"wp:attachment":[{"href":"https:\/\/bisbalpenedes.com\/web\/wp-json\/wp\/v2\/media?parent=13129"}],"wp:term":[{"taxonomy":"category","embeddable":true,"href":"https:\/\/bisbalpenedes.com\/web\/wp-json\/wp\/v2\/categories?post=13129"},{"taxonomy":"post_tag","embeddable":true,"href":"https:\/\/bisbalpenedes.com\/web\/wp-json\/wp\/v2\/tags?post=13129"}],"curies":[{"name":"wp","href":"https:\/\/api.w.org\/{rel}","templated":true}]}}