{"id":13121,"date":"2020-04-23T15:17:53","date_gmt":"2020-04-23T14:17:53","guid":{"rendered":"http:\/\/bisbalpenedes.com\/web\/?p=13121"},"modified":"2020-04-23T15:49:51","modified_gmt":"2020-04-23T14:49:51","slug":"comunicat-de-la-regidora-de-cultura-i-veredicte-del-jurat-del-concurs-de-santjordiconfinat","status":"publish","type":"post","link":"https:\/\/bisbalpenedes.com\/web\/2020\/04\/23\/comunicat-de-la-regidora-de-cultura-i-veredicte-del-jurat-del-concurs-de-santjordiconfinat\/","title":{"rendered":"Comunicat de la regidora de Cultura i veredicte del jurat del Concurs de #SantJordiConfinat"},"content":{"rendered":"<p style=\"text-align: justify;\"><a href=\"http:\/\/bisbalpenedes.com\/web\/wp-content\/uploads\/2020\/04\/1-1.png\"><img loading=\"lazy\" class=\"aligncenter size-large wp-image-13126\" src=\"http:\/\/bisbalpenedes.com\/web\/wp-content\/uploads\/2020\/04\/1-1-724x1024.png\" alt=\"SANT JORDI DISCURS JUDITH 2020\" width=\"630\" height=\"891\" srcset=\"https:\/\/bisbalpenedes.com\/web\/wp-content\/uploads\/2020\/04\/1-1-724x1024.png 724w, https:\/\/bisbalpenedes.com\/web\/wp-content\/uploads\/2020\/04\/1-1-600x849.png 600w, https:\/\/bisbalpenedes.com\/web\/wp-content\/uploads\/2020\/04\/1-1-212x300.png 212w, https:\/\/bisbalpenedes.com\/web\/wp-content\/uploads\/2020\/04\/1-1-768x1086.png 768w\" sizes=\"(max-width: 630px) 100vw, 630px\" \/><\/a><a href=\"http:\/\/bisbalpenedes.com\/web\/wp-content\/uploads\/2020\/04\/1.png\"><br \/>\n<\/a> <a href=\"http:\/\/bisbalpenedes.com\/web\/wp-content\/uploads\/2020\/04\/2.png\"><img loading=\"lazy\" class=\"aligncenter size-large wp-image-13123\" src=\"http:\/\/bisbalpenedes.com\/web\/wp-content\/uploads\/2020\/04\/2-724x1024.png\" alt=\"SANT JORDI DISCURS JUDIHT 2\" width=\"630\" height=\"891\" srcset=\"https:\/\/bisbalpenedes.com\/web\/wp-content\/uploads\/2020\/04\/2-724x1024.png 724w, https:\/\/bisbalpenedes.com\/web\/wp-content\/uploads\/2020\/04\/2-600x849.png 600w, https:\/\/bisbalpenedes.com\/web\/wp-content\/uploads\/2020\/04\/2-212x300.png 212w, https:\/\/bisbalpenedes.com\/web\/wp-content\/uploads\/2020\/04\/2-768x1086.png 768w, https:\/\/bisbalpenedes.com\/web\/wp-content\/uploads\/2020\/04\/2.png 1587w\" sizes=\"(max-width: 630px) 100vw, 630px\" \/><\/a><\/p>\n<p style=\"text-align: justify;\"><span style=\"color: #000000;\"><em>Bisbalencs <\/em>y <em>bisbalenques<\/em>, hoy me dirijo a todos vosotros por muchas razones. Todos sois conocedores de los tiempos que estamos viviendo y de cu\u00e1les son las prioridades en cada momento. Aun as\u00ed, no quer\u00eda dejar pasar esta diada, tan especial para nosotros, sin dirigiros unas palabras.<\/span><\/p>\n<p style=\"text-align: justify;\"><span style=\"color: #000000;\">Este a\u00f1o, desde la concejal\u00eda de Cultura hemos tenido que dejar de hacer numerosos actos y actividades, algunos de ellos muy populares y con gran participaci\u00f3n de todos vosotros: el d\u00eda de la poes\u00eda, los tres tombs, la celebraci\u00f3n del d\u00eda de la danza, las proyecciones del ciclo de cine Gaud\u00ed, el cuentacuentos\u2026 y tambi\u00e9n todos los actos dedicados a celebrar Sant Jordi que, para todos nosotros, son una gran tradici\u00f3n.<\/span><\/p>\n<p style=\"text-align: justify;\"><span style=\"color: #000000;\">Hoy habr\u00edamos visto la pista llena de ni\u00f1os, padres y abuelos con la ilusi\u00f3n de los premios literarios infantiles. Al mediod\u00eda, la Associaic\u00f3 de Dones la Roca Foradada ya nos ten\u00eda preparada la fant\u00e1stica <em>xatonada<\/em> popular y, por la tarde, arreglados y peinados hacia el auditorio, para hacer la entrega de los premios del 12\u00ba Concurso Literario de Sant Jordi de la Bisbal. Tambi\u00e9n durante esta semana habr\u00edamos disfrutado de la presentaci\u00f3n de un nuevo libro editado por el Ayuntamiento, en este caso una obra que han estado preparando con mucho trabajo e ilusi\u00f3n Jordi Ferran y Salvador Catal\u00e0 y, despu\u00e9s de cada acto, como siempre, compartir\u00edamos una copa de cava, risas, problemas, soluciones y alegr\u00edas todos juntos.<\/span><\/p>\n<p style=\"text-align: justify;\"><span style=\"color: #000000;\">Este a\u00f1o todo esto no ser\u00e1 posible. Al menos de momento. Y digo de momento porqu\u00e9 estoy segura que, entre todos, encontraremos la manera de podernos volver a reunir y celebrar, rodeados de danzas, poes\u00edas, prosas, con cava o agua \u2013 lo que quer\u00e1is- y gracias a toda la gente de la Bisbal, ser\u00e1 fant\u00e1stico, como lo ha sido siempre con vosotros.<\/span><\/p>\n<p style=\"text-align: justify;\"><span style=\"color: #000000;\">Aun con la situaci\u00f3n que nos est\u00e1 tocando vivir, tambi\u00e9n est\u00e1n pasando cosas que nos animan a salir adelante. Hace unos d\u00edas, Kta hizo una propuesta para celebrar Sant Jordi y, as\u00ed, se empez\u00f3 a idear #SantJordiConfinat. Inmediatamente, Jordi Ferran y \u00e9l se pusieron a trabajar en este concurso de fotograf\u00eda y v\u00eddeo que ha sido todo un \u00e9xito gracias al gran talento bisbalense: \u00a1Qu\u00e9 v\u00eddeos y qu\u00e9 fotos m\u00e1s divertidas que hab\u00e9is hecho! Se nota que hab\u00e9is dedicado horas, tiempo y esfuerzos para compartir vuestro Sant Jordi.<\/span><\/p>\n<p style=\"text-align: justify;\"><span style=\"color: #000000;\">Gracias a todos los que reivindic\u00e1is esta diada. A los que reivindic\u00e1is los libros, dragones, pr\u00edncipes y princesas, Jordis y Jordines y rosas. Gracias a las personas que particip\u00e1is en estas iniciativas, de todo coraz\u00f3n. Hab\u00e9is hecho que estos d\u00edas de confinamiento hayan sido mejores para todos.<\/span><\/p>\n<p style=\"text-align: justify;\"><span style=\"color: #000000;\">Y ahora s\u00ed, desvelar\u00e9 los ganadores del concurso de #SantJordiConfinat:<\/span><\/p>\n<p style=\"text-align: justify;\"><span style=\"color: #000000;\">El jurado, formado por Jordina Mir\u00f3, Salvador Catal\u00e0 y Jordi Ferran ha decidido que los ganadores sean:<\/span><\/p>\n<p style=\"text-align: justify; padding-left: 30px;\"><span style=\"color: #000000;\"><strong>TERCER PREMIO:<\/strong> Jordi G\u00e1zquez<\/span><\/p>\n<p style=\"text-align: justify; padding-left: 30px;\"><span style=\"color: #000000;\">Gana unos altavoces inal\u00e1mbricos por la elaboraci\u00f3n de un texto que sintetiza la actual situaci\u00f3n: un Sant Jordi marcado por la crisis sanitaria.<\/span><\/p>\n<p style=\"text-align: justify; padding-left: 30px;\"><span style=\"color: #000000;\"><strong>SEGUNDO PREMIO:<\/strong> ex aequo entre S\u00edlvia Ferr\u00e9 y Montserrat Guasch.<\/span><\/p>\n<p style=\"text-align: justify; padding-left: 30px;\"><span style=\"color: #000000;\">S\u00edlvia por la originalidad de la propuesta, que sintetiza conceptualmente la diada en una imagen.<\/span><\/p>\n<p style=\"text-align: justify; padding-left: 30px;\"><span style=\"color: #000000;\">Montserrat, por la escenificaci\u00f3n de los elementos del actual Sant Jordi.<\/span><\/p>\n<p style=\"text-align: justify; padding-left: 30px;\"><span style=\"color: #000000;\">Se llevan una tablet Lenovo.<\/span><\/p>\n<p style=\"text-align: justify; padding-left: 30px;\"><span style=\"color: #000000;\"><strong>PRIMER PREMIO:<\/strong> Roser Turdiu.<\/span><\/p>\n<p style=\"text-align: justify; padding-left: 30px;\"><span style=\"color: #000000;\">Por la excelencia de la escenificaci\u00f3n, el montaje y la edici\u00f3n del v\u00eddeo que resume la llegada de la diada de Sant Jordi.<\/span><\/p>\n<p style=\"text-align: justify; padding-left: 30px;\"><span style=\"color: #000000;\">Se lleva una c\u00e1mara de fotos instant\u00e1nea.<\/span><\/p>\n<p style=\"text-align: justify;\"><span style=\"color: #000000;\">Vuestros premios llegar\u00e1n pronto a vuestra casa. Enhorabuena. Y a el resto de participantes, \u00a1Mil gracias! Somos un gran, gran pueblo y os echo mucho de menos.<\/span><\/p>\n<p style=\"text-align: right;\"><span style=\"color: #000000;\">La Bisbal del Pened\u00e8s, 23 de abril de 2020<\/span><\/p>\n<p style=\"text-align: right;\"><span style=\"color: #000000;\">Judith Vidal i Vilella<\/span><\/p>\n<p style=\"text-align: right;\"><span style=\"color: #000000;\">Regidora de Cultura i Lleure<\/span><\/p>\n","protected":false},"excerpt":{"rendered":"<p>Bisbalencs y bisbalenques, hoy me dirijo a todos vosotros por muchas razones. Todos sois conocedores de los tiempos que estamos viviendo y de cu\u00e1les son las prioridades en cada momento. &hellip; <a href=\"https:\/\/bisbalpenedes.com\/web\/2020\/04\/23\/comunicat-de-la-regidora-de-cultura-i-veredicte-del-jurat-del-concurs-de-santjordiconfinat\/\" class=\"more-link\">Read More<\/a><\/p>\n","protected":false},"author":4,"featured_media":13124,"comment_status":"closed","ping_status":"closed","sticky":false,"template":"","format":"standard","meta":[],"categories":[13],"tags":[178,64,3677],"_links":{"self":[{"href":"https:\/\/bisbalpenedes.com\/web\/wp-json\/wp\/v2\/posts\/13121"}],"collection":[{"href":"https:\/\/bisbalpenedes.com\/web\/wp-json\/wp\/v2\/posts"}],"about":[{"href":"https:\/\/bisbalpenedes.com\/web\/wp-json\/wp\/v2\/types\/post"}],"author":[{"embeddable":true,"href":"https:\/\/bisbalpenedes.com\/web\/wp-json\/wp\/v2\/users\/4"}],"replies":[{"embeddable":true,"href":"https:\/\/bisbalpenedes.com\/web\/wp-json\/wp\/v2\/comments?post=13121"}],"version-history":[{"count":3,"href":"https:\/\/bisbalpenedes.com\/web\/wp-json\/wp\/v2\/posts\/13121\/revisions"}],"predecessor-version":[{"id":13128,"href":"https:\/\/bisbalpenedes.com\/web\/wp-json\/wp\/v2\/posts\/13121\/revisions\/13128"}],"wp:featuredmedia":[{"embeddable":true,"href":"https:\/\/bisbalpenedes.com\/web\/wp-json\/wp\/v2\/media\/13124"}],"wp:attachment":[{"href":"https:\/\/bisbalpenedes.com\/web\/wp-json\/wp\/v2\/media?parent=13121"}],"wp:term":[{"taxonomy":"category","embeddable":true,"href":"https:\/\/bisbalpenedes.com\/web\/wp-json\/wp\/v2\/categories?post=13121"},{"taxonomy":"post_tag","embeddable":true,"href":"https:\/\/bisbalpenedes.com\/web\/wp-json\/wp\/v2\/tags?post=13121"}],"curies":[{"name":"wp","href":"https:\/\/api.w.org\/{rel}","templated":true}]}}