{"id":13111,"date":"2020-04-22T18:04:27","date_gmt":"2020-04-22T17:04:27","guid":{"rendered":"http:\/\/bisbalpenedes.com\/web\/?p=13111"},"modified":"2020-04-22T18:04:27","modified_gmt":"2020-04-22T17:04:27","slug":"missatge-de-lalcaldessa-agnes-ferre-amb-motiu-del-covid-19-22042020","status":"publish","type":"post","link":"https:\/\/bisbalpenedes.com\/web\/2020\/04\/22\/missatge-de-lalcaldessa-agnes-ferre-amb-motiu-del-covid-19-22042020\/","title":{"rendered":"Missatge de l&#8217;alcaldessa Agn\u00e8s Ferr\u00e9 amb motiu del Covid-19 (22\/04\/2020)"},"content":{"rendered":"<p>&nbsp;<\/p>\n<p><iframe loading=\"lazy\" style=\"border: none; overflow: hidden;\" src=\"https:\/\/www.facebook.com\/plugins\/video.php?href=https%3A%2F%2Fwww.facebook.com%2FAjuntamentBisbalPenedes%2Fvideos%2F552977882281191%2F&amp;show_text=0&amp;width=560\" width=\"560\" height=\"420\" frameborder=\"0\" scrolling=\"no\" allowfullscreen=\"allowfullscreen\"><\/iframe><span lang=\"CA\" style=\"mso-bidi-font-size: 11.0pt; font-family: 'Verdana',sans-serif; mso-bidi-font-family: Arial; mso-ansi-language: CA; mso-bidi-font-weight: bold;\"><br \/>\n<\/span><\/p>\n<p style=\"text-align: justify;\"><span style=\"color: #000000;\">El passat 11 de mar\u00e7 l\u2019Organitzaci\u00f3 Mundial de la Salut, l\u2019OMS, va elevar la situaci\u00f3 d\u2019emerg\u00e8ncia de salut p\u00fablica ocasionada per la Covid-19 a pand\u00e8mia internacional i, tant l\u2019estat central com la Generalitat de Catalunya, han anat dictant successives normes amb un seguit de mesures extraordin\u00e0ries i temporals amb l\u2019objectiu de reduir el risc d\u2019exposici\u00f3 i transmissi\u00f3 del virus. Les entitats locals, com sabeu, hem anat aplicant aquestes mesures d\u2019acord amb les particularitats de cada municipi.<\/span><\/p>\n<p style=\"text-align: justify;\"><span style=\"color: #000000;\">Segurament cap de nosaltres s\u2019hagu\u00e9s pogut imaginar que viur\u00edem una situaci\u00f3 com aquesta, i la Bisbal del Pened\u00e8s no se n\u2019escapa. Ara com ara tenim confirmades 3 morts i 12 contagis que, per molt que siguin dades, per a nosaltres no s\u00f3n n\u00fameros, sin\u00f3 que s\u00f3n 3 bisbalencs i bisbalenques que ja no es troben entre nosaltres, amb el dolor que suposa una p\u00e8rdua en aquests moments, i amb el malestar que suposa passar aquesta situaci\u00f3 a casa, amb incertesa per\u00f2 tamb\u00e9 l\u2019esperan\u00e7a de sortir-se\u2019n, que segur que ser\u00e0 aix\u00ed. Ho esperem de tot cor. Molts \u00e0nims!<\/span><\/p>\n<p style=\"text-align: justify;\"><span style=\"color: #000000;\">El context excepcional que vivim ha comportat un gran moviment d\u2019altruisme i solidaritat al municipi: volunt\u00e0ries del Servei Bon Dia que telefonen\u00a0 la gent gran del nostre municipi des de casa seva i els pregunten si estan b\u00e9 i necessiten ajuda amb alguna cosa, ve\u00efns i ve\u00efnes que confeccionen mascaretes i bates, artistes que fan dibuixos per pintar o persones que, a trav\u00e9s de les seves empreses fan arribar material i aliments per ajudar els altres. Moltes gr\u00e0cies a tots i totes per ser com sou!<\/span><\/p>\n<p style=\"text-align: justify;\"><span style=\"color: #000000;\">Fa set setmanes que estem confinats per l\u2019estat d\u2019alarma i hi ha comer\u00e7os i establiments que han hagut de tancar al p\u00fablic, aut\u00f2noms i aut\u00f2nomes que no poden treballar i fam\u00edlies que estan en un ERTO o que han perdut la feina. Des de l\u2019estat i la Generalitat s\u2019han obert algunes l\u00ednies d\u2019ajuts i, des de l\u2019equip de govern, fa setmanes que treballem per impulsar subvencions per a totes aquestes fam\u00edlies bisbalenques.<\/span><\/p>\n<p style=\"text-align: justify;\"><span style=\"color: #000000;\">Avui us avan\u00e7o que l\u2019Ajuntament de la Bisbal del Pened\u00e8s destinar\u00e0 entre 40.000\u20ac i 60.000\u20ac a ajuts per a aquests col\u00b7lectius amb partides obertes. Per tant, si fos necessari i la situaci\u00f3 s\u2019allargu\u00e9s en el temps, podr\u00edem ampliar els imports de les partides corresponents. De moment hem optat per destinar part del super\u00e0vit de l\u2019any 2019 i part del pressupost de 2020 a aquests ajuts.<\/span><\/p>\n<p style=\"text-align: justify;\"><span style=\"color: #000000;\">Tot i que pr\u00f2ximament publicarem tota la informaci\u00f3 a trav\u00e9s dels mitjans de comunicaci\u00f3 amb la ciutadania habituals, us puc avan\u00e7ar que els ajuts aniran destinats a les fam\u00edlies que estan afectades per un ERTO o que han perdut la feina i no poden fer front a les despeses mensuals; als comer\u00e7os que han tancat per l\u2019estat d\u2019alarma i, per tant, no obtenen cap ingr\u00e9s per\u00f2 s\u00ed que han de fer front a les despeses dels rebuts d\u2019aut\u00f2noms i subministraments; i als aut\u00f2noms que no poden fer la seva feina per l\u2019estat d\u2019alarma i que, per tant, no tenen ingressos ni subsidis per\u00f2 s\u00ed que han d\u2019assumir despeses.<\/span><\/p>\n<p style=\"text-align: justify;\"><span style=\"color: #000000;\">Aix\u00ed doncs, durant la propera quinzena convocarem un Ple extraordinari per aprovar les bases i convocat\u00f2ries amb el detall de les caracter\u00edstiques, els imports dels ajuts i els beneficiaris.<\/span><\/p>\n<p style=\"text-align: justify;\"><span style=\"color: #000000;\">S\u00f3n moments excepcionals i dif\u00edcils i calen mesures extraordin\u00e0ries per ajudar aquelles persones i fam\u00edlies que estan patint els efectes de la Covid-19, no nom\u00e9s en termes de salut sin\u00f3 tamb\u00e9 en termes d\u2019economia productiva. Per aix\u00f2 estem treballant di\u00e0riament amb els t\u00e8cnics municipals amb l\u2019objectiu enllestir les bases, les convocat\u00f2ries i modificacions de cr\u00e8dit i aix\u00ed poder-ho tenir tot a punt al m\u00e9s aviat possible. En aquest sentit, vull aprofitar per donar les gr\u00e0cies a tots els treballadors municipals per la gran tasca que estan duent a terme en aquesta situaci\u00f3 excepcional i per la seva capacitat d\u2019adaptar-se a les noves formes de treball.<\/span><\/p>\n<p style=\"text-align: justify;\"><span style=\"color: #000000;\">Moltes gr\u00e0cies per quedar-vos a casa, entre tots i totes ho aconseguirem!<\/span><\/p>\n<hr \/>\n<p style=\"text-align: justify;\"><span style=\"color: #000000;\"><strong>CASTELLANO |<\/strong> El pasado 11 de marzo la Organizaci\u00f3n Mundial de la Salud, la OMS, elev\u00f3 la situaci\u00f3n de emergencia de salud p\u00fablica ocasionada por el Covid-19 a pandemia internacional y, tanto el estado central como la Generalitat de Catalunya, han ido dictando sucesivas normas con una serie de medidas extraordinarias y temporales con el objetivo de reducir el riesgo de exposici\u00f3n y transmisi\u00f3n del virus. Las entidades locales, como sab\u00e9is, hemos ido aplicando estas medidas de acuerdo con las particularidades de cada municipio.<\/span><\/p>\n<p style=\"text-align: justify;\"><span style=\"color: #000000;\">Seguramente ninguno de nosotros hubiera podido imaginar que vivir\u00edamos una situaci\u00f3n como esta, y la Bisbal del Pened\u00e8s no se escapa. Por ahora tenemos confirmadas 3 muertes y 12 contagios que, por mucho que sean datos, para nosotros no son n\u00fameros, sino que son 3 <em>bisbalencs<\/em> y <em>bisbalenques<\/em> que ya no est\u00e1n entre nosotros, con el dolor que supone una p\u00e9rdida en estos momentos, y con el malestar que supone pasar esta situaci\u00f3n en casa, con incertidumbre pero tambi\u00e9n con la esperanza de salir a delante, que seguro que ser\u00e1 as\u00ed. Lo esperamos de todo coraz\u00f3n. \u00a1Mucho \u00e1nimo!<\/span><\/p>\n<p style=\"text-align: justify;\"><span style=\"color: #000000;\">El contexto excepcional que vivimos ha comportado un gran movimiento de altruismo y solidaridad en el municipio: voluntarias del <em>Servei Bon Dia<\/em> que telefonean a las personas mayores de nuestro municipio desde su casa y les preguntan si est\u00e1n bien y necesitan ayuda con algo, vecinos y vecinas que confeccionan mascarillas y batas, artistas que hacen dibujos para pintar o personas que, a trav\u00e9s de sus empresas, hacen llegar material y alimentos para ayudar a los dem\u00e1s. \u00a1Muchas gracias a todos y todas por ser como sois!<\/span><\/p>\n<p style=\"text-align: justify;\"><span style=\"color: #000000;\">Hace siete semanas que estamos confinados por el estado de alarma y hay comercios y establecimientos que han tenido que cerrar al p\u00fablico, aut\u00f3nomos y aut\u00f3nomas que no pueden trabajar y familias que est\u00e1n en un ERTO o que han pedido el trabajo. Desde el estado y la Generalitat se han abierto algunas l\u00edneas de ayudas y, desde el equipo de gobierno, hace semanas que trabajamos para impulsar subvenciones para todas estas familias de la Bisbal.<\/span><\/p>\n<p style=\"text-align: justify;\"><span style=\"color: #000000;\">Hoy os adelanto que el Ayuntamiento de la Bisbal del Pened\u00e8s destinar\u00e1 entre 40.000\u20ac y 60.000\u20ac a ayudas para estos colectivos con partidas abiertas. Por lo tanto, si fuese necesario y la situaci\u00f3n se alargase en el tiempo, podr\u00edamos ampliar los importes de las partidas correspondientes. De momento hemos optado por destinar parte del super\u00e1vit del a\u00f1o 2019 y parte del presupuesto del 2020 a estas ayudas.<\/span><\/p>\n<p style=\"text-align: justify;\"><span style=\"color: #000000;\">Aunque pr\u00f3ximamente publicaremos toda la informaci\u00f3n a trav\u00e9s de los medios de comunicaci\u00f3n con la ciudadan\u00eda habituales, os puedo adelantar que las ayudas se destinar\u00e1n a las familias que est\u00e1n afectadas por un ERTO o que han perdido el trabajo y no pueden hacer frente a los gastos mensuales; a los comercios que han cerrado por el estado de alarma y, por lo tanto, no obtienen ning\u00fan ingreso pero si que tienen que hacer frente a los gastos de los recibos de aut\u00f3nomos y suministros, y a los aut\u00f3nomos que no pueden hacer su trabajo por el estado de alarma y que, por lo tanto, no tienen ingresos ni subsidios pero si que tienen que asumir gastos.<\/span><\/p>\n<p style=\"text-align: justify;\"><span style=\"color: #000000;\">As\u00ed pues, durante la pr\u00f3xima quincena convocaremos un pleno extraordinario para aprobar las bases y convocatorias con el detalle de las caracter\u00edsticas, los importes de las ayudas y los beneficiarios.<\/span><\/p>\n<p style=\"text-align: justify;\"><span style=\"color: #000000;\">Son momentos excepcionales y dif\u00edciles y se hacen necesarias medidas extraordinarias para ayudar a estas personas y familias que est\u00e1n sufriendo los efectos del Covid-19, no solo en t\u00e9rminos de salud sino tambi\u00e9n en t\u00e9rminos de econom\u00eda productiva. Por eso estamos trabajando diariamente con los t\u00e9cnicos municipales con el objetivo de terminar las bases, las convocatorias y modificaciones de cr\u00e9dito y as\u00ed poderlo tener todo a punto lo m\u00e1s pronto posible. En este sentido, quiero aprovechar para dar las gracias a todos los trabajadores municipales por el gran trabajo que est\u00e1n llevando a cabo en esta situaci\u00f3n excepcional y por su capacidad de adaptarse a las nuevas formas de trabajo.<\/span><\/p>\n<p style=\"text-align: justify;\"><span style=\"color: #000000;\">Muchas gracias por quedaros en casa, \u00a1Entre todos y todas lo conseguiremos!<\/span><\/p>\n","protected":false},"excerpt":{"rendered":"<p>&nbsp; El passat 11 de mar\u00e7 l\u2019Organitzaci\u00f3 Mundial de la Salut, l\u2019OMS, va elevar la situaci\u00f3 d\u2019emerg\u00e8ncia de salut p\u00fablica ocasionada per la Covid-19 a pand\u00e8mia internacional i, tant l\u2019estat &hellip; <a href=\"https:\/\/bisbalpenedes.com\/web\/2020\/04\/22\/missatge-de-lalcaldessa-agnes-ferre-amb-motiu-del-covid-19-22042020\/\" class=\"more-link\">Read More<\/a><\/p>\n","protected":false},"author":4,"featured_media":13112,"comment_status":"closed","ping_status":"closed","sticky":false,"template":"","format":"standard","meta":[],"categories":[2057,3636],"tags":[1151,2092,3559,2831],"_links":{"self":[{"href":"https:\/\/bisbalpenedes.com\/web\/wp-json\/wp\/v2\/posts\/13111"}],"collection":[{"href":"https:\/\/bisbalpenedes.com\/web\/wp-json\/wp\/v2\/posts"}],"about":[{"href":"https:\/\/bisbalpenedes.com\/web\/wp-json\/wp\/v2\/types\/post"}],"author":[{"embeddable":true,"href":"https:\/\/bisbalpenedes.com\/web\/wp-json\/wp\/v2\/users\/4"}],"replies":[{"embeddable":true,"href":"https:\/\/bisbalpenedes.com\/web\/wp-json\/wp\/v2\/comments?post=13111"}],"version-history":[{"count":1,"href":"https:\/\/bisbalpenedes.com\/web\/wp-json\/wp\/v2\/posts\/13111\/revisions"}],"predecessor-version":[{"id":13113,"href":"https:\/\/bisbalpenedes.com\/web\/wp-json\/wp\/v2\/posts\/13111\/revisions\/13113"}],"wp:featuredmedia":[{"embeddable":true,"href":"https:\/\/bisbalpenedes.com\/web\/wp-json\/wp\/v2\/media\/13112"}],"wp:attachment":[{"href":"https:\/\/bisbalpenedes.com\/web\/wp-json\/wp\/v2\/media?parent=13111"}],"wp:term":[{"taxonomy":"category","embeddable":true,"href":"https:\/\/bisbalpenedes.com\/web\/wp-json\/wp\/v2\/categories?post=13111"},{"taxonomy":"post_tag","embeddable":true,"href":"https:\/\/bisbalpenedes.com\/web\/wp-json\/wp\/v2\/tags?post=13111"}],"curies":[{"name":"wp","href":"https:\/\/api.w.org\/{rel}","templated":true}]}}