{"id":13096,"date":"2020-04-21T16:59:37","date_gmt":"2020-04-21T15:59:37","guid":{"rendered":"http:\/\/bisbalpenedes.com\/web\/?p=13096"},"modified":"2020-04-21T17:14:25","modified_gmt":"2020-04-21T16:14:25","slug":"se-suspen-temporalment-el-servei-de-recollida-selectiva-del-textil-a-la-bisbal-del-penedes","status":"publish","type":"post","link":"https:\/\/bisbalpenedes.com\/web\/2020\/04\/21\/se-suspen-temporalment-el-servei-de-recollida-selectiva-del-textil-a-la-bisbal-del-penedes\/","title":{"rendered":"Se susp\u00e8n temporalment el servei de recollida selectiva del t\u00e8xtil a la Bisbal del Pened\u00e8s"},"content":{"rendered":"<p style=\"font-weight: 400; text-align: center;\"><a href=\"http:\/\/bisbalpenedes.com\/web\/wp-content\/uploads\/2020\/04\/SERVEI-TEXTIL-SUSPeS-TEMPORALMENT.jpg\"><img loading=\"lazy\" class=\"aligncenter size-full wp-image-13098\" src=\"http:\/\/bisbalpenedes.com\/web\/wp-content\/uploads\/2020\/04\/SERVEI-TEXTIL-SUSPeS-TEMPORALMENT.jpg\" alt=\"SERVEI TEXTIL SUSPeS TEMPORALMENT\" width=\"512\" height=\"358\" srcset=\"https:\/\/bisbalpenedes.com\/web\/wp-content\/uploads\/2020\/04\/SERVEI-TEXTIL-SUSPeS-TEMPORALMENT.jpg 512w, https:\/\/bisbalpenedes.com\/web\/wp-content\/uploads\/2020\/04\/SERVEI-TEXTIL-SUSPeS-TEMPORALMENT-300x210.jpg 300w\" sizes=\"(max-width: 512px) 100vw, 512px\" \/><\/a><\/p>\n<p style=\"font-weight: 400; text-align: justify;\"><span style=\"color: #000000;\">Des d\u2019Humana ens han informat de la suspensi\u00f3 temporal del servei de recollida selectiva del t\u00e8xtil a la Bisbal del Pened\u00e8s a conseq\u00fc\u00e8ncia de la crisi sanit\u00e0ria global. Aquesta recollida s\u2019havia anat fent amb les mesures de protecci\u00f3 i prevenci\u00f3 adequades aix\u00ed com de protecci\u00f3 de la ciutadania, incorporant la desinfecci\u00f3 de contenidors i vehicles a les tasques habituals d\u2019Humana. Tot i aix\u00f2, la situaci\u00f3 actual ha obligat Humana a paralitzar l\u2019activitat de les plantes de preparaci\u00f3 per a la reutilitzaci\u00f3, el que ha fet que Humana hagi hagut de limitar la seva activitat.<\/span><\/p>\n<p style=\"font-weight: 400; text-align: justify;\"><span style=\"color: #000000;\">Aix\u00ed, Humana ha precintat tots els contenidors de roba del municipi i ha col\u00b7locat una nota informativa sobre la suspensi\u00f3 temporal del servei perqu\u00e8 ning\u00fa dipositi residus als contenidors. \u00a0L\u2019objectiu d\u2019Humana \u00e9s reprendre el servei quan les circumst\u00e0ncies ho permetin. Us demanem que emmagatzemeu els residus t\u00e8xtils a casa i que no els aboqueu als contenidors de residus. Quan tot torni a la normalitat els podreu dipositar als contenidors de roba. Gr\u00e0cies per la vostra comprensi\u00f3.<\/span><\/p>\n<hr \/>\n<p style=\"font-weight: 400; text-align: justify;\"><span style=\"color: #000000;\"><b><strong>CASTELLANO |<\/strong><\/b>\u00a0Desde Humana nos han informado de la suspensi\u00f3n temporal del servicio de recogida selectiva del textil en la Bisbal del Pened\u00e8s como consecuencia de la crisis sanitaria global. Esta recogida se ven\u00eda haciendo con las medidas de protecci\u00f3n y prevenci\u00f3n adecuadas as\u00ed como de protecci\u00f3n de la ciudadan\u00eda, incorporando la desinfecci\u00f3n de contenedores y veh\u00edculos a los trabajos habituales de Humana. Aun as\u00ed, la situaci\u00f3n actual ha obligado a Humana a paralizar la actividad de las plantas de preparaci\u00f3n para la reutilizaci\u00f3n, lo que ha hecho que Humana haya tenido que limitar su actividad.<\/span><\/p>\n<p style=\"font-weight: 400; text-align: justify;\"><span style=\"color: #000000;\">As\u00ed pues, Humana ha precintado todos los contenedores de ropa del municipio y ha colocado una nota informativa sobre la suspensi\u00f3n temporal del servicio para que\u00a0 nadie deposite residuos en los contenedores. El objetivo de Humana es reanudar el servicio cuando las circunstancias lo permitan. Os pedimos que almacen\u00e9is los residuos textiles en casa y que no los tir\u00e9is en los contenedores de residuos. Cuando todo vuelva a la normalidad los podr\u00e9is depositar en los contenedores de ropa. Gracias por vuestra comprensi\u00f3n.<\/span><\/p>\n","protected":false},"excerpt":{"rendered":"<p>Des d\u2019Humana ens han informat de la suspensi\u00f3 temporal del servei de recollida selectiva del t\u00e8xtil a la Bisbal del Pened\u00e8s a conseq\u00fc\u00e8ncia de la crisi sanit\u00e0ria global. Aquesta recollida &hellip; <a href=\"https:\/\/bisbalpenedes.com\/web\/2020\/04\/21\/se-suspen-temporalment-el-servei-de-recollida-selectiva-del-textil-a-la-bisbal-del-penedes\/\" class=\"more-link\">Read More<\/a><\/p>\n","protected":false},"author":4,"featured_media":13098,"comment_status":"closed","ping_status":"closed","sticky":false,"template":"","format":"standard","meta":[],"categories":[975],"tags":[255,257,1257],"_links":{"self":[{"href":"https:\/\/bisbalpenedes.com\/web\/wp-json\/wp\/v2\/posts\/13096"}],"collection":[{"href":"https:\/\/bisbalpenedes.com\/web\/wp-json\/wp\/v2\/posts"}],"about":[{"href":"https:\/\/bisbalpenedes.com\/web\/wp-json\/wp\/v2\/types\/post"}],"author":[{"embeddable":true,"href":"https:\/\/bisbalpenedes.com\/web\/wp-json\/wp\/v2\/users\/4"}],"replies":[{"embeddable":true,"href":"https:\/\/bisbalpenedes.com\/web\/wp-json\/wp\/v2\/comments?post=13096"}],"version-history":[{"count":3,"href":"https:\/\/bisbalpenedes.com\/web\/wp-json\/wp\/v2\/posts\/13096\/revisions"}],"predecessor-version":[{"id":13100,"href":"https:\/\/bisbalpenedes.com\/web\/wp-json\/wp\/v2\/posts\/13096\/revisions\/13100"}],"wp:featuredmedia":[{"embeddable":true,"href":"https:\/\/bisbalpenedes.com\/web\/wp-json\/wp\/v2\/media\/13098"}],"wp:attachment":[{"href":"https:\/\/bisbalpenedes.com\/web\/wp-json\/wp\/v2\/media?parent=13096"}],"wp:term":[{"taxonomy":"category","embeddable":true,"href":"https:\/\/bisbalpenedes.com\/web\/wp-json\/wp\/v2\/categories?post=13096"},{"taxonomy":"post_tag","embeddable":true,"href":"https:\/\/bisbalpenedes.com\/web\/wp-json\/wp\/v2\/tags?post=13096"}],"curies":[{"name":"wp","href":"https:\/\/api.w.org\/{rel}","templated":true}]}}