{"id":13089,"date":"2020-04-21T09:52:59","date_gmt":"2020-04-21T08:52:59","guid":{"rendered":"http:\/\/bisbalpenedes.com\/web\/?p=13089"},"modified":"2020-04-21T09:55:59","modified_gmt":"2020-04-21T08:55:59","slug":"agraiment-al-supermercat-aliprox-de-la-bisbal-del-penedes","status":"publish","type":"post","link":"https:\/\/bisbalpenedes.com\/web\/2020\/04\/21\/agraiment-al-supermercat-aliprox-de-la-bisbal-del-penedes\/","title":{"rendered":"Agra\u00efment al supermercat Aliprox de la Bisbal del Pened\u00e8s per haver fet una donaci\u00f3 de material de protecci\u00f3 i desinfecci\u00f3"},"content":{"rendered":"<p style=\"text-align: justify;\"><a href=\"http:\/\/bisbalpenedes.com\/web\/wp-content\/uploads\/2020\/04\/FOTO-ALIPROX-DONACIO-MATERIAL-COVID19.jpg\"><img loading=\"lazy\" class=\"aligncenter size-large wp-image-13090\" src=\"http:\/\/bisbalpenedes.com\/web\/wp-content\/uploads\/2020\/04\/FOTO-ALIPROX-DONACIO-MATERIAL-COVID19-1024x768.jpg\" alt=\"FOTO ALIPROX DONACIO MATERIAL COVID19\" width=\"630\" height=\"473\" srcset=\"https:\/\/bisbalpenedes.com\/web\/wp-content\/uploads\/2020\/04\/FOTO-ALIPROX-DONACIO-MATERIAL-COVID19-1024x768.jpg 1024w, https:\/\/bisbalpenedes.com\/web\/wp-content\/uploads\/2020\/04\/FOTO-ALIPROX-DONACIO-MATERIAL-COVID19-600x450.jpg 600w, https:\/\/bisbalpenedes.com\/web\/wp-content\/uploads\/2020\/04\/FOTO-ALIPROX-DONACIO-MATERIAL-COVID19-300x225.jpg 300w, https:\/\/bisbalpenedes.com\/web\/wp-content\/uploads\/2020\/04\/FOTO-ALIPROX-DONACIO-MATERIAL-COVID19-768x576.jpg 768w\" sizes=\"(max-width: 630px) 100vw, 630px\" \/><\/a><\/p>\n<p style=\"text-align: justify;\"><span style=\"color: #000000;\">Des de l\u2019Ajuntament de la Bisbal del Pened\u00e8s volem agrair la donaci\u00f3 que ha fet Aliprox Supermercats, consistent en:<\/span><\/p>\n<p style=\"text-align: justify; padding-left: 30px;\"><span style=\"color: #000000;\">-500 bosses d\u2019escombraries grans perqu\u00e8 el voluntariat faci bates per a l\u2019Hospital del Vendrell i per al servei d\u2019ambul\u00e0ncies.<\/span><br \/>\n<span style=\"color: #000000;\">-10 litres de desinfectant per a la neteja d\u2019espais municipals (terra, taules\u2026)<\/span><br \/>\n<span style=\"color: #000000;\">-5 litres de desinfectant per a les mans que es distribuir\u00e0 en ampolletes entre els usuaris del Rebost Solidari.<\/span><br \/>\n<span style=\"color: #000000;\">-10 capses de guants d&#8217;un sol \u00fa<span class=\"text_exposed_show\">s per al personal municipal.<\/span><\/span><\/p>\n<div class=\"text_exposed_show\">\n<p style=\"text-align: justify;\"><span style=\"color: #000000;\">Des de l\u2019Ajuntament de la Bisbal del Pened\u00e8s continuem treballant per resoldre consultes i gestions i per avan\u00e7ar el m\u00e0xim de feina possible per quan passi aquesta situaci\u00f3 generada per la Covid-19. Agra\u00efm molt\u00edssim totes les mostres de solidaritat que han anat sorgint al municipi i a la comarca i aprofitem aquesta publicaci\u00f3 per donar-vos les gr\u00e0cies a tots i totes.<\/span><\/p>\n<hr \/>\n<p style=\"text-align: justify;\"><span style=\"color: #000000;\"><b>CASTELLANO |\u00a0<\/b>Desde el Ayuntamiento de la Bisbal del Pened\u00e8s queremos agradecer la donaci\u00f3n que ha hecho Aliprox Supermercats, consistente en:<\/span><\/p>\n<p style=\"text-align: justify; padding-left: 30px;\"><span style=\"color: #000000;\">-500 bolsas de basura grandes para que el voluntariado haga batas para el Hospital del Vendrell y para el servicio de ambulancias.<\/span><br \/>\n<span style=\"color: #000000;\">-10 litros de desinfectante para la limpieza de espacios municipales (suelo, mesas\u2026)<\/span><br \/>\n<span style=\"color: #000000;\">-5 litros de desinfectante para las manos que se distribuir\u00e1 en botellitas entre los usuarios del Rebost Solidari.<br \/>\n<\/span><span style=\"color: #000000;\">-10 cajas de guantes de un solo uso para el personal municipal.<\/span><\/p>\n<p style=\"text-align: justify;\"><span style=\"color: #000000;\">Desde el Ayuntamiento de la Bisbal del Pened\u00e8s continuamos trabajando para resolver consultas y gestiones y para avanzar el m\u00e1ximo trabajo posible para cuando pase esta situaci\u00f3n generada por el Covid-19. Agradecemos much\u00edsimo todas las muestras de solidaridad que han ido surgiendo en el municipio y en la comarca y aprovechamos esta publicaci\u00f3n para daros las gracias a todos y todas.<\/span><\/p>\n<\/div>\n","protected":false},"excerpt":{"rendered":"<p>Des de l\u2019Ajuntament de la Bisbal del Pened\u00e8s volem agrair la donaci\u00f3 que ha fet Aliprox Supermercats, consistent en: -500 bosses d\u2019escombraries grans perqu\u00e8 el voluntariat faci bates per a &hellip; <a href=\"https:\/\/bisbalpenedes.com\/web\/2020\/04\/21\/agraiment-al-supermercat-aliprox-de-la-bisbal-del-penedes\/\" class=\"more-link\">Read More<\/a><\/p>\n","protected":false},"author":4,"featured_media":13090,"comment_status":"closed","ping_status":"closed","sticky":false,"template":"","format":"standard","meta":[],"categories":[2057],"tags":[3377,1912,3737,3738,845,361,1137,2644,1451],"_links":{"self":[{"href":"https:\/\/bisbalpenedes.com\/web\/wp-json\/wp\/v2\/posts\/13089"}],"collection":[{"href":"https:\/\/bisbalpenedes.com\/web\/wp-json\/wp\/v2\/posts"}],"about":[{"href":"https:\/\/bisbalpenedes.com\/web\/wp-json\/wp\/v2\/types\/post"}],"author":[{"embeddable":true,"href":"https:\/\/bisbalpenedes.com\/web\/wp-json\/wp\/v2\/users\/4"}],"replies":[{"embeddable":true,"href":"https:\/\/bisbalpenedes.com\/web\/wp-json\/wp\/v2\/comments?post=13089"}],"version-history":[{"count":5,"href":"https:\/\/bisbalpenedes.com\/web\/wp-json\/wp\/v2\/posts\/13089\/revisions"}],"predecessor-version":[{"id":13095,"href":"https:\/\/bisbalpenedes.com\/web\/wp-json\/wp\/v2\/posts\/13089\/revisions\/13095"}],"wp:featuredmedia":[{"embeddable":true,"href":"https:\/\/bisbalpenedes.com\/web\/wp-json\/wp\/v2\/media\/13090"}],"wp:attachment":[{"href":"https:\/\/bisbalpenedes.com\/web\/wp-json\/wp\/v2\/media?parent=13089"}],"wp:term":[{"taxonomy":"category","embeddable":true,"href":"https:\/\/bisbalpenedes.com\/web\/wp-json\/wp\/v2\/categories?post=13089"},{"taxonomy":"post_tag","embeddable":true,"href":"https:\/\/bisbalpenedes.com\/web\/wp-json\/wp\/v2\/tags?post=13089"}],"curies":[{"name":"wp","href":"https:\/\/api.w.org\/{rel}","templated":true}]}}