{"id":13083,"date":"2020-04-22T08:00:20","date_gmt":"2020-04-22T07:00:20","guid":{"rendered":"http:\/\/bisbalpenedes.com\/web\/?p=13083"},"modified":"2020-04-20T08:55:35","modified_gmt":"2020-04-20T07:55:35","slug":"agraiment-al-tecnic-de-cultura-i-arxiver-municipal","status":"publish","type":"post","link":"https:\/\/bisbalpenedes.com\/web\/2020\/04\/22\/agraiment-al-tecnic-de-cultura-i-arxiver-municipal\/","title":{"rendered":"Agra\u00efment al t\u00e8cnic de cultura i arxiver municipal"},"content":{"rendered":"<p style=\"text-align: justify;\"><span style=\"font-size: 10pt; font-family: Verdana, sans-serif; color: #000000;\">La biblioteca municipal est\u00e0 tancada al p\u00fablic com a mesura de prevenci\u00f3 davant la Covid-19, per\u00f2 el t\u00e8cnic treballa des de casa per regalar-nos les \u2018P\u00edndoles Bisbalenques\u2019 i preparar altres activitats culturals.<\/span><\/p>\n<p style=\"text-align: justify;\"><span style=\"font-size: 10pt; font-family: Verdana, sans-serif; color: #000000;\">Gr\u00e0cies per la teva feina i professionalitat.<\/span><\/p>\n<hr \/>\n<p style=\"text-align: justify;\"><span style=\"font-size: 10pt; font-family: Verdana, sans-serif; color: #000000;\">La biblioteca municipal est\u00e1 cerrada al p\u00fablico como medida de prevenci\u00f3n delante del Covid-19, pero el t\u00e9cnico trabaja desde casa para regalarnos las \u2018P\u00edndoles Bisbalenques\u2019 y preparar otras actividades culturales.<\/span><\/p>\n<p style=\"text-align: justify;\"><span style=\"font-size: 10pt; font-family: Verdana, sans-serif; color: #000000;\">Gracias por tu trabajo y profesionalidad.<\/span><\/p>\n<p style=\"text-align: justify;\"><a href=\"http:\/\/bisbalpenedes.com\/web\/wp-content\/uploads\/2020\/04\/JORDI-BIBLIOTECA-TELETREBALLANT.jpg\"><img loading=\"lazy\" class=\"aligncenter size-large wp-image-13084\" src=\"http:\/\/bisbalpenedes.com\/web\/wp-content\/uploads\/2020\/04\/JORDI-BIBLIOTECA-TELETREBALLANT-1024x1024.jpg\" alt=\"JORDI BIBLIOTECA TELETREBALLANT\" width=\"630\" height=\"630\" srcset=\"https:\/\/bisbalpenedes.com\/web\/wp-content\/uploads\/2020\/04\/JORDI-BIBLIOTECA-TELETREBALLANT-1024x1024.jpg 1024w, https:\/\/bisbalpenedes.com\/web\/wp-content\/uploads\/2020\/04\/JORDI-BIBLIOTECA-TELETREBALLANT-300x300.jpg 300w, https:\/\/bisbalpenedes.com\/web\/wp-content\/uploads\/2020\/04\/JORDI-BIBLIOTECA-TELETREBALLANT-100x100.jpg 100w, https:\/\/bisbalpenedes.com\/web\/wp-content\/uploads\/2020\/04\/JORDI-BIBLIOTECA-TELETREBALLANT-600x600.jpg 600w, https:\/\/bisbalpenedes.com\/web\/wp-content\/uploads\/2020\/04\/JORDI-BIBLIOTECA-TELETREBALLANT-150x150.jpg 150w, https:\/\/bisbalpenedes.com\/web\/wp-content\/uploads\/2020\/04\/JORDI-BIBLIOTECA-TELETREBALLANT-768x768.jpg 768w, https:\/\/bisbalpenedes.com\/web\/wp-content\/uploads\/2020\/04\/JORDI-BIBLIOTECA-TELETREBALLANT.jpg 1656w\" sizes=\"(max-width: 630px) 100vw, 630px\" \/><\/a><\/p>\n","protected":false},"excerpt":{"rendered":"<p>La biblioteca municipal est\u00e0 tancada al p\u00fablic com a mesura de prevenci\u00f3 davant la Covid-19, per\u00f2 el t\u00e8cnic treballa des de casa per regalar-nos les \u2018P\u00edndoles Bisbalenques\u2019 i preparar altres &hellip; <a href=\"https:\/\/bisbalpenedes.com\/web\/2020\/04\/22\/agraiment-al-tecnic-de-cultura-i-arxiver-municipal\/\" class=\"more-link\">Read More<\/a><\/p>\n","protected":false},"author":4,"featured_media":13084,"comment_status":"closed","ping_status":"closed","sticky":false,"template":"","format":"standard","meta":[],"categories":[2057],"tags":[3639,3736,180,1548],"_links":{"self":[{"href":"https:\/\/bisbalpenedes.com\/web\/wp-json\/wp\/v2\/posts\/13083"}],"collection":[{"href":"https:\/\/bisbalpenedes.com\/web\/wp-json\/wp\/v2\/posts"}],"about":[{"href":"https:\/\/bisbalpenedes.com\/web\/wp-json\/wp\/v2\/types\/post"}],"author":[{"embeddable":true,"href":"https:\/\/bisbalpenedes.com\/web\/wp-json\/wp\/v2\/users\/4"}],"replies":[{"embeddable":true,"href":"https:\/\/bisbalpenedes.com\/web\/wp-json\/wp\/v2\/comments?post=13083"}],"version-history":[{"count":2,"href":"https:\/\/bisbalpenedes.com\/web\/wp-json\/wp\/v2\/posts\/13083\/revisions"}],"predecessor-version":[{"id":13086,"href":"https:\/\/bisbalpenedes.com\/web\/wp-json\/wp\/v2\/posts\/13083\/revisions\/13086"}],"wp:featuredmedia":[{"embeddable":true,"href":"https:\/\/bisbalpenedes.com\/web\/wp-json\/wp\/v2\/media\/13084"}],"wp:attachment":[{"href":"https:\/\/bisbalpenedes.com\/web\/wp-json\/wp\/v2\/media?parent=13083"}],"wp:term":[{"taxonomy":"category","embeddable":true,"href":"https:\/\/bisbalpenedes.com\/web\/wp-json\/wp\/v2\/categories?post=13083"},{"taxonomy":"post_tag","embeddable":true,"href":"https:\/\/bisbalpenedes.com\/web\/wp-json\/wp\/v2\/tags?post=13083"}],"curies":[{"name":"wp","href":"https:\/\/api.w.org\/{rel}","templated":true}]}}