{"id":13072,"date":"2020-04-20T06:10:37","date_gmt":"2020-04-20T05:10:37","guid":{"rendered":"http:\/\/bisbalpenedes.com\/web\/?p=13072"},"modified":"2020-04-20T06:10:37","modified_gmt":"2020-04-20T05:10:37","slug":"agradecimiento-a-la-tecnica-de-ocupacion-y-cultura","status":"publish","type":"post","link":"https:\/\/bisbalpenedes.com\/web\/2020\/04\/20\/agradecimiento-a-la-tecnica-de-ocupacion-y-cultura\/","title":{"rendered":"Agradecimiento a la t\u00e9cnica de Ocupaci\u00f3n y Cultura"},"content":{"rendered":"<div class=\"\" data-block=\"true\" data-editor=\"864fs\" data-offset-key=\"8nk8n-0-0\">\n<div class=\"_1mf _1mj\" style=\"text-align: justify;\" data-offset-key=\"8nk8n-0-0\"><a href=\"http:\/\/bisbalpenedes.com\/web\/wp-content\/uploads\/2020\/04\/Arantzazu.jpg\"><img loading=\"lazy\" class=\"aligncenter size-medium wp-image-13074\" src=\"http:\/\/bisbalpenedes.com\/web\/wp-content\/uploads\/2020\/04\/Arantzazu-225x300.jpg\" alt=\"Arantzazu\" width=\"225\" height=\"300\" srcset=\"https:\/\/bisbalpenedes.com\/web\/wp-content\/uploads\/2020\/04\/Arantzazu-225x300.jpg 225w, https:\/\/bisbalpenedes.com\/web\/wp-content\/uploads\/2020\/04\/Arantzazu-600x800.jpg 600w, https:\/\/bisbalpenedes.com\/web\/wp-content\/uploads\/2020\/04\/Arantzazu-768x1024.jpg 768w, https:\/\/bisbalpenedes.com\/web\/wp-content\/uploads\/2020\/04\/Arantzazu.jpg 1056w\" sizes=\"(max-width: 225px) 100vw, 225px\" \/><\/a><\/div>\n<div class=\"_1mf _1mj\" style=\"text-align: justify;\" data-offset-key=\"8nk8n-0-0\"><\/div>\n<div class=\"_1mf _1mj\" style=\"text-align: justify;\" data-offset-key=\"8nk8n-0-0\"><span style=\"color: #000000;\" data-offset-key=\"8nk8n-0-0\">El Servei d\u2019Ocupaci\u00f3 Municipal segueix treballant des de casa, ara m\u00e9s que mai, amb ofertes vigents, fent el seguiment dels usuaris i usu\u00e0ries i publicant les novetats que van sorgint per a empleats, aturats, aut\u00f2noms i empresaris.<\/span><\/div>\n<\/div>\n<div class=\"\" style=\"text-align: justify;\" data-block=\"true\" data-editor=\"864fs\" data-offset-key=\"7bkla-0-0\">\n<div class=\"_1mf _1mj\" data-offset-key=\"7bkla-0-0\"><span style=\"color: #000000;\" data-offset-key=\"7bkla-0-0\">Des de Joventut s\u2019estan elaborant f\u00f3rmules telem\u00e0tiques per a la participaci\u00f3 dels joves en la confecci\u00f3 del Pla local de joventut.<\/span><\/div>\n<\/div>\n<div class=\"\" style=\"text-align: justify;\" data-block=\"true\" data-editor=\"864fs\" data-offset-key=\"2sav2-0-0\">\n<div class=\"_1mf _1mj\" data-offset-key=\"2sav2-0-0\"><span style=\"color: #000000;\" data-offset-key=\"2sav2-0-0\">Gr\u00e0cies per la feina i professionalitat.<\/span><\/div>\n<\/div>\n<div class=\"\" style=\"text-align: justify;\" data-block=\"true\" data-editor=\"864fs\" data-offset-key=\"79s3g-0-0\">\n<div class=\"_1mf _1mj\" data-offset-key=\"79s3g-0-0\"><span style=\"color: #000000;\" data-offset-key=\"79s3g-0-0\">\u00a0<\/span><\/div>\n<\/div>\n<div class=\"\" style=\"text-align: justify;\" data-block=\"true\" data-editor=\"864fs\" data-offset-key=\"e8hkt-0-0\">\n<div class=\"_1mf _1mj\" data-offset-key=\"e8hkt-0-0\">\n<hr \/>\n<p><span style=\"color: #000000;\" data-offset-key=\"e8hkt-0-0\"><br \/>\n<\/span><\/div>\n<\/div>\n<div class=\"\" style=\"text-align: justify;\" data-block=\"true\" data-editor=\"864fs\" data-offset-key=\"b6ld5-0-0\">\n<div class=\"_1mf _1mj\" data-offset-key=\"b6ld5-0-0\"><span style=\"color: #000000;\"><strong>CASTELLANO |<\/strong> El Servicio de Ocupaci\u00f3n Municipal sigue trabajando desde casa, ahora m\u00e1s que nunca, con ofertas vigentes, haciendo el seguimiento de los usuarios y usuarias y publicando las novedades que van surgiendo para empleados, parados, aut\u00f3nomos y empresarios.<\/span><\/div>\n<\/div>\n<div class=\"\" style=\"text-align: justify;\" data-block=\"true\" data-editor=\"864fs\" data-offset-key=\"d1og4-0-0\">\n<div class=\"_1mf _1mj\" data-offset-key=\"d1og4-0-0\"><span style=\"color: #000000;\" data-offset-key=\"d1og4-0-0\">Por otro lado, desde Juventud se est\u00e1n elaborando f\u00f3rmulas telem\u00e1ticas para la participaci\u00f3n de los j\u00f3venes en la confecci\u00f3n del Plan local de juventud.<\/span><\/div>\n<\/div>\n<div class=\"\" data-block=\"true\" data-editor=\"864fs\" data-offset-key=\"35jkd-0-0\">\n<div class=\"_1mf _1mj\" style=\"text-align: justify;\" data-offset-key=\"35jkd-0-0\"><span style=\"color: #000000;\" data-offset-key=\"35jkd-0-0\">Gracias por el trabajo y la profesionalidad.<\/span><\/div>\n<\/div>\n","protected":false},"excerpt":{"rendered":"<p>El Servei d\u2019Ocupaci\u00f3 Municipal segueix treballant des de casa, ara m\u00e9s que mai, amb ofertes vigents, fent el seguiment dels usuaris i usu\u00e0ries i publicant les novetats que van sorgint &hellip; <a href=\"https:\/\/bisbalpenedes.com\/web\/2020\/04\/20\/agradecimiento-a-la-tecnica-de-ocupacion-y-cultura\/\" class=\"more-link\">Read More<\/a><\/p>\n","protected":false},"author":4,"featured_media":13073,"comment_status":"closed","ping_status":"closed","sticky":false,"template":"","format":"standard","meta":[],"categories":[2057],"tags":[3639,3559,210,10,271,3647],"_links":{"self":[{"href":"https:\/\/bisbalpenedes.com\/web\/wp-json\/wp\/v2\/posts\/13072"}],"collection":[{"href":"https:\/\/bisbalpenedes.com\/web\/wp-json\/wp\/v2\/posts"}],"about":[{"href":"https:\/\/bisbalpenedes.com\/web\/wp-json\/wp\/v2\/types\/post"}],"author":[{"embeddable":true,"href":"https:\/\/bisbalpenedes.com\/web\/wp-json\/wp\/v2\/users\/4"}],"replies":[{"embeddable":true,"href":"https:\/\/bisbalpenedes.com\/web\/wp-json\/wp\/v2\/comments?post=13072"}],"version-history":[{"count":1,"href":"https:\/\/bisbalpenedes.com\/web\/wp-json\/wp\/v2\/posts\/13072\/revisions"}],"predecessor-version":[{"id":13075,"href":"https:\/\/bisbalpenedes.com\/web\/wp-json\/wp\/v2\/posts\/13072\/revisions\/13075"}],"wp:featuredmedia":[{"embeddable":true,"href":"https:\/\/bisbalpenedes.com\/web\/wp-json\/wp\/v2\/media\/13073"}],"wp:attachment":[{"href":"https:\/\/bisbalpenedes.com\/web\/wp-json\/wp\/v2\/media?parent=13072"}],"wp:term":[{"taxonomy":"category","embeddable":true,"href":"https:\/\/bisbalpenedes.com\/web\/wp-json\/wp\/v2\/categories?post=13072"},{"taxonomy":"post_tag","embeddable":true,"href":"https:\/\/bisbalpenedes.com\/web\/wp-json\/wp\/v2\/tags?post=13072"}],"curies":[{"name":"wp","href":"https:\/\/api.w.org\/{rel}","templated":true}]}}