{"id":13055,"date":"2020-04-19T16:45:33","date_gmt":"2020-04-19T15:45:33","guid":{"rendered":"http:\/\/bisbalpenedes.com\/web\/?p=13055"},"modified":"2020-04-19T16:50:06","modified_gmt":"2020-04-19T15:50:06","slug":"ara-podeu-veure-les-pellicules-del-cicle-gaudi-online-a-traves-de-www-filmin-cat","status":"publish","type":"post","link":"https:\/\/bisbalpenedes.com\/web\/2020\/04\/19\/ara-podeu-veure-les-pellicules-del-cicle-gaudi-online-a-traves-de-www-filmin-cat\/","title":{"rendered":"Les pel\u00b7l\u00edcules del Cicle Gaud\u00ed es podran veure en l\u00ednia a trav\u00e9s de www.filmin.cat mentre duri el confinament"},"content":{"rendered":"<p style=\"text-align: justify;\"><a href=\"http:\/\/bisbalpenedes.com\/web\/wp-content\/uploads\/2020\/04\/1200x630_FB.jpg\"><img loading=\"lazy\" class=\"aligncenter size-large wp-image-13057\" src=\"http:\/\/bisbalpenedes.com\/web\/wp-content\/uploads\/2020\/04\/1200x630_FB-1024x538.jpg\" alt=\"1200x630_FB\" width=\"630\" height=\"331\" srcset=\"https:\/\/bisbalpenedes.com\/web\/wp-content\/uploads\/2020\/04\/1200x630_FB-1024x538.jpg 1024w, https:\/\/bisbalpenedes.com\/web\/wp-content\/uploads\/2020\/04\/1200x630_FB-600x315.jpg 600w, https:\/\/bisbalpenedes.com\/web\/wp-content\/uploads\/2020\/04\/1200x630_FB-300x158.jpg 300w, https:\/\/bisbalpenedes.com\/web\/wp-content\/uploads\/2020\/04\/1200x630_FB-768x403.jpg 768w, https:\/\/bisbalpenedes.com\/web\/wp-content\/uploads\/2020\/04\/1200x630_FB.jpg 1200w\" sizes=\"(max-width: 630px) 100vw, 630px\" \/><\/a><\/p>\n<p style=\"text-align: justify;\"><span style=\"color: #000000;\">Trobeu a faltar les pel\u00b7l\u00edcules que projectem cada mes al CMC? El Cicle Gaud\u00ed ha engegat una iniciativa en l\u00ednia que us permetr\u00e0 recuperar online els t\u00edtols que han passat per les sales del cicle i dialogar amb els seus creadors\/es i actors\/actrius protagonistes. Aquesta iniciativa s\u2019engega gr\u00e0cies a la col\u00b7laboraci\u00f3 de la plataforma FilminCAT i l\u2019Institut Catal\u00e0 de les Empreses Culturals amb l\u2019objectiu d\u2019apropar el cinema catal\u00e0 al m\u00e0xim de p\u00fablic possible durant el confinament.<\/span><\/p>\n<p style=\"text-align: justify;\"><span style=\"color: #000000;\">La primera cita amb el Cicle Gaud\u00ed online va des d\u2019avui 19 d\u2019abril fins al 22 d\u2019abril i el film escollit \u00e9s \u201cLa hija de un ladr\u00f3n\u201d, que es va poder veure a l\u2019Auditori Salb\u00e0 del CMC el passat mes de febrer i que va guanyar els premis Gaud\u00ed a la millor pel\u00b7l\u00edcula en llengua catalana, al millor gui\u00f3 i a la millor direcci\u00f3. La pel\u00b7l\u00edcula es podr\u00e0 veure fins al dimecres 22 d\u2019abril a les 19h. Els espectadors podreu llogar i veure la pel\u00b7l\u00edcula a FilminCAT i rebre autom\u00e0ticament una subscripci\u00f3 mensual a la plataforma. A m\u00e9s, dia 21 d\u2019abril, a les 19h, podreu dialogar amb Bel\u00e9n Funes i Greta Fern\u00e1ndez, directora i actriu protagonista de \u201cLa hija de un ladr\u00f3n\u201d a trav\u00e9s d\u2019un Instagram Live al canal @academiacinecat.<\/span><\/p>\n<p style=\"text-align: justify;\"><span style=\"color: #000000;\">DETALLS SOBRE EL FUNCIONAMENT:<\/span><\/p>\n<p style=\"padding-left: 30px; text-align: justify;\"><span style=\"color: #000000;\">&#8211; Entra a FILMIN <a style=\"color: #000000;\" href=\"https:\/\/www.filmin.cat\">https:\/\/www.filmin.cat<\/a> i lloga la pel\u00b7l\u00edcula en q\u00fcesti\u00f3, en aquest cas &#8220;LA HIJA DE UN LADR\u00d3N&#8221; entre les 00h del diumenge 19 d&#8217;abril i les 19h del dimecres 22 d&#8217;abril.<\/span><\/p>\n<p style=\"padding-left: 30px; text-align: justify;\"><span style=\"color: #000000;\">&#8211; Si la llogues durant aquests dies, guanyar\u00e0s autom\u00e0ticament UN MES DE SUBSCRIPCI\u00d3 GRATU\u00cfT A FILMINCAT.<\/span><\/p>\n<p style=\"padding-left: 30px; text-align: justify;\"><span style=\"color: #000000;\">&#8211; A les 19h del dia 21 d&#8217;abril l&#8217;Acad\u00e8mia engegar\u00e0 un INSTAGRAM LIVE al canal @ACADEMIACINECAT d\u2019Instagram amb l&#8217;equip art\u00edstic de la pel\u00b7l\u00edcula, on el p\u00fablic podr\u00e0 llan\u00e7ar les seves preguntes i fer comentaris.<\/span><\/p>\n<p style=\"padding-left: 30px; text-align: justify;\"><span style=\"color: #000000;\">&#8211; Per participar en aquestes trobades nom\u00e9s has de visitar el canal d&#8217;Instagram de l&#8217;Acad\u00e8mia @ACADEMIACINECAT i escriure les teves preguntes i comentaris.<\/span><\/p>\n<hr \/>\n<p style=\"text-align: justify;\"><span style=\"color: #000000;\"><strong>CASTELLANO|\u00a0<\/strong>\u00bfEch\u00e1is de menos las pel\u00edculas que proyectamos cada mes en el CMC? El Cicle Gaud\u00ed lleva a cabo una iniciativa en l\u00ednea que os permitir\u00e1 recuperar online los t\u00edtulos que han pasado por las salas del ciclo y dialogar con sus creadores\/as y actores\/actrices protagonistas. Esta iniciativa arranca gracias a la colaboraci\u00f3n de la plataforma FilminCAT y el Institut Catal\u00e0 de las Empresas Culturales con el objetivo de acercar el cine catal\u00e1n al m\u00e1ximo de p\u00fablico posible durante el confinamiento.<\/span><\/p>\n<p style=\"text-align: justify;\"><span style=\"color: #000000;\">La primera cita con el Cicle Gaud\u00ed online va desde hoy 19 de abril hasta el 22 de abril y el film elegido es \u201cLa hija de un ladr\u00f3n\u201d, que se pudo ver en el Auditorio Salb\u00e0 del CMC el pasado mes de febrero y que gan\u00f3 los premios Gaud\u00ed a la mejor pel\u00edcula en lengua catalana, al mejor gui\u00f3n y a la mejor direcci\u00f3n. La pel\u00edcula se podr\u00e1 ver hasta el mi\u00e9rcoles 22 de abril a las 19h. Los espectadores podr\u00e9is alquilar y ver la pel\u00edcula en FilminCAT y recibir autom\u00e1ticamente una suscripci\u00f3n mensual a la plataforma. Adem\u00e1s, el d\u00eda 21 de abril, a las 19h, podr\u00e9is dialogar con Bel\u00e9n Funes y Greta Fern\u00e1ndez, directora y actriz protagonista de \u201cLa hija de un ladr\u00f3n\u201d a trav\u00e9s de un Instagram Live en el canal @academiacinecat.<\/span><\/p>\n<p style=\"text-align: justify;\"><span style=\"color: #000000;\"><strong>DETALLES SOBRE EL FUNCIONAMIENTO:<\/strong><\/span><\/p>\n<p style=\"padding-left: 30px; text-align: justify;\"><span style=\"color: #000000;\">-Entra en FILMIN <a style=\"color: #000000;\" href=\"https:\/\/www.filmin.cat\">https:\/\/www.filmin.cat<\/a> y alquila la pel\u00edcula en cuesti\u00f3n, en este caso \u201cLA HIJA DE UN LADR\u00d3N\u201d entre las 00h del domingo 19 de abril y las 19h del mi\u00e9rcoles 22 de abril.<\/span><\/p>\n<p style=\"padding-left: 30px; text-align: justify;\"><span style=\"color: #000000;\">-Si la alquilas durante estos d\u00edas, ganar\u00e1s autom\u00e1ticamente UN MES DE SUSCRIPCI\u00d3N GRATUITO EN FILMINCAT.<\/span><\/p>\n<p style=\"padding-left: 30px; text-align: justify;\"><span style=\"color: #000000;\">-A las 19h del d\u00eda 21 de abril la Academia iniciar\u00e1 un INSTAGRAM LIVE en el canal @ACADEMIACINECAT de Instagram con el equipo art\u00edstico de la pel\u00edcula, donde el p\u00fablico podr\u00e1 hacer sus preguntas y comentarios.<\/span><\/p>\n<p style=\"padding-left: 30px; text-align: justify;\"><span style=\"color: #000000;\">-Para participar en estos encuentros solamente tienes que visitar el canal de Instagram de la Academia @ACADEMIACINECAT y escribir tus preguntas y comentarios.<\/span><\/p>\n<p>&nbsp;<\/p>\n<p>&nbsp;<\/p>\n","protected":false},"excerpt":{"rendered":"<p>Trobeu a faltar les pel\u00b7l\u00edcules que projectem cada mes al CMC? El Cicle Gaud\u00ed ha engegat una iniciativa en l\u00ednia que us permetr\u00e0 recuperar online els t\u00edtols que han passat &hellip; <a href=\"https:\/\/bisbalpenedes.com\/web\/2020\/04\/19\/ara-podeu-veure-les-pellicules-del-cicle-gaudi-online-a-traves-de-www-filmin-cat\/\" class=\"more-link\">Read More<\/a><\/p>\n","protected":false},"author":4,"featured_media":13056,"comment_status":"closed","ping_status":"closed","sticky":false,"template":"","format":"standard","meta":[],"categories":[13],"tags":[308,307,761,3723,2436,754],"_links":{"self":[{"href":"https:\/\/bisbalpenedes.com\/web\/wp-json\/wp\/v2\/posts\/13055"}],"collection":[{"href":"https:\/\/bisbalpenedes.com\/web\/wp-json\/wp\/v2\/posts"}],"about":[{"href":"https:\/\/bisbalpenedes.com\/web\/wp-json\/wp\/v2\/types\/post"}],"author":[{"embeddable":true,"href":"https:\/\/bisbalpenedes.com\/web\/wp-json\/wp\/v2\/users\/4"}],"replies":[{"embeddable":true,"href":"https:\/\/bisbalpenedes.com\/web\/wp-json\/wp\/v2\/comments?post=13055"}],"version-history":[{"count":3,"href":"https:\/\/bisbalpenedes.com\/web\/wp-json\/wp\/v2\/posts\/13055\/revisions"}],"predecessor-version":[{"id":13060,"href":"https:\/\/bisbalpenedes.com\/web\/wp-json\/wp\/v2\/posts\/13055\/revisions\/13060"}],"wp:featuredmedia":[{"embeddable":true,"href":"https:\/\/bisbalpenedes.com\/web\/wp-json\/wp\/v2\/media\/13056"}],"wp:attachment":[{"href":"https:\/\/bisbalpenedes.com\/web\/wp-json\/wp\/v2\/media?parent=13055"}],"wp:term":[{"taxonomy":"category","embeddable":true,"href":"https:\/\/bisbalpenedes.com\/web\/wp-json\/wp\/v2\/categories?post=13055"},{"taxonomy":"post_tag","embeddable":true,"href":"https:\/\/bisbalpenedes.com\/web\/wp-json\/wp\/v2\/tags?post=13055"}],"curies":[{"name":"wp","href":"https:\/\/api.w.org\/{rel}","templated":true}]}}