{"id":1303,"date":"2015-09-30T23:14:27","date_gmt":"2015-09-30T17:14:27","guid":{"rendered":"http:\/\/bisbalpenedes.com\/web\/?p=1303"},"modified":"2015-09-30T23:14:27","modified_gmt":"2015-09-30T17:14:27","slug":"la-fira-2015","status":"publish","type":"post","link":"https:\/\/bisbalpenedes.com\/web\/2015\/09\/30\/la-fira-2015\/","title":{"rendered":"La Fira 2015"},"content":{"rendered":"<p>Aquest diumenge 4 d\u2019octubre veniu tots a una Fira plena d\u2019activitats i esdeveniments<br \/>\nDESENA FIRA ARTESANAL<br \/>\nDe 10 a 14 h i de 17 a 19 h a la Pla\u00e7a de l\u2019Esgl\u00e9sia, Fira artesanal amb roba, vidre, artesania, quadres, fusta, bijuteria, productes de la terra i tot tipus de  productes artesanals A la mateixa hora PRIMERA FIRA D\u2019ENTITATS: les entitats de la Vila ens mostren les seves activitats<br \/>\n17\u00aa TROBADA GEGANTERA DE LES COMARQUES MERIDIONALS<br \/>\nAl mat\u00ed a la Societat, amb motiu dels 40 anys del Sebasti\u00e0 i la Margarida. Organitza Geganters de la Societat<br \/>\nXIX TROBADA DE PUNTAIRES<br \/>\nA les 10:30 h Concentraci\u00f3 de les puntaires a la pla\u00e7a i inici  A les 12:00 h Salutaci\u00f3 de l\u2019Alcaldessa i autoritats A les 13:30 h Lliurament d\u2019un obsequi als assistents Organitza Taller de Puntes de la Bisbal<br \/>\nT\u00d3MBOLA DE LA PARR\u00d2QUIA<br \/>\nDurant tot el mat\u00ed, t\u00f3mbola de la Parr\u00f2quia a la pla\u00e7a de l\u2019Esgl\u00e9sia amb gran varietat d\u2019objectes<br \/>\nJOCS DE FESTA I FUSTA<br \/>\nDe les 17h a les 10 h a la pla\u00e7a de l\u2019Esgl\u00e9sia, Jocs de Fusta per a tots els nens<br \/>\nPR SENDERISTES<br \/>\nA LES 18H A L\u2019Era de Batre, Inauguraci\u00f3 del nou sender PR.224 La Bisbal \u2013 Sant Marg\u00ed de la Brufaganya<\/p>\n<p>Durant tot el dia hi haur\u00e0 un punt de recollida del Banc d\u2019Aliments a la Pla\u00e7a de l\u2019Esgl\u00e9sia. Hi podeu aportar conserves, sucre, farina, llet i productes d\u2019higiene personal<br \/>\n<a href=\"http:\/\/bisbalpenedes.com\/web\/wp-content\/uploads\/2015\/09\/FIRA-2015-LOGO-A.jpg\"><img loading=\"lazy\" src=\"http:\/\/bisbalpenedes.com\/web\/wp-content\/uploads\/2015\/09\/FIRA-2015-LOGO-A.jpg\" alt=\"\" title=\"FIRA-2015-LOGO-A\" width=\"1001\" height=\"367\" class=\"alignleft size-full wp-image-1304\" srcset=\"https:\/\/bisbalpenedes.com\/web\/wp-content\/uploads\/2015\/09\/FIRA-2015-LOGO-A.jpg 1001w, https:\/\/bisbalpenedes.com\/web\/wp-content\/uploads\/2015\/09\/FIRA-2015-LOGO-A-600x220.jpg 600w, https:\/\/bisbalpenedes.com\/web\/wp-content\/uploads\/2015\/09\/FIRA-2015-LOGO-A-300x109.jpg 300w\" sizes=\"(max-width: 1001px) 100vw, 1001px\" \/><\/a><\/p>\n","protected":false},"excerpt":{"rendered":"<p>Aquest diumenge 4 d\u2019octubre veniu tots a una Fira plena d\u2019activitats i esdeveniments DESENA FIRA ARTESANAL De 10 a 14 h i de 17 a 19 h a la Pla\u00e7a &hellip; <a href=\"https:\/\/bisbalpenedes.com\/web\/2015\/09\/30\/la-fira-2015\/\" class=\"more-link\">Read More<\/a><\/p>\n","protected":false},"author":1,"featured_media":1304,"comment_status":"closed","ping_status":"open","sticky":false,"template":"","format":"standard","meta":[],"categories":[13],"tags":[84],"_links":{"self":[{"href":"https:\/\/bisbalpenedes.com\/web\/wp-json\/wp\/v2\/posts\/1303"}],"collection":[{"href":"https:\/\/bisbalpenedes.com\/web\/wp-json\/wp\/v2\/posts"}],"about":[{"href":"https:\/\/bisbalpenedes.com\/web\/wp-json\/wp\/v2\/types\/post"}],"author":[{"embeddable":true,"href":"https:\/\/bisbalpenedes.com\/web\/wp-json\/wp\/v2\/users\/1"}],"replies":[{"embeddable":true,"href":"https:\/\/bisbalpenedes.com\/web\/wp-json\/wp\/v2\/comments?post=1303"}],"version-history":[{"count":1,"href":"https:\/\/bisbalpenedes.com\/web\/wp-json\/wp\/v2\/posts\/1303\/revisions"}],"predecessor-version":[{"id":1305,"href":"https:\/\/bisbalpenedes.com\/web\/wp-json\/wp\/v2\/posts\/1303\/revisions\/1305"}],"wp:featuredmedia":[{"embeddable":true,"href":"https:\/\/bisbalpenedes.com\/web\/wp-json\/wp\/v2\/media\/1304"}],"wp:attachment":[{"href":"https:\/\/bisbalpenedes.com\/web\/wp-json\/wp\/v2\/media?parent=1303"}],"wp:term":[{"taxonomy":"category","embeddable":true,"href":"https:\/\/bisbalpenedes.com\/web\/wp-json\/wp\/v2\/categories?post=1303"},{"taxonomy":"post_tag","embeddable":true,"href":"https:\/\/bisbalpenedes.com\/web\/wp-json\/wp\/v2\/tags?post=1303"}],"curies":[{"name":"wp","href":"https:\/\/api.w.org\/{rel}","templated":true}]}}